{"id":1563,"date":"2019-01-23T20:03:30","date_gmt":"2019-01-23T19:03:30","guid":{"rendered":"http:\/\/agora.xtec.cat\/iesdecelra\/?p=1563"},"modified":"2019-01-23T20:13:36","modified_gmt":"2019-01-23T19:13:36","slug":"educacio-financera-a-les-escoles-de-catalunya","status":"publish","type":"post","link":"https:\/\/agora.xtec.cat\/iesdecelra\/cursos\/eso\/eso-4\/educacio-financera-a-les-escoles-de-catalunya\/","title":{"rendered":"EDUCACI\u00d3 FINANCERA A LES ESCOLES DE CATALUNYA"},"content":{"rendered":"<p style=\"text-align: justify;\"><span style=\"font-weight: 400;\">Aquest dilluns 21 de gener, els alumnes de 4t d\u2019ESO de l\u2019optativa d\u2019Economia han participat en un dels tallers organitzats per l\u2019Institut d\u2019Estudis Financers, el Departament d\u2019Ensenyament, la Vicepresid\u00e8ncia d\u2019Economia i Hisenda de la Generalitat i diferents entitats financeres.<\/span><\/p>\n<p style=\"text-align: justify;\"><span style=\"font-weight: 400;\">L\u2019objectiu dels tallers \u00e9s formar els joves perqu\u00e8 prenguin decisions financeres amb coneixement, que tinguin millors compet\u00e8ncies per poder gestionar i augmentar els estalvis i evitar episodis com l\u2019endeutament o l\u2019exclusi\u00f3 financera.<\/span><\/p>\n<p style=\"text-align: justify;\"><span style=\"font-weight: 400;\">Aquests tallers de formaci\u00f3 financera b\u00e0sica i pr\u00e0ctica s\u00f3n portats a terme per treballadors del sector bancari-financer (voluntaris) amb material dissenyat exclusivament per a aquest programa.<\/span><\/p>\n<p style=\"text-align: justify;\"><span style=\"font-weight: 400;\">Aquest primer taller en qu\u00e8 hem participat ha estat:\u00a0<\/span><span style=\"font-family: inherit; font-size: 1em;\"><em>Administrant els teus diners: gesti\u00f3 dels pressupostos personals<\/em>.<\/span><\/p>\n<p style=\"text-align: justify;\"><span style=\"font-weight: 400;\">I properament participarem en els seg\u00fcents tallers:<\/span><\/p>\n<p style=\"text-align: justify;\"><span style=\"font-weight: 400;\">14 de febrer: <em>Endeutar-se? Amb seny!<\/em><\/span><\/p>\n<p style=\"text-align: justify;\"><span style=\"font-weight: 400;\">4 de mar\u00e7: <em>Inversi\u00f3 intel\u00b7ligent.<\/em><\/span><\/p>\n<p style=\"text-align: justify;\"><span style=\"font-weight: 400;\">4 d&#8217;abril: <em>Els impostos i tu.<\/em><\/span><\/p>\n<p><a href=\"https:\/\/agora.xtec.cat\/iesdecelra\/wp-content\/uploads\/usu1789\/2019\/01\/economia.jpg\"><img loading=\"lazy\" decoding=\"async\" class=\"wp-image-1564 aligncenter\" src=\"https:\/\/agora.xtec.cat\/iesdecelra\/wp-content\/uploads\/usu1789\/2019\/01\/economia.jpg\" alt=\"\" width=\"537\" height=\"716\" srcset=\"https:\/\/agora.xtec.cat\/iesdecelra\/wp-content\/uploads\/usu1789\/2019\/01\/economia.jpg 600w, https:\/\/agora.xtec.cat\/iesdecelra\/wp-content\/uploads\/usu1789\/2019\/01\/economia-225x300.jpg 225w\" sizes=\"auto, (max-width: 537px) 100vw, 537px\" \/><\/a><\/p>\n<p>&nbsp;<\/p>\n","protected":false},"excerpt":{"rendered":"<p>Aquest dilluns 21 de gener, els alumnes de 4t d\u2019ESO de l\u2019optativa d\u2019Economia han participat en un dels tallers organitzats per l\u2019Institut d\u2019Estudis Financers, el Departament d\u2019Ensenyament, la Vicepresid\u00e8ncia d\u2019Economia i Hisenda de la Generalitat i diferents entitats financeres.<br \/>\nL\u2019objectiu dels tallers \u00e9s formar els joves&hellip;  <a href=\"https:\/\/agora.xtec.cat\/iesdecelra\/cursos\/eso\/eso-4\/educacio-financera-a-les-escoles-de-catalunya\/\" title=\"Read EDUCACI\u00d3 FINANCERA A LES ESCOLES DE CATALUNYA\">Llegeix m\u00e9s\u00bb<\/a><\/p>\n","protected":false},"author":1,"featured_media":1565,"comment_status":"closed","ping_status":"closed","sticky":false,"template":"","format":"standard","meta":{"_bbp_topic_count":0,"_bbp_reply_count":0,"_bbp_total_topic_count":0,"_bbp_total_reply_count":0,"_bbp_voice_count":0,"_bbp_anonymous_reply_count":0,"_bbp_topic_count_hidden":0,"_bbp_reply_count_hidden":0,"_bbp_forum_subforum_count":0,"footnotes":""},"categories":[103,7],"tags":[117,161],"class_list":["post-1563","post","type-post","status-publish","format-standard","has-post-thumbnail","hentry","category-actualitat","category-eso-4","tag-curs-2018-2019","tag-economia"],"post_mailing_queue_ids":[],"_links":{"self":[{"href":"https:\/\/agora.xtec.cat\/iesdecelra\/wp-json\/wp\/v2\/posts\/1563","targetHints":{"allow":["GET"]}}],"collection":[{"href":"https:\/\/agora.xtec.cat\/iesdecelra\/wp-json\/wp\/v2\/posts"}],"about":[{"href":"https:\/\/agora.xtec.cat\/iesdecelra\/wp-json\/wp\/v2\/types\/post"}],"author":[{"embeddable":true,"href":"https:\/\/agora.xtec.cat\/iesdecelra\/wp-json\/wp\/v2\/users\/1"}],"replies":[{"embeddable":true,"href":"https:\/\/agora.xtec.cat\/iesdecelra\/wp-json\/wp\/v2\/comments?post=1563"}],"version-history":[{"count":1,"href":"https:\/\/agora.xtec.cat\/iesdecelra\/wp-json\/wp\/v2\/posts\/1563\/revisions"}],"predecessor-version":[{"id":1567,"href":"https:\/\/agora.xtec.cat\/iesdecelra\/wp-json\/wp\/v2\/posts\/1563\/revisions\/1567"}],"wp:featuredmedia":[{"embeddable":true,"href":"https:\/\/agora.xtec.cat\/iesdecelra\/wp-json\/wp\/v2\/media\/1565"}],"wp:attachment":[{"href":"https:\/\/agora.xtec.cat\/iesdecelra\/wp-json\/wp\/v2\/media?parent=1563"}],"wp:term":[{"taxonomy":"category","embeddable":true,"href":"https:\/\/agora.xtec.cat\/iesdecelra\/wp-json\/wp\/v2\/categories?post=1563"},{"taxonomy":"post_tag","embeddable":true,"href":"https:\/\/agora.xtec.cat\/iesdecelra\/wp-json\/wp\/v2\/tags?post=1563"}],"curies":[{"name":"wp","href":"https:\/\/api.w.org\/{rel}","templated":true}]}}