{"id":1454,"date":"2019-01-09T10:55:36","date_gmt":"2019-01-09T09:55:36","guid":{"rendered":"http:\/\/agora.xtec.cat\/iesdecelra\/?p=1454"},"modified":"2019-01-10T21:19:27","modified_gmt":"2019-01-10T20:19:27","slug":"8-de-gener-de-2019","status":"publish","type":"post","link":"https:\/\/agora.xtec.cat\/iesdecelra\/general\/musica-de-la-setmana\/8-de-gener-de-2019\/","title":{"rendered":"8 de gener de 2019"},"content":{"rendered":"<p>Aquesta setmana la can\u00e7\u00f3 ens fa cantar!<\/p>\n<p>Heu dedu\u00eft les lleng\u00fces? Ja sabeu qu\u00e8 diu la lletra m\u00e9s enll\u00e0 del &#8220;<em>sin pensar, sin pensar<\/em>&#8230;&#8221;?<\/p>\n<p>Us enllacem el videoclip de la can\u00e7\u00f3 <em>Qu\u00e9 vendr\u00e1<\/em> de ZAZ i la lletra perqu\u00e8 encara pugueu cantar-la m\u00e9s!<\/p>\n<p><iframe loading=\"lazy\" title=\"ZAZ \u2013 Qu\u00e9 vendr\u00e1 Clip\" width=\"500\" height=\"281\" src=\"https:\/\/www.youtube.com\/embed\/D2DxkpFrcGY?feature=oembed\" frameborder=\"0\" allow=\"accelerometer; autoplay; clipboard-write; encrypted-media; gyroscope; picture-in-picture; web-share\" referrerpolicy=\"strict-origin-when-cross-origin\" allowfullscreen><\/iframe><\/p>\n<p>&nbsp;<\/p>\n<p><a href=\"https:\/\/agora.xtec.cat\/iesdecelra\/wp-content\/uploads\/usu1789\/2019\/01\/Captura-de-pantalla-2019-01-10-a-les-21.17.36.png\"><img loading=\"lazy\" decoding=\"async\" class=\"size-large wp-image-1468 aligncenter\" src=\"https:\/\/agora.xtec.cat\/iesdecelra\/wp-content\/uploads\/usu1789\/2019\/01\/Captura-de-pantalla-2019-01-10-a-les-21.17.36-513x1024.png\" alt=\"\" width=\"513\" height=\"1024\" srcset=\"https:\/\/agora.xtec.cat\/iesdecelra\/wp-content\/uploads\/usu1789\/2019\/01\/Captura-de-pantalla-2019-01-10-a-les-21.17.36-513x1024.png 513w, https:\/\/agora.xtec.cat\/iesdecelra\/wp-content\/uploads\/usu1789\/2019\/01\/Captura-de-pantalla-2019-01-10-a-les-21.17.36-150x300.png 150w, https:\/\/agora.xtec.cat\/iesdecelra\/wp-content\/uploads\/usu1789\/2019\/01\/Captura-de-pantalla-2019-01-10-a-les-21.17.36.png 526w\" sizes=\"auto, (max-width: 513px) 100vw, 513px\" \/><\/a><\/p>\n","protected":false},"excerpt":{"rendered":"<p>Aquesta setmana la can\u00e7\u00f3 ens fa cantar!<br \/>\nHeu dedu\u00eft les lleng\u00fces? Ja sabeu qu\u00e8 diu la lletra m\u00e9s enll\u00e0 del &#8220;sin pensar, sin pensar&#8230;&#8221;?<br \/>\nUs enllacem el videoclip de la can\u00e7\u00f3 Qu\u00e9 vendr\u00e1 de ZAZ i la lletra perqu\u00e8 encara pugueu cantar-la m\u00e9s!<\/p>\n<p>&nbsp;<br \/>\n<a href=\"https:\/\/agora.xtec.cat\/iesdecelra\/wp-content\/uploads\/usu1789\/2019\/01\/Captura-de-pantalla-2019-01-10-a-les-21.17.36.png\"><\/a><\/p>\n","protected":false},"author":1,"featured_media":0,"comment_status":"open","ping_status":"closed","sticky":false,"template":"","format":"standard","meta":{"_bbp_topic_count":0,"_bbp_reply_count":0,"_bbp_total_topic_count":0,"_bbp_total_reply_count":0,"_bbp_voice_count":0,"_bbp_anonymous_reply_count":0,"_bbp_topic_count_hidden":0,"_bbp_reply_count_hidden":0,"_bbp_forum_subforum_count":0,"footnotes":""},"categories":[122],"tags":[],"class_list":["post-1454","post","type-post","status-publish","format-standard","hentry","category-musica-de-la-setmana"],"post_mailing_queue_ids":[],"_links":{"self":[{"href":"https:\/\/agora.xtec.cat\/iesdecelra\/wp-json\/wp\/v2\/posts\/1454","targetHints":{"allow":["GET"]}}],"collection":[{"href":"https:\/\/agora.xtec.cat\/iesdecelra\/wp-json\/wp\/v2\/posts"}],"about":[{"href":"https:\/\/agora.xtec.cat\/iesdecelra\/wp-json\/wp\/v2\/types\/post"}],"author":[{"embeddable":true,"href":"https:\/\/agora.xtec.cat\/iesdecelra\/wp-json\/wp\/v2\/users\/1"}],"replies":[{"embeddable":true,"href":"https:\/\/agora.xtec.cat\/iesdecelra\/wp-json\/wp\/v2\/comments?post=1454"}],"version-history":[{"count":3,"href":"https:\/\/agora.xtec.cat\/iesdecelra\/wp-json\/wp\/v2\/posts\/1454\/revisions"}],"predecessor-version":[{"id":1470,"href":"https:\/\/agora.xtec.cat\/iesdecelra\/wp-json\/wp\/v2\/posts\/1454\/revisions\/1470"}],"wp:attachment":[{"href":"https:\/\/agora.xtec.cat\/iesdecelra\/wp-json\/wp\/v2\/media?parent=1454"}],"wp:term":[{"taxonomy":"category","embeddable":true,"href":"https:\/\/agora.xtec.cat\/iesdecelra\/wp-json\/wp\/v2\/categories?post=1454"},{"taxonomy":"post_tag","embeddable":true,"href":"https:\/\/agora.xtec.cat\/iesdecelra\/wp-json\/wp\/v2\/tags?post=1454"}],"curies":[{"name":"wp","href":"https:\/\/api.w.org\/{rel}","templated":true}]}}