{"id":1401,"date":"2018-12-17T22:59:44","date_gmt":"2018-12-17T21:59:44","guid":{"rendered":"http:\/\/agora.xtec.cat\/iesdecelra\/?p=1401"},"modified":"2018-12-18T11:58:24","modified_gmt":"2018-12-18T10:58:24","slug":"voleu-ajudar-els-reis-de-celra","status":"publish","type":"post","link":"https:\/\/agora.xtec.cat\/iesdecelra\/actualitat\/voleu-ajudar-els-reis-de-celra\/","title":{"rendered":"VOLEU AJUDAR ELS REIS DE CELR\u00c0?"},"content":{"rendered":"<p>Avui us proposem una col\u00b7laboraci\u00f3 m\u00e0gica que no va lligada directament amb les q\u00fcestions acad\u00e8miques, per\u00f2 s\u00ed que \u00e9s educativa i de lleure. Des de Celr\u00e0 s&#8217;est\u00e0 preparant la rebuda dels Reis d&#8217;Orient i ens han fet arribar aquesta proposta:<\/p>\n<p><iframe loading=\"lazy\" title=\"COL\u00b7LABORACI\u00d3 REIS CELR\u00c0\" width=\"500\" height=\"281\" src=\"https:\/\/www.youtube.com\/embed\/aejhD5_AXq8?feature=oembed\" frameborder=\"0\" allow=\"accelerometer; autoplay; clipboard-write; encrypted-media; gyroscope; picture-in-picture; web-share\" referrerpolicy=\"strict-origin-when-cross-origin\" allowfullscreen><\/iframe><\/p>\n<p><span style=\"font-weight: 400;\">Des de la Comissi\u00f3 de Reis de Celr\u00e0, estem preparant la cavalcada dels Reis Mags de Celr\u00e0, i ens cal el m\u00e0xim de col\u00b7laboradors\/es per fer de patges, acompanyants, ajudants de muntatge i desmuntatge&#8230; totes les mans seran benvingudes i agra\u00efdes.<\/span><\/p>\n<p><span style=\"font-weight: 400;\">Amb aquest motiu en dirigim a vosaltres, per sol\u00b7licitar-vos la vostra ajuda; fem una crida de voluntaris. Us estar\u00edem molt agra\u00efts\/des.<\/span><\/p>\n<p><span style=\"font-weight: 400;\">En el cas que vulgueu col\u00b7laborar m\u00e9s activament, us podeu posar en contacte en aquest correu electr\u00f2nic (<a href=\"mailto:reis.celra@gmail.com\">reis.celra@gmail.com<\/a>) o venir directament a apuntar-se el \u00a0dia 21 de desembre a les 19:30 al Centre C\u00edvic.<\/span><\/p>\n<p><span style=\"font-weight: 400;\">Moltes gr\u00e0cies per endavant,<\/span><\/p>\n<p><b>Comissi\u00f3 de Reis Celr\u00e0<\/b><\/p>\n<p>&nbsp;<\/p>\n<p>&nbsp;<\/p>\n<p>&nbsp;<\/p>\n","protected":false},"excerpt":{"rendered":"<p>Avui us proposem una col\u00b7laboraci\u00f3 m\u00e0gica que no va lligada directament amb les q\u00fcestions acad\u00e8miques, per\u00f2 s\u00ed que \u00e9s educativa i de lleure. Des de Celr\u00e0 s&#8217;est\u00e0 preparant la rebuda dels Reis d&#8217;Orient i ens han fet arribar aquesta proposta:<\/p>\n<p>Des de la Comissi\u00f3 de Reis&hellip;  <a href=\"https:\/\/agora.xtec.cat\/iesdecelra\/actualitat\/voleu-ajudar-els-reis-de-celra\/\" title=\"Read VOLEU AJUDAR ELS REIS DE CELR\u00c0?\">Llegeix m\u00e9s\u00bb<\/a><\/p>\n","protected":false},"author":1,"featured_media":1402,"comment_status":"closed","ping_status":"closed","sticky":false,"template":"","format":"standard","meta":{"_bbp_topic_count":0,"_bbp_reply_count":0,"_bbp_total_topic_count":0,"_bbp_total_reply_count":0,"_bbp_voice_count":0,"_bbp_anonymous_reply_count":0,"_bbp_topic_count_hidden":0,"_bbp_reply_count_hidden":0,"_bbp_forum_subforum_count":0,"footnotes":""},"categories":[103],"tags":[117,152],"class_list":["post-1401","post","type-post","status-publish","format-standard","has-post-thumbnail","hentry","category-actualitat","tag-curs-2018-2019","tag-reis-celra"],"post_mailing_queue_ids":[],"_links":{"self":[{"href":"https:\/\/agora.xtec.cat\/iesdecelra\/wp-json\/wp\/v2\/posts\/1401","targetHints":{"allow":["GET"]}}],"collection":[{"href":"https:\/\/agora.xtec.cat\/iesdecelra\/wp-json\/wp\/v2\/posts"}],"about":[{"href":"https:\/\/agora.xtec.cat\/iesdecelra\/wp-json\/wp\/v2\/types\/post"}],"author":[{"embeddable":true,"href":"https:\/\/agora.xtec.cat\/iesdecelra\/wp-json\/wp\/v2\/users\/1"}],"replies":[{"embeddable":true,"href":"https:\/\/agora.xtec.cat\/iesdecelra\/wp-json\/wp\/v2\/comments?post=1401"}],"version-history":[{"count":2,"href":"https:\/\/agora.xtec.cat\/iesdecelra\/wp-json\/wp\/v2\/posts\/1401\/revisions"}],"predecessor-version":[{"id":1419,"href":"https:\/\/agora.xtec.cat\/iesdecelra\/wp-json\/wp\/v2\/posts\/1401\/revisions\/1419"}],"wp:featuredmedia":[{"embeddable":true,"href":"https:\/\/agora.xtec.cat\/iesdecelra\/wp-json\/wp\/v2\/media\/1402"}],"wp:attachment":[{"href":"https:\/\/agora.xtec.cat\/iesdecelra\/wp-json\/wp\/v2\/media?parent=1401"}],"wp:term":[{"taxonomy":"category","embeddable":true,"href":"https:\/\/agora.xtec.cat\/iesdecelra\/wp-json\/wp\/v2\/categories?post=1401"},{"taxonomy":"post_tag","embeddable":true,"href":"https:\/\/agora.xtec.cat\/iesdecelra\/wp-json\/wp\/v2\/tags?post=1401"}],"curies":[{"name":"wp","href":"https:\/\/api.w.org\/{rel}","templated":true}]}}