{"id":13665,"date":"2026-04-21T11:08:57","date_gmt":"2026-04-21T09:08:57","guid":{"rendered":"https:\/\/agora.xtec.cat\/iesdecelra\/?p=13665"},"modified":"2026-04-21T11:09:53","modified_gmt":"2026-04-21T09:09:53","slug":"trobada-dalumnes-de-llati-a-les-comarques-gironines","status":"publish","type":"post","link":"https:\/\/agora.xtec.cat\/iesdecelra\/actualitat\/trobada-dalumnes-de-llati-a-les-comarques-gironines\/","title":{"rendered":"TROBADA D\u2019ALUMNES DE LLAT\u00cd"},"content":{"rendered":"<p>El divendres 17 d\u2019abril (Ante diem XV Kalendas Maias), l\u2019alumnat de 4t d\u2019ESO que cursa l\u2019optativa de Llat\u00ed va participar en la XIII Trobada d\u2019alumnes de Llat\u00ed, juntament amb 30 instituts m\u00e9s de les comarques gironines. Enguany s&#8217;ha fet al jaciment arqueol\u00f2gic d\u2019Emp\u00faries i s\u2019hi van dur a terme diverses activitats l\u00fadiques i educatives: un taller d\u2019escriptura llatina, un altre de danses gregues i una gimcana recorrent diferents espais de la ciutat romana.<br \/>\nLa trobada va finalitzar amb un espectacle de gladiadors a c\u00e0rrec del grup Drakonia. D\u2019aquesta jornada se n\u2019han fet ress\u00f2\u00a0<a href=\"https:\/\/www.diaridegirona.cat\/educacio\/2026\/04\/17\/prop-500-alumnes-gironins-troben-129220569.html\">Diari de Girona<\/a> i\u00a0<a href=\"https:\/\/www.canal10.cat\/video\/27963-mig-miler-dalumnes-de-llati-es-reuneixen-al-jaciment-dempuries\">Canal 10<\/a><\/p>\n<p><img loading=\"lazy\" decoding=\"async\" class=\"aligncenter size-full wp-image-13666\" src=\"https:\/\/agora.xtec.cat\/iesdecelra\/wp-content\/uploads\/usu1789\/2026\/04\/Imatges-vores-blanques.jpg\" alt=\"\" width=\"1220\" height=\"1220\" srcset=\"https:\/\/agora.xtec.cat\/iesdecelra\/wp-content\/uploads\/usu1789\/2026\/04\/Imatges-vores-blanques.jpg 1220w, https:\/\/agora.xtec.cat\/iesdecelra\/wp-content\/uploads\/usu1789\/2026\/04\/Imatges-vores-blanques-300x300.jpg 300w, https:\/\/agora.xtec.cat\/iesdecelra\/wp-content\/uploads\/usu1789\/2026\/04\/Imatges-vores-blanques-1024x1024.jpg 1024w, https:\/\/agora.xtec.cat\/iesdecelra\/wp-content\/uploads\/usu1789\/2026\/04\/Imatges-vores-blanques-150x150.jpg 150w, https:\/\/agora.xtec.cat\/iesdecelra\/wp-content\/uploads\/usu1789\/2026\/04\/Imatges-vores-blanques-768x768.jpg 768w\" sizes=\"auto, (max-width: 1220px) 100vw, 1220px\" \/><\/p>\n","protected":false},"excerpt":{"rendered":"<p>El divendres 17 d\u2019abril (Ante diem XV Kalendas Maias), l\u2019alumnat de 4t d\u2019ESO que cursa l\u2019optativa de Llat\u00ed va participar en la XIII Trobada d\u2019alumnes de Llat\u00ed, juntament amb 30 instituts m\u00e9s de les comarques gironines. Enguany s&#8217;ha fet al jaciment arqueol\u00f2gic d\u2019Emp\u00faries i s\u2019hi&hellip;  <a href=\"https:\/\/agora.xtec.cat\/iesdecelra\/actualitat\/trobada-dalumnes-de-llati-a-les-comarques-gironines\/\" title=\"Read TROBADA D\u2019ALUMNES DE LLAT\u00cd\">Llegeix m\u00e9s\u00bb<\/a><\/p>\n","protected":false},"author":1,"featured_media":13666,"comment_status":"open","ping_status":"open","sticky":false,"template":"","format":"standard","meta":{"_bbp_topic_count":0,"_bbp_reply_count":0,"_bbp_total_topic_count":0,"_bbp_total_reply_count":0,"_bbp_voice_count":0,"_bbp_anonymous_reply_count":0,"_bbp_topic_count_hidden":0,"_bbp_reply_count_hidden":0,"_bbp_forum_subforum_count":0,"footnotes":""},"categories":[103],"tags":[],"class_list":["post-13665","post","type-post","status-publish","format-standard","has-post-thumbnail","hentry","category-actualitat"],"post_mailing_queue_ids":[],"_links":{"self":[{"href":"https:\/\/agora.xtec.cat\/iesdecelra\/wp-json\/wp\/v2\/posts\/13665","targetHints":{"allow":["GET"]}}],"collection":[{"href":"https:\/\/agora.xtec.cat\/iesdecelra\/wp-json\/wp\/v2\/posts"}],"about":[{"href":"https:\/\/agora.xtec.cat\/iesdecelra\/wp-json\/wp\/v2\/types\/post"}],"author":[{"embeddable":true,"href":"https:\/\/agora.xtec.cat\/iesdecelra\/wp-json\/wp\/v2\/users\/1"}],"replies":[{"embeddable":true,"href":"https:\/\/agora.xtec.cat\/iesdecelra\/wp-json\/wp\/v2\/comments?post=13665"}],"version-history":[{"count":2,"href":"https:\/\/agora.xtec.cat\/iesdecelra\/wp-json\/wp\/v2\/posts\/13665\/revisions"}],"predecessor-version":[{"id":13668,"href":"https:\/\/agora.xtec.cat\/iesdecelra\/wp-json\/wp\/v2\/posts\/13665\/revisions\/13668"}],"wp:featuredmedia":[{"embeddable":true,"href":"https:\/\/agora.xtec.cat\/iesdecelra\/wp-json\/wp\/v2\/media\/13666"}],"wp:attachment":[{"href":"https:\/\/agora.xtec.cat\/iesdecelra\/wp-json\/wp\/v2\/media?parent=13665"}],"wp:term":[{"taxonomy":"category","embeddable":true,"href":"https:\/\/agora.xtec.cat\/iesdecelra\/wp-json\/wp\/v2\/categories?post=13665"},{"taxonomy":"post_tag","embeddable":true,"href":"https:\/\/agora.xtec.cat\/iesdecelra\/wp-json\/wp\/v2\/tags?post=13665"}],"curies":[{"name":"wp","href":"https:\/\/api.w.org\/{rel}","templated":true}]}}