{"id":13657,"date":"2026-04-20T12:09:06","date_gmt":"2026-04-20T10:09:06","guid":{"rendered":"https:\/\/agora.xtec.cat\/iesdecelra\/?p=13657"},"modified":"2026-04-20T12:18:24","modified_gmt":"2026-04-20T10:18:24","slug":"fira-ciencia-en-equip","status":"publish","type":"post","link":"https:\/\/agora.xtec.cat\/iesdecelra\/actualitat\/fira-ciencia-en-equip\/","title":{"rendered":"FIRA &#8216;CI\u00c8NCIA EN EQUIP&#8217;"},"content":{"rendered":"<p><span style=\"font-weight: 400;\">El passat dissabte <\/span><b>11 d\u2019abril<\/b><span style=\"font-weight: 400;\">, alumnes de 2n i 4t d\u2019ESO i 1r de Batxillerat del nostre centre van ser protagonistes a la <\/span><b>12a Fira \u201cCi\u00e8ncia en equip\u201d<\/b><span style=\"font-weight: 400;\">, celebrada a Girona. Aquest esdeveniment, organitzat pel Centre de Recursos Educatius del Giron\u00e8s, reuneix centres de secund\u00e0ria i batxillerat de tota la demarcaci\u00f3 per apropar el coneixement cient\u00edfic a la ciutadania.<\/span><\/p>\n<p><span style=\"font-weight: 400;\">Els nostres representants van captivar el p\u00fablic amb una gran varietat d&#8217;experiments:<\/span><\/p>\n<ul>\n<li style=\"font-weight: 400;\" aria-level=\"1\"><b>2n d&#8217;ESO:<\/b><span style=\"font-weight: 400;\"> Van explorar la f\u00edsica de la mat\u00e8ria amb demostracions sobre la <\/span><b>densitat<\/b><span style=\"font-weight: 400;\"> de s\u00f2lids, l\u00edquids i gasos.<\/span><\/li>\n<li style=\"font-weight: 400;\" aria-level=\"1\"><b>4t d&#8217;ESO:<\/b><span style=\"font-weight: 400;\"> Van sorprendre els vianants amb <\/span><b>reaccions qu\u00edmiques<\/b><span style=\"font-weight: 400;\"> espectaculars i molt visuals.<\/span><\/li>\n<li style=\"font-weight: 400;\" aria-level=\"1\"><b>1r de Batxillerat:<\/b><span style=\"font-weight: 400;\"> Van presentar diverses experi\u00e8ncies pr\u00e0ctiques centrades en el camp de l&#8217;<\/span><b>\u00f2ptica<\/b><span style=\"font-weight: 400;\">.<\/span><\/li>\n<\/ul>\n<p><span style=\"font-weight: 400;\">M\u00e9s enll\u00e0 de la pr\u00e0ctica cient\u00edfica, la jornada va ser una gran lli\u00e7\u00f3 de divulgaci\u00f3. Els alumnes no nom\u00e9s van executar els experiments, sin\u00f3 que van haver d&#8217;explicar-ne el funcionament i els fonaments te\u00f2rics a totes les persones que s\u2019acostaven a la nostra parada, treballant aix\u00ed la compet\u00e8ncia comunicativa.<\/span><\/p>\n<p><span style=\"font-weight: 400;\">Va ser una jornada fant\u00e0stica on l&#8217;alumnat va poder gaudir de la ci\u00e8ncia fora de l&#8217;aula en un ambient l\u00fadic i participatiu. <\/span><b>Enhorabona a tots i totes per la vostra implicaci\u00f3!<\/b><\/p>\n<p><span style=\"font-weight: 400;\">Departament de Ci\u00e8ncies Experimentals<\/span><\/p>\n<p><img loading=\"lazy\" decoding=\"async\" class=\"aligncenter size-full wp-image-13661\" src=\"https:\/\/agora.xtec.cat\/iesdecelra\/wp-content\/uploads\/usu1789\/2026\/04\/foto3.jpg\" alt=\"\" width=\"720\" height=\"1280\" srcset=\"https:\/\/agora.xtec.cat\/iesdecelra\/wp-content\/uploads\/usu1789\/2026\/04\/foto3.jpg 720w, https:\/\/agora.xtec.cat\/iesdecelra\/wp-content\/uploads\/usu1789\/2026\/04\/foto3-169x300.jpg 169w, https:\/\/agora.xtec.cat\/iesdecelra\/wp-content\/uploads\/usu1789\/2026\/04\/foto3-576x1024.jpg 576w\" sizes=\"auto, (max-width: 720px) 100vw, 720px\" \/> <img loading=\"lazy\" decoding=\"async\" class=\"aligncenter size-full wp-image-13660\" src=\"https:\/\/agora.xtec.cat\/iesdecelra\/wp-content\/uploads\/usu1789\/2026\/04\/foto2.jpg\" alt=\"\" width=\"1080\" height=\"1920\" srcset=\"https:\/\/agora.xtec.cat\/iesdecelra\/wp-content\/uploads\/usu1789\/2026\/04\/foto2.jpg 1080w, https:\/\/agora.xtec.cat\/iesdecelra\/wp-content\/uploads\/usu1789\/2026\/04\/foto2-169x300.jpg 169w, https:\/\/agora.xtec.cat\/iesdecelra\/wp-content\/uploads\/usu1789\/2026\/04\/foto2-576x1024.jpg 576w, https:\/\/agora.xtec.cat\/iesdecelra\/wp-content\/uploads\/usu1789\/2026\/04\/foto2-768x1365.jpg 768w, https:\/\/agora.xtec.cat\/iesdecelra\/wp-content\/uploads\/usu1789\/2026\/04\/foto2-864x1536.jpg 864w\" sizes=\"auto, (max-width: 1080px) 100vw, 1080px\" \/><\/p>\n","protected":false},"excerpt":{"rendered":"<p>El passat dissabte 11 d\u2019abril, alumnes de 2n i 4t d\u2019ESO i 1r de Batxillerat del nostre centre van ser protagonistes a la 12a Fira \u201cCi\u00e8ncia en equip\u201d, celebrada a Girona. Aquest esdeveniment, organitzat pel Centre de Recursos Educatius del Giron\u00e8s, reuneix centres de secund\u00e0ria&hellip;  <a href=\"https:\/\/agora.xtec.cat\/iesdecelra\/actualitat\/fira-ciencia-en-equip\/\" title=\"Read FIRA &#8216;CI\u00c8NCIA EN EQUIP&#8217;\">Llegeix m\u00e9s\u00bb<\/a><\/p>\n","protected":false},"author":1,"featured_media":13659,"comment_status":"open","ping_status":"open","sticky":false,"template":"","format":"standard","meta":{"_bbp_topic_count":0,"_bbp_reply_count":0,"_bbp_total_topic_count":0,"_bbp_total_reply_count":0,"_bbp_voice_count":0,"_bbp_anonymous_reply_count":0,"_bbp_topic_count_hidden":0,"_bbp_reply_count_hidden":0,"_bbp_forum_subforum_count":0,"footnotes":""},"categories":[103],"tags":[],"class_list":["post-13657","post","type-post","status-publish","format-standard","has-post-thumbnail","hentry","category-actualitat"],"post_mailing_queue_ids":[],"_links":{"self":[{"href":"https:\/\/agora.xtec.cat\/iesdecelra\/wp-json\/wp\/v2\/posts\/13657","targetHints":{"allow":["GET"]}}],"collection":[{"href":"https:\/\/agora.xtec.cat\/iesdecelra\/wp-json\/wp\/v2\/posts"}],"about":[{"href":"https:\/\/agora.xtec.cat\/iesdecelra\/wp-json\/wp\/v2\/types\/post"}],"author":[{"embeddable":true,"href":"https:\/\/agora.xtec.cat\/iesdecelra\/wp-json\/wp\/v2\/users\/1"}],"replies":[{"embeddable":true,"href":"https:\/\/agora.xtec.cat\/iesdecelra\/wp-json\/wp\/v2\/comments?post=13657"}],"version-history":[{"count":2,"href":"https:\/\/agora.xtec.cat\/iesdecelra\/wp-json\/wp\/v2\/posts\/13657\/revisions"}],"predecessor-version":[{"id":13662,"href":"https:\/\/agora.xtec.cat\/iesdecelra\/wp-json\/wp\/v2\/posts\/13657\/revisions\/13662"}],"wp:featuredmedia":[{"embeddable":true,"href":"https:\/\/agora.xtec.cat\/iesdecelra\/wp-json\/wp\/v2\/media\/13659"}],"wp:attachment":[{"href":"https:\/\/agora.xtec.cat\/iesdecelra\/wp-json\/wp\/v2\/media?parent=13657"}],"wp:term":[{"taxonomy":"category","embeddable":true,"href":"https:\/\/agora.xtec.cat\/iesdecelra\/wp-json\/wp\/v2\/categories?post=13657"},{"taxonomy":"post_tag","embeddable":true,"href":"https:\/\/agora.xtec.cat\/iesdecelra\/wp-json\/wp\/v2\/tags?post=13657"}],"curies":[{"name":"wp","href":"https:\/\/api.w.org\/{rel}","templated":true}]}}