{"id":13654,"date":"2026-04-20T00:06:10","date_gmt":"2026-04-19T22:06:10","guid":{"rendered":"https:\/\/agora.xtec.cat\/iesdecelra\/?p=13654"},"modified":"2026-04-20T12:53:07","modified_gmt":"2026-04-20T10:53:07","slug":"la-setmana-de-les-humanitats","status":"publish","type":"post","link":"https:\/\/agora.xtec.cat\/iesdecelra\/cursos\/eso\/la-setmana-de-les-humanitats\/","title":{"rendered":"La setmana de les humanitats"},"content":{"rendered":"<p><img loading=\"lazy\" decoding=\"async\" class=\"aligncenter size-full wp-image-13663\" src=\"https:\/\/agora.xtec.cat\/iesdecelra\/wp-content\/uploads\/usu1789\/2026\/04\/IMG_5914.jpg\" alt=\"\" width=\"1435\" height=\"1994\" srcset=\"https:\/\/agora.xtec.cat\/iesdecelra\/wp-content\/uploads\/usu1789\/2026\/04\/IMG_5914.jpg 1435w, https:\/\/agora.xtec.cat\/iesdecelra\/wp-content\/uploads\/usu1789\/2026\/04\/IMG_5914-216x300.jpg 216w, https:\/\/agora.xtec.cat\/iesdecelra\/wp-content\/uploads\/usu1789\/2026\/04\/IMG_5914-737x1024.jpg 737w, https:\/\/agora.xtec.cat\/iesdecelra\/wp-content\/uploads\/usu1789\/2026\/04\/IMG_5914-768x1067.jpg 768w, https:\/\/agora.xtec.cat\/iesdecelra\/wp-content\/uploads\/usu1789\/2026\/04\/IMG_5914-1105x1536.jpg 1105w\" sizes=\"auto, (max-width: 1435px) 100vw, 1435px\" \/>Entre els dies <strong>23 i 26 de mar\u00e7<\/strong>, el nostre centre ha viscut la <strong>Setmana de les Humanitats<\/strong>, unes jornades plenes d&#8217;activitats, tallers i sortides que han perm\u00e8s a l&#8217;alumnat connectar amb la cultura, la hist\u00f2ria i l&#8217;art des de diverses perspectives.<\/p>\n<p>Aquestes s\u00f3n algunes de les experi\u00e8ncies destacades per cursos:<\/p>\n<ul>\n<li><strong>1r d&#8217;ESO<\/strong>: Els m\u00e9s joves han viatjat al passat amb el taller <strong><em>Ludi Romani<\/em><\/strong>, amb la Teresa Hereu, la N\u00faria Rodr\u00edguez i els alumnes de l\u2019optativa de llat\u00ed de 4t d\u2019ESO. Tamb\u00e9 han redescobert els mites i relats cl\u00e0ssics en la sessi\u00f3 <em><strong>Redescobrint els cl\u00e0ssics<\/strong><\/em>, a c\u00e0rrec de la Ta\u00efs S\u00e1nchez.<\/li>\n<li><strong>2n d&#8217;ESO<\/strong>: L&#8217;alumnat ha gaudit d&#8217;una jornada a l&#8217;exterior amb la visita a la <strong>Girona Medieval<\/strong> i una gimcana liter\u00e0ria. A m\u00e9s a m\u00e9s, han gaudit del taller <strong>\u201cViure els llibres\u201d<\/strong>, a c\u00e0rrec de Jordi Garolera.<\/li>\n<li><strong>3r d&#8217;ESO<\/strong>: La creativitat i la tradici\u00f3 oral s&#8217;han unit en el taller de Glosa, on han apr\u00e8s l&#8217;art de la improvisaci\u00f3 amb en Pau Pag\u00e8s i en Francesc Massich. Tamb\u00e9 han participat en el taller <em><strong>Llibertat de moviment i migracions<\/strong><\/em>, que ha incl\u00f2s la projecci\u00f3 d\u2019un documental.<\/li>\n<li><strong>4t d&#8217;ESO<\/strong>: S&#8217;ha posat el focus en la literatura anglesa amb <strong>&#8220;Villains in literature&#8221;<\/strong> i en la mem\u00f2ria hist\u00f2rica amb la xerrada sobre el <strong>Patronato de Protecci\u00f3n de la Mujer<\/strong> i el curtmetratge <strong>Els buits<\/strong>.<\/li>\n<\/ul>\n<p><strong>Batxillerat<\/strong>: Els alumnes de 1r han treballat la t\u00e8cnica vocal i projecci\u00f3 de veu amb la Malva Vila i han tingut un primer contacte amb la <strong>Llengua de Signes Catalana<\/strong>, a c\u00e0rrec de l\u2019associaci\u00f3 gironina de sords. Els alumnes de 2n han gaudit de la sessi\u00f3 <strong>Fon\u00e8tica recreativa<\/strong>, amb en Francesc Gonz\u00e1lez.<\/p>\n<p>A m\u00e9s a m\u00e9s, tots els cursos han dedicat un espai a l&#8217;escriptura i\u00a0 han participat conjuntament al <strong>Concurs literari de Sant Jordi<\/strong>, escalfant motors per a la nostra gran festa liter\u00e0ria.<\/p>\n<p>Volem agrair a tots els talleristes, espais municipals com l&#8217;Ateneu o el Centre C\u00edvic, i al professorat acompanyant la seva implicaci\u00f3 per fer d&#8217;aquesta setmana un \u00e8xit d&#8217;aprenentatge compartit.<\/p>\n","protected":false},"excerpt":{"rendered":"<p>Entre els dies 23 i 26 de mar\u00e7, el nostre centre ha viscut la Setmana de les Humanitats, unes jornades plenes d&#8217;activitats, tallers i sortides que han perm\u00e8s a l&#8217;alumnat connectar amb la cultura, la hist\u00f2ria i l&#8217;art des de diverses perspectives.<br \/>\nAquestes s\u00f3n algunes de&hellip;  <a href=\"https:\/\/agora.xtec.cat\/iesdecelra\/cursos\/eso\/la-setmana-de-les-humanitats\/\" title=\"Read La setmana de les humanitats\">Llegeix m\u00e9s\u00bb<\/a><\/p>\n","protected":false},"author":1,"featured_media":13663,"comment_status":"open","ping_status":"open","sticky":false,"template":"","format":"standard","meta":{"_bbp_topic_count":0,"_bbp_reply_count":0,"_bbp_total_topic_count":0,"_bbp_total_reply_count":0,"_bbp_voice_count":0,"_bbp_anonymous_reply_count":0,"_bbp_topic_count_hidden":0,"_bbp_reply_count_hidden":0,"_bbp_forum_subforum_count":0,"footnotes":""},"categories":[103,8,3],"tags":[515,518],"class_list":["post-13654","post","type-post","status-publish","format-standard","has-post-thumbnail","hentry","category-actualitat","category-batxillerat","category-eso","tag-curs-2025-2026","tag-setmana-humanitats"],"post_mailing_queue_ids":[],"_links":{"self":[{"href":"https:\/\/agora.xtec.cat\/iesdecelra\/wp-json\/wp\/v2\/posts\/13654","targetHints":{"allow":["GET"]}}],"collection":[{"href":"https:\/\/agora.xtec.cat\/iesdecelra\/wp-json\/wp\/v2\/posts"}],"about":[{"href":"https:\/\/agora.xtec.cat\/iesdecelra\/wp-json\/wp\/v2\/types\/post"}],"author":[{"embeddable":true,"href":"https:\/\/agora.xtec.cat\/iesdecelra\/wp-json\/wp\/v2\/users\/1"}],"replies":[{"embeddable":true,"href":"https:\/\/agora.xtec.cat\/iesdecelra\/wp-json\/wp\/v2\/comments?post=13654"}],"version-history":[{"count":3,"href":"https:\/\/agora.xtec.cat\/iesdecelra\/wp-json\/wp\/v2\/posts\/13654\/revisions"}],"predecessor-version":[{"id":13664,"href":"https:\/\/agora.xtec.cat\/iesdecelra\/wp-json\/wp\/v2\/posts\/13654\/revisions\/13664"}],"wp:featuredmedia":[{"embeddable":true,"href":"https:\/\/agora.xtec.cat\/iesdecelra\/wp-json\/wp\/v2\/media\/13663"}],"wp:attachment":[{"href":"https:\/\/agora.xtec.cat\/iesdecelra\/wp-json\/wp\/v2\/media?parent=13654"}],"wp:term":[{"taxonomy":"category","embeddable":true,"href":"https:\/\/agora.xtec.cat\/iesdecelra\/wp-json\/wp\/v2\/categories?post=13654"},{"taxonomy":"post_tag","embeddable":true,"href":"https:\/\/agora.xtec.cat\/iesdecelra\/wp-json\/wp\/v2\/tags?post=13654"}],"curies":[{"name":"wp","href":"https:\/\/api.w.org\/{rel}","templated":true}]}}