{"id":13611,"date":"2026-03-24T16:05:51","date_gmt":"2026-03-24T15:05:51","guid":{"rendered":"https:\/\/agora.xtec.cat\/iesdecelra\/?p=13611"},"modified":"2026-03-24T16:06:36","modified_gmt":"2026-03-24T15:06:36","slug":"visita-al-salo-de-lensenyament-amb-lalumnat-de-batxillerat","status":"publish","type":"post","link":"https:\/\/agora.xtec.cat\/iesdecelra\/cursos\/batxillerat\/visita-al-salo-de-lensenyament-amb-lalumnat-de-batxillerat\/","title":{"rendered":"Visita al Sal\u00f3 de l\u2019Ensenyament amb l&#8217;alumnat de batxillerat"},"content":{"rendered":"<p>El passat dimecres 18 de mar\u00e7, l\u2019alumnat de 1r i 2n de batxillerat del nostre institut va participar en una sortida al Sal\u00f3 de l\u2019Ensenyament de Barcelona, una cita molt \u00fatil per orientar el seu futur acad\u00e8mic i professional.<\/p>\n<p>Al llarg de la jornada, els estudiants van tenir l\u2019oportunitat de con\u00e8ixer de primera m\u00e0 una \u00e0mplia oferta d\u2019estudis postobligatoris, incloent graus universitaris, cicles formatius de grau superior, ensenyaments art\u00edstics i altres opcions formatives. Tamb\u00e9 van poder assistir a xerrades informatives, resoldre dubtes amb professionals i recollir informaci\u00f3 \u00fatil per prendre decisions sobre el seu itinerari formatiu.<\/p>\n<p>La visita va resultar molt enriquidora, ja que va permetre a l\u2019alumnat reflexionar sobre els seus interessos, capacitats i objectius de futur. A m\u00e9s, va ser una bona ocasi\u00f3 per fomentar l\u2019autonomia i la responsabilitat en el proc\u00e9s de presa de decisions acad\u00e8miques.<\/p>\n<p style=\"text-align: center;\">\r\n\t<div class=\"slideshow_container slideshow_container_style-light\" style=\"height: 500px; \" data-slideshow-id=\"13608\" data-style-name=\"style-light\" data-style-version=\"2.3.1\" >\r\n\r\n\t\t\t\t\t<div class=\"slideshow_loading_icon\"><\/div>\r\n\t\t\r\n\t\t<div class=\"slideshow_content\" style=\"display: none;\">\r\n\r\n\t\t\t<div class=\"slideshow_view\">\r\n\t\t\t\t<div class=\"slideshow_slide slideshow_slide_image\">\r\n\t\t\t\t\t\t\t\t\t\t\t<img src=\"https:\/\/agora.xtec.cat\/iesdecelra\/wp-content\/uploads\/usu1789\/2026\/03\/IMG_2371-scaled.jpg\" alt=\"IMG_2371\" width=\"2560\" height=\"1440\" \/>\r\n\t\t\t\t\t\t\t\t\t\t<div class=\"slideshow_description_box slideshow_transparent\">\r\n\t\t\t\t\t\t<div class=\"slideshow_title\">IMG_2371<\/div>\t\t\t\t\t\t\t\t\t\t\t<\/div>\r\n\t\t\t\t<\/div>\r\n\r\n\t\t\t\t\t\t<div style=\"clear: both;\"><\/div><\/div><div class=\"slideshow_view\">\r\n\t\t\t\t<div class=\"slideshow_slide slideshow_slide_image\">\r\n\t\t\t\t\t\t\t\t\t\t\t<img src=\"https:\/\/agora.xtec.cat\/iesdecelra\/wp-content\/uploads\/usu1789\/2026\/03\/IMG_2378-scaled.jpg\" alt=\"IMG_2378\" width=\"2560\" height=\"1440\" \/>\r\n\t\t\t\t\t\t\t\t\t\t<div class=\"slideshow_description_box slideshow_transparent\">\r\n\t\t\t\t\t\t<div class=\"slideshow_title\">IMG_2378<\/div>\t\t\t\t\t\t\t\t\t\t\t<\/div>\r\n\t\t\t\t<\/div>\r\n\r\n\t\t\t\t\t\t<div style=\"clear: both;\"><\/div><\/div>\r\n\t\t<\/div>\r\n\r\n\t\t<div class=\"slideshow_controlPanel slideshow_transparent\" style=\"display: none;\"><ul><li class=\"slideshow_togglePlay\" data-play-text=\"Visualitza\" data-pause-text=\"Pausa\"><\/li><\/ul><\/div>\r\n\r\n\t\t<div class=\"slideshow_button slideshow_previous slideshow_transparent\" role=\"button\" data-previous-text=\"Anterior\" style=\"display: none;\"><\/div>\r\n\t\t<div class=\"slideshow_button slideshow_next slideshow_transparent\" role=\"button\" data-next-text=\"Seg\u00fcent\" style=\"display: none;\"><\/div>\r\n\r\n\t\t<div class=\"slideshow_pagination\" style=\"display: none;\" data-go-to-text=\"V\u00e9s a la diapositiva\"><div class=\"slideshow_pagination_center\"><\/div><\/div>\r\n\r\n\t\t<!-- WordPress Slideshow Version 2.3.1 -->\r\n\r\n\t\t\t<\/div>\r\n\r\n<\/p>\n","protected":false},"excerpt":{"rendered":"<p>El passat dimecres 18 de mar\u00e7, l\u2019alumnat de 1r i 2n de batxillerat del nostre institut va participar en una sortida al Sal\u00f3 de l\u2019Ensenyament de Barcelona, una cita molt \u00fatil per orientar el seu futur acad\u00e8mic i professional.<br \/>\nAl llarg de la jornada, els estudiants&hellip;  <a href=\"https:\/\/agora.xtec.cat\/iesdecelra\/cursos\/batxillerat\/visita-al-salo-de-lensenyament-amb-lalumnat-de-batxillerat\/\" title=\"Read Visita al Sal\u00f3 de l\u2019Ensenyament amb l&#8217;alumnat de batxillerat\">Llegeix m\u00e9s\u00bb<\/a><\/p>\n","protected":false},"author":1,"featured_media":13610,"comment_status":"open","ping_status":"open","sticky":false,"template":"","format":"standard","meta":{"_bbp_topic_count":0,"_bbp_reply_count":0,"_bbp_total_topic_count":0,"_bbp_total_reply_count":0,"_bbp_voice_count":0,"_bbp_anonymous_reply_count":0,"_bbp_topic_count_hidden":0,"_bbp_reply_count_hidden":0,"_bbp_forum_subforum_count":0,"footnotes":""},"categories":[103,8],"tags":[115,515,202],"class_list":["post-13611","post","type-post","status-publish","format-standard","has-post-thumbnail","hentry","category-actualitat","category-batxillerat","tag-batxillerat","tag-curs-2025-2026","tag-orientacio"],"post_mailing_queue_ids":[],"_links":{"self":[{"href":"https:\/\/agora.xtec.cat\/iesdecelra\/wp-json\/wp\/v2\/posts\/13611","targetHints":{"allow":["GET"]}}],"collection":[{"href":"https:\/\/agora.xtec.cat\/iesdecelra\/wp-json\/wp\/v2\/posts"}],"about":[{"href":"https:\/\/agora.xtec.cat\/iesdecelra\/wp-json\/wp\/v2\/types\/post"}],"author":[{"embeddable":true,"href":"https:\/\/agora.xtec.cat\/iesdecelra\/wp-json\/wp\/v2\/users\/1"}],"replies":[{"embeddable":true,"href":"https:\/\/agora.xtec.cat\/iesdecelra\/wp-json\/wp\/v2\/comments?post=13611"}],"version-history":[{"count":2,"href":"https:\/\/agora.xtec.cat\/iesdecelra\/wp-json\/wp\/v2\/posts\/13611\/revisions"}],"predecessor-version":[{"id":13613,"href":"https:\/\/agora.xtec.cat\/iesdecelra\/wp-json\/wp\/v2\/posts\/13611\/revisions\/13613"}],"wp:featuredmedia":[{"embeddable":true,"href":"https:\/\/agora.xtec.cat\/iesdecelra\/wp-json\/wp\/v2\/media\/13610"}],"wp:attachment":[{"href":"https:\/\/agora.xtec.cat\/iesdecelra\/wp-json\/wp\/v2\/media?parent=13611"}],"wp:term":[{"taxonomy":"category","embeddable":true,"href":"https:\/\/agora.xtec.cat\/iesdecelra\/wp-json\/wp\/v2\/categories?post=13611"},{"taxonomy":"post_tag","embeddable":true,"href":"https:\/\/agora.xtec.cat\/iesdecelra\/wp-json\/wp\/v2\/tags?post=13611"}],"curies":[{"name":"wp","href":"https:\/\/api.w.org\/{rel}","templated":true}]}}