{"id":13603,"date":"2026-03-24T15:38:25","date_gmt":"2026-03-24T14:38:25","guid":{"rendered":"https:\/\/agora.xtec.cat\/iesdecelra\/?p=13603"},"modified":"2026-03-24T15:38:25","modified_gmt":"2026-03-24T14:38:25","slug":"benvinguda-a-lalumnat-i-professorat-de-linstitut-gymnasium-waldkraiburg","status":"publish","type":"post","link":"https:\/\/agora.xtec.cat\/iesdecelra\/cursos\/eso\/eso-4\/benvinguda-a-lalumnat-i-professorat-de-linstitut-gymnasium-waldkraiburg\/","title":{"rendered":"BENVINGUDA A L\u2019ALUMNAT I PROFESSORAT DE L\u2019INSTITUT\u00a0GYMNASIUM WALDKRAIBURG"},"content":{"rendered":"<p>Donem la benvinguda a 25 alumnes i 2 professors de l\u2019institut Gymnasium Waldkraiburg (Alemanya) que aquesta setmana ens acompanyaran en el marc del projecte Stories in Motion i l\u2019acreditaci\u00f3 #ErasmusPlus 2025-26.<\/p>\n<p>Amb moltes ganes de compartir experi\u00e8ncies i treball conjunt en un projecte que servir\u00e0 per potenciar la lectoescriptura, la creativitat liter\u00e0ria i les humanitats en ambd\u00f3s centres educatius de secund\u00e0ria, coincidint tamb\u00e9 amb la setmana d&#8217;humanitats que tindr\u00e0 lloc en el nostre institut per les mateixes dates.<\/p>\n<p>Agra\u00efm la implicaci\u00f3 de les fam\u00edlies acollidores i, en general, de tota la comunitat educativa de l\u2019Institut de Celr\u00e0 per fer-ho possible. Comencem! Tots som\u00a0#ErasmusPlus!<\/p>\n<p style=\"text-align: center;\"><img loading=\"lazy\" decoding=\"async\" class=\"aligncenter size-full wp-image-13604\" src=\"https:\/\/agora.xtec.cat\/iesdecelra\/wp-content\/uploads\/usu1789\/2026\/03\/20260322_180328-1-scaled.jpg\" alt=\"\" width=\"2560\" height=\"1525\" srcset=\"https:\/\/agora.xtec.cat\/iesdecelra\/wp-content\/uploads\/usu1789\/2026\/03\/20260322_180328-1-scaled.jpg 2560w, https:\/\/agora.xtec.cat\/iesdecelra\/wp-content\/uploads\/usu1789\/2026\/03\/20260322_180328-1-300x179.jpg 300w, https:\/\/agora.xtec.cat\/iesdecelra\/wp-content\/uploads\/usu1789\/2026\/03\/20260322_180328-1-1024x610.jpg 1024w, https:\/\/agora.xtec.cat\/iesdecelra\/wp-content\/uploads\/usu1789\/2026\/03\/20260322_180328-1-768x457.jpg 768w, https:\/\/agora.xtec.cat\/iesdecelra\/wp-content\/uploads\/usu1789\/2026\/03\/20260322_180328-1-1536x915.jpg 1536w, https:\/\/agora.xtec.cat\/iesdecelra\/wp-content\/uploads\/usu1789\/2026\/03\/20260322_180328-1-2048x1220.jpg 2048w\" sizes=\"auto, (max-width: 2560px) 100vw, 2560px\" \/><\/p>\n","protected":false},"excerpt":{"rendered":"<p>Donem la benvinguda a 25 alumnes i 2 professors de l\u2019institut Gymnasium Waldkraiburg (Alemanya) que aquesta setmana ens acompanyaran en el marc del projecte Stories in Motion i l\u2019acreditaci\u00f3 #ErasmusPlus 2025-26.<br \/>\nAmb moltes ganes de compartir experi\u00e8ncies i treball conjunt en un projecte que servir\u00e0 per&hellip;  <a href=\"https:\/\/agora.xtec.cat\/iesdecelra\/cursos\/eso\/eso-4\/benvinguda-a-lalumnat-i-professorat-de-linstitut-gymnasium-waldkraiburg\/\" title=\"Read BENVINGUDA A L\u2019ALUMNAT I PROFESSORAT DE L\u2019INSTITUT\u00a0GYMNASIUM WALDKRAIBURG\">Llegeix m\u00e9s\u00bb<\/a><\/p>\n","protected":false},"author":1,"featured_media":13604,"comment_status":"open","ping_status":"open","sticky":false,"template":"","format":"standard","meta":{"_bbp_topic_count":0,"_bbp_reply_count":0,"_bbp_total_topic_count":0,"_bbp_total_reply_count":0,"_bbp_voice_count":0,"_bbp_anonymous_reply_count":0,"_bbp_topic_count_hidden":0,"_bbp_reply_count_hidden":0,"_bbp_forum_subforum_count":0,"footnotes":""},"categories":[103,342,7],"tags":[127,515,245],"class_list":["post-13603","post","type-post","status-publish","format-standard","has-post-thumbnail","hentry","category-actualitat","category-erasmus","category-eso-4","tag-4t-deso","tag-curs-2025-2026","tag-erasmus"],"post_mailing_queue_ids":[],"_links":{"self":[{"href":"https:\/\/agora.xtec.cat\/iesdecelra\/wp-json\/wp\/v2\/posts\/13603","targetHints":{"allow":["GET"]}}],"collection":[{"href":"https:\/\/agora.xtec.cat\/iesdecelra\/wp-json\/wp\/v2\/posts"}],"about":[{"href":"https:\/\/agora.xtec.cat\/iesdecelra\/wp-json\/wp\/v2\/types\/post"}],"author":[{"embeddable":true,"href":"https:\/\/agora.xtec.cat\/iesdecelra\/wp-json\/wp\/v2\/users\/1"}],"replies":[{"embeddable":true,"href":"https:\/\/agora.xtec.cat\/iesdecelra\/wp-json\/wp\/v2\/comments?post=13603"}],"version-history":[{"count":1,"href":"https:\/\/agora.xtec.cat\/iesdecelra\/wp-json\/wp\/v2\/posts\/13603\/revisions"}],"predecessor-version":[{"id":13605,"href":"https:\/\/agora.xtec.cat\/iesdecelra\/wp-json\/wp\/v2\/posts\/13603\/revisions\/13605"}],"wp:featuredmedia":[{"embeddable":true,"href":"https:\/\/agora.xtec.cat\/iesdecelra\/wp-json\/wp\/v2\/media\/13604"}],"wp:attachment":[{"href":"https:\/\/agora.xtec.cat\/iesdecelra\/wp-json\/wp\/v2\/media?parent=13603"}],"wp:term":[{"taxonomy":"category","embeddable":true,"href":"https:\/\/agora.xtec.cat\/iesdecelra\/wp-json\/wp\/v2\/categories?post=13603"},{"taxonomy":"post_tag","embeddable":true,"href":"https:\/\/agora.xtec.cat\/iesdecelra\/wp-json\/wp\/v2\/tags?post=13603"}],"curies":[{"name":"wp","href":"https:\/\/api.w.org\/{rel}","templated":true}]}}