{"id":13590,"date":"2026-03-24T16:07:59","date_gmt":"2026-03-24T15:07:59","guid":{"rendered":"https:\/\/agora.xtec.cat\/iesdecelra\/?p=13590"},"modified":"2026-03-24T16:07:29","modified_gmt":"2026-03-24T15:07:29","slug":"la-setmana-de-les-humanitats-el-manifest","status":"publish","type":"post","link":"https:\/\/agora.xtec.cat\/iesdecelra\/cursos\/eso\/la-setmana-de-les-humanitats-el-manifest\/","title":{"rendered":"LA SETMANA DE LES HUMANITATS: EL MANIFEST"},"content":{"rendered":"<blockquote>\n<p style=\"text-align: left;\">&#8220;La cultura \u00e9s la nostra mem\u00f2ria. Humanitats per comprendre el m\u00f3n.&#8221;<\/p>\n<\/blockquote>\n<p>Aquest lema encap\u00e7ala el manifest de la primera Setmana de les Humanitats de l&#8217;Institut de Celr\u00e0. En un temps tan convuls i mercantilista, les Humanitats s&#8217;aixequen dempeus per reivindicar la seva import\u00e0ncia i necessitat en un m\u00f3n a la recerca d&#8217;un sentit \u00e8tic.<\/p>\n<p>Aix\u00ed com a la tardor vam celebrar la Setmana de la Ci\u00e8ncia, inaugurarem la primavera amb la Setmana de les Humanitats. Cal dir que no s\u00f3n dues branques del coneixement oposades sin\u00f3 que es complementen, perqu\u00e8 totes dues tenen com a objectiu el coneixement del m\u00f3n i de l&#8217;\u00e9sser hum\u00e0. I totes dues ens fan pensar, aprendre i gaudir. Durant la setmana del 23 de mar\u00e7, dos dies despr\u00e9s del Dia Mundial de la Poesia, al 27 d&#8217;aquest mateix mes, tots els alumnes de l&#8217;institut treballaran aspectes human\u00edstics, a banda de les assignatures espec\u00edfiques, en diferents activitats dins i fora del centre que han organitzat professors dels departaments de Llengua i Literatura, Socials, Expressi\u00f3 i Orientaci\u00f3.<\/p>\n<p><a href=\"https:\/\/agora.xtec.cat\/iesdecelra\/wp-content\/uploads\/usu1789\/2026\/03\/Manifest-Humanitats-2026.pdf\">Llegiu el Manifest Humanitats 2026<\/a><\/p>\n<p style=\"text-align: center;\"><img loading=\"lazy\" decoding=\"async\" class=\"aligncenter size-full wp-image-13591\" src=\"https:\/\/agora.xtec.cat\/iesdecelra\/wp-content\/uploads\/usu1789\/2026\/03\/Humanitats-Cites-escales.jpeg\" alt=\"\" width=\"1500\" height=\"2000\" srcset=\"https:\/\/agora.xtec.cat\/iesdecelra\/wp-content\/uploads\/usu1789\/2026\/03\/Humanitats-Cites-escales.jpeg 1500w, https:\/\/agora.xtec.cat\/iesdecelra\/wp-content\/uploads\/usu1789\/2026\/03\/Humanitats-Cites-escales-225x300.jpeg 225w, https:\/\/agora.xtec.cat\/iesdecelra\/wp-content\/uploads\/usu1789\/2026\/03\/Humanitats-Cites-escales-768x1024.jpeg 768w, https:\/\/agora.xtec.cat\/iesdecelra\/wp-content\/uploads\/usu1789\/2026\/03\/Humanitats-Cites-escales-1152x1536.jpeg 1152w\" sizes=\"auto, (max-width: 1500px) 100vw, 1500px\" \/><\/p>\n","protected":false},"excerpt":{"rendered":"<p>&#8220;La cultura \u00e9s la nostra mem\u00f2ria. Humanitats per comprendre el m\u00f3n.&#8221;<\/p>\n<p>Aquest lema encap\u00e7ala el manifest de la primera Setmana de les Humanitats de l&#8217;Institut de Celr\u00e0. En un temps tan convuls i mercantilista, les Humanitats s&#8217;aixequen dempeus per reivindicar la seva import\u00e0ncia i necessitat en&hellip;  <a href=\"https:\/\/agora.xtec.cat\/iesdecelra\/cursos\/eso\/la-setmana-de-les-humanitats-el-manifest\/\" title=\"Read LA SETMANA DE LES HUMANITATS: EL MANIFEST\">Llegeix m\u00e9s\u00bb<\/a><\/p>\n","protected":false},"author":1,"featured_media":13591,"comment_status":"open","ping_status":"open","sticky":false,"template":"","format":"standard","meta":{"_bbp_topic_count":0,"_bbp_reply_count":0,"_bbp_total_topic_count":0,"_bbp_total_reply_count":0,"_bbp_voice_count":0,"_bbp_anonymous_reply_count":0,"_bbp_topic_count_hidden":0,"_bbp_reply_count_hidden":0,"_bbp_forum_subforum_count":0,"footnotes":""},"categories":[103,8,3],"tags":[515],"class_list":["post-13590","post","type-post","status-publish","format-standard","has-post-thumbnail","hentry","category-actualitat","category-batxillerat","category-eso","tag-curs-2025-2026"],"post_mailing_queue_ids":[],"_links":{"self":[{"href":"https:\/\/agora.xtec.cat\/iesdecelra\/wp-json\/wp\/v2\/posts\/13590","targetHints":{"allow":["GET"]}}],"collection":[{"href":"https:\/\/agora.xtec.cat\/iesdecelra\/wp-json\/wp\/v2\/posts"}],"about":[{"href":"https:\/\/agora.xtec.cat\/iesdecelra\/wp-json\/wp\/v2\/types\/post"}],"author":[{"embeddable":true,"href":"https:\/\/agora.xtec.cat\/iesdecelra\/wp-json\/wp\/v2\/users\/1"}],"replies":[{"embeddable":true,"href":"https:\/\/agora.xtec.cat\/iesdecelra\/wp-json\/wp\/v2\/comments?post=13590"}],"version-history":[{"count":6,"href":"https:\/\/agora.xtec.cat\/iesdecelra\/wp-json\/wp\/v2\/posts\/13590\/revisions"}],"predecessor-version":[{"id":13606,"href":"https:\/\/agora.xtec.cat\/iesdecelra\/wp-json\/wp\/v2\/posts\/13590\/revisions\/13606"}],"wp:featuredmedia":[{"embeddable":true,"href":"https:\/\/agora.xtec.cat\/iesdecelra\/wp-json\/wp\/v2\/media\/13591"}],"wp:attachment":[{"href":"https:\/\/agora.xtec.cat\/iesdecelra\/wp-json\/wp\/v2\/media?parent=13590"}],"wp:term":[{"taxonomy":"category","embeddable":true,"href":"https:\/\/agora.xtec.cat\/iesdecelra\/wp-json\/wp\/v2\/categories?post=13590"},{"taxonomy":"post_tag","embeddable":true,"href":"https:\/\/agora.xtec.cat\/iesdecelra\/wp-json\/wp\/v2\/tags?post=13590"}],"curies":[{"name":"wp","href":"https:\/\/api.w.org\/{rel}","templated":true}]}}