{"id":13409,"date":"2026-02-12T11:43:32","date_gmt":"2026-02-12T10:43:32","guid":{"rendered":"https:\/\/agora.xtec.cat\/iesdecelra\/?p=13409"},"modified":"2026-02-12T11:43:32","modified_gmt":"2026-02-12T10:43:32","slug":"vaga-educativa-11-de-febrer-participacio-docent","status":"publish","type":"post","link":"https:\/\/agora.xtec.cat\/iesdecelra\/actualitat\/vaga-educativa-11-de-febrer-participacio-docent\/","title":{"rendered":"VAGA EDUCATIVA 11 DE FEBRER: PARTICIPACI\u00d3 DOCENT"},"content":{"rendered":"<p>El 75% dels docents del claustre de l&#8217;Institut de Celr\u00e0 es van adherir a la vaga del dimecres 11 de febrer i l&#8217;institut va funcionar en serveis m\u00ednims.<\/p>\n","protected":false},"excerpt":{"rendered":"<p>El 75% dels docents del claustre de l&#8217;Institut de Celr\u00e0 es van adherir a la vaga del dimecres 11 de febrer i l&#8217;institut va funcionar en serveis m\u00ednims.<\/p>\n","protected":false},"author":1,"featured_media":0,"comment_status":"open","ping_status":"open","sticky":false,"template":"","format":"standard","meta":{"_bbp_topic_count":0,"_bbp_reply_count":0,"_bbp_total_topic_count":0,"_bbp_total_reply_count":0,"_bbp_voice_count":0,"_bbp_anonymous_reply_count":0,"_bbp_topic_count_hidden":0,"_bbp_reply_count_hidden":0,"_bbp_forum_subforum_count":0,"footnotes":""},"categories":[103],"tags":[515],"class_list":["post-13409","post","type-post","status-publish","format-standard","hentry","category-actualitat","tag-curs-2025-2026"],"post_mailing_queue_ids":[],"_links":{"self":[{"href":"https:\/\/agora.xtec.cat\/iesdecelra\/wp-json\/wp\/v2\/posts\/13409","targetHints":{"allow":["GET"]}}],"collection":[{"href":"https:\/\/agora.xtec.cat\/iesdecelra\/wp-json\/wp\/v2\/posts"}],"about":[{"href":"https:\/\/agora.xtec.cat\/iesdecelra\/wp-json\/wp\/v2\/types\/post"}],"author":[{"embeddable":true,"href":"https:\/\/agora.xtec.cat\/iesdecelra\/wp-json\/wp\/v2\/users\/1"}],"replies":[{"embeddable":true,"href":"https:\/\/agora.xtec.cat\/iesdecelra\/wp-json\/wp\/v2\/comments?post=13409"}],"version-history":[{"count":1,"href":"https:\/\/agora.xtec.cat\/iesdecelra\/wp-json\/wp\/v2\/posts\/13409\/revisions"}],"predecessor-version":[{"id":13410,"href":"https:\/\/agora.xtec.cat\/iesdecelra\/wp-json\/wp\/v2\/posts\/13409\/revisions\/13410"}],"wp:attachment":[{"href":"https:\/\/agora.xtec.cat\/iesdecelra\/wp-json\/wp\/v2\/media?parent=13409"}],"wp:term":[{"taxonomy":"category","embeddable":true,"href":"https:\/\/agora.xtec.cat\/iesdecelra\/wp-json\/wp\/v2\/categories?post=13409"},{"taxonomy":"post_tag","embeddable":true,"href":"https:\/\/agora.xtec.cat\/iesdecelra\/wp-json\/wp\/v2\/tags?post=13409"}],"curies":[{"name":"wp","href":"https:\/\/api.w.org\/{rel}","templated":true}]}}