{"id":13406,"date":"2026-02-11T17:07:08","date_gmt":"2026-02-11T16:07:08","guid":{"rendered":"https:\/\/agora.xtec.cat\/iesdecelra\/?p=13406"},"modified":"2026-02-11T17:07:08","modified_gmt":"2026-02-11T16:07:08","slug":"suspensio-activitat-lectiva-12-de-febrer","status":"publish","type":"post","link":"https:\/\/agora.xtec.cat\/iesdecelra\/actualitat\/suspensio-activitat-lectiva-12-de-febrer\/","title":{"rendered":"SUSPENSI\u00d3 ACTIVITAT LECTIVA 12 DE FEBRER"},"content":{"rendered":"<div class=\"gmail_default\"><\/div>\n<div class=\"gmail_default\">\n<div class=\"gmail_default\">Per recomanaci\u00f3 de Protecci\u00f3 Civil, us indiquem que dem\u00e0, dijous 12 de febrer de 2026, queda suspesa tota activitat lectiva i extraescolar a causa de perill extrem per ventades. El centre estar\u00e0 tancat.<br \/>\nRecomanem molta precauci\u00f3 i seguir les indicacions de protecci\u00f3 civil.<\/div>\n<div class=\"gmail_default\"><\/div>\n<\/div>\n","protected":false},"excerpt":{"rendered":"<p>Per recomanaci\u00f3 de Protecci\u00f3 Civil, us indiquem que dem\u00e0, dijous 12 de febrer de 2026, queda suspesa tota activitat lectiva i extraescolar a causa de perill extrem per ventades. El centre estar\u00e0 tancat.<br \/>\nRecomanem molta precauci\u00f3 i seguir les indicacions de protecci\u00f3 civil.<\/p>\n","protected":false},"author":1,"featured_media":0,"comment_status":"open","ping_status":"open","sticky":false,"template":"","format":"standard","meta":{"_bbp_topic_count":0,"_bbp_reply_count":0,"_bbp_total_topic_count":0,"_bbp_total_reply_count":0,"_bbp_voice_count":0,"_bbp_anonymous_reply_count":0,"_bbp_topic_count_hidden":0,"_bbp_reply_count_hidden":0,"_bbp_forum_subforum_count":0,"footnotes":""},"categories":[103],"tags":[370],"class_list":["post-13406","post","type-post","status-publish","format-standard","hentry","category-actualitat","tag-curs-2024-2025"],"post_mailing_queue_ids":[],"_links":{"self":[{"href":"https:\/\/agora.xtec.cat\/iesdecelra\/wp-json\/wp\/v2\/posts\/13406","targetHints":{"allow":["GET"]}}],"collection":[{"href":"https:\/\/agora.xtec.cat\/iesdecelra\/wp-json\/wp\/v2\/posts"}],"about":[{"href":"https:\/\/agora.xtec.cat\/iesdecelra\/wp-json\/wp\/v2\/types\/post"}],"author":[{"embeddable":true,"href":"https:\/\/agora.xtec.cat\/iesdecelra\/wp-json\/wp\/v2\/users\/1"}],"replies":[{"embeddable":true,"href":"https:\/\/agora.xtec.cat\/iesdecelra\/wp-json\/wp\/v2\/comments?post=13406"}],"version-history":[{"count":2,"href":"https:\/\/agora.xtec.cat\/iesdecelra\/wp-json\/wp\/v2\/posts\/13406\/revisions"}],"predecessor-version":[{"id":13408,"href":"https:\/\/agora.xtec.cat\/iesdecelra\/wp-json\/wp\/v2\/posts\/13406\/revisions\/13408"}],"wp:attachment":[{"href":"https:\/\/agora.xtec.cat\/iesdecelra\/wp-json\/wp\/v2\/media?parent=13406"}],"wp:term":[{"taxonomy":"category","embeddable":true,"href":"https:\/\/agora.xtec.cat\/iesdecelra\/wp-json\/wp\/v2\/categories?post=13406"},{"taxonomy":"post_tag","embeddable":true,"href":"https:\/\/agora.xtec.cat\/iesdecelra\/wp-json\/wp\/v2\/tags?post=13406"}],"curies":[{"name":"wp","href":"https:\/\/api.w.org\/{rel}","templated":true}]}}