{"id":13404,"date":"2026-02-10T21:13:58","date_gmt":"2026-02-10T20:13:58","guid":{"rendered":"https:\/\/agora.xtec.cat\/iesdecelra\/?p=13404"},"modified":"2026-02-10T21:14:14","modified_gmt":"2026-02-10T20:14:14","slug":"vaga-educativa-11-de-febrer-comunicat-de-lafa","status":"publish","type":"post","link":"https:\/\/agora.xtec.cat\/iesdecelra\/afa\/vaga-educativa-11-de-febrer-comunicat-de-lafa\/","title":{"rendered":"VAGA EDUCATIVA 11 DE FEBRER: COMUNICAT DE L&#8217;AFA"},"content":{"rendered":"<div>\n<div>\n<div class=\"gmail_default\">L&#8217;AFA de l&#8217;Institut de Celr\u00e0 dona tot el suport a la vaga del personal docent del claustre de dimecres 11 de febrer, en defensa d&#8217;una educaci\u00f3 de qualitat, amb condicions dignes per als docents i m\u00e9s recursos per atendre les necessitats d&#8217;infants i joves.<br \/>\nCreiem fermament que aquestes lluites s\u00f3n tamb\u00e9 el present i el futur dels nostres fills i filles, i animem a totes les fam\u00edlies a sumar-se i donar suport a les mobilitzacions.<br \/>\nL&#8217;educaci\u00f3 p\u00fablica la defensem entre totes!<\/div>\n<\/div>\n<\/div>\n<div><\/div>\n","protected":false},"excerpt":{"rendered":"<p>L&#8217;AFA de l&#8217;Institut de Celr\u00e0 dona tot el suport a la vaga del personal docent del claustre de dimecres 11 de febrer, en defensa d&#8217;una educaci\u00f3 de qualitat, amb condicions dignes per als docents i m\u00e9s recursos per atendre les necessitats d&#8217;infants i joves.<br \/>\nCreiem fermament&hellip;  <a href=\"https:\/\/agora.xtec.cat\/iesdecelra\/afa\/vaga-educativa-11-de-febrer-comunicat-de-lafa\/\" title=\"Read VAGA EDUCATIVA 11 DE FEBRER: COMUNICAT DE L&#8217;AFA\">Llegeix m\u00e9s\u00bb<\/a><\/p>\n","protected":false},"author":1,"featured_media":0,"comment_status":"open","ping_status":"open","sticky":false,"template":"","format":"standard","meta":{"_bbp_topic_count":0,"_bbp_reply_count":0,"_bbp_total_topic_count":0,"_bbp_total_reply_count":0,"_bbp_voice_count":0,"_bbp_anonymous_reply_count":0,"_bbp_topic_count_hidden":0,"_bbp_reply_count_hidden":0,"_bbp_forum_subforum_count":0,"footnotes":""},"categories":[103,31],"tags":[515],"class_list":["post-13404","post","type-post","status-publish","format-standard","hentry","category-actualitat","category-afa","tag-curs-2025-2026"],"post_mailing_queue_ids":[],"_links":{"self":[{"href":"https:\/\/agora.xtec.cat\/iesdecelra\/wp-json\/wp\/v2\/posts\/13404","targetHints":{"allow":["GET"]}}],"collection":[{"href":"https:\/\/agora.xtec.cat\/iesdecelra\/wp-json\/wp\/v2\/posts"}],"about":[{"href":"https:\/\/agora.xtec.cat\/iesdecelra\/wp-json\/wp\/v2\/types\/post"}],"author":[{"embeddable":true,"href":"https:\/\/agora.xtec.cat\/iesdecelra\/wp-json\/wp\/v2\/users\/1"}],"replies":[{"embeddable":true,"href":"https:\/\/agora.xtec.cat\/iesdecelra\/wp-json\/wp\/v2\/comments?post=13404"}],"version-history":[{"count":1,"href":"https:\/\/agora.xtec.cat\/iesdecelra\/wp-json\/wp\/v2\/posts\/13404\/revisions"}],"predecessor-version":[{"id":13405,"href":"https:\/\/agora.xtec.cat\/iesdecelra\/wp-json\/wp\/v2\/posts\/13404\/revisions\/13405"}],"wp:attachment":[{"href":"https:\/\/agora.xtec.cat\/iesdecelra\/wp-json\/wp\/v2\/media?parent=13404"}],"wp:term":[{"taxonomy":"category","embeddable":true,"href":"https:\/\/agora.xtec.cat\/iesdecelra\/wp-json\/wp\/v2\/categories?post=13404"},{"taxonomy":"post_tag","embeddable":true,"href":"https:\/\/agora.xtec.cat\/iesdecelra\/wp-json\/wp\/v2\/tags?post=13404"}],"curies":[{"name":"wp","href":"https:\/\/api.w.org\/{rel}","templated":true}]}}