{"id":13324,"date":"2026-01-20T07:39:12","date_gmt":"2026-01-20T06:39:12","guid":{"rendered":"https:\/\/agora.xtec.cat\/iesdecelra\/?p=13324"},"modified":"2026-01-20T07:39:32","modified_gmt":"2026-01-20T06:39:32","slug":"suspensio-classes-20-gener-institut-de-celra","status":"publish","type":"post","link":"https:\/\/agora.xtec.cat\/iesdecelra\/actualitat\/suspensio-classes-20-gener-institut-de-celra\/","title":{"rendered":"SUSPENSI\u00d3 CLASSES 20 GENER INSTITUT DE CELR\u00c0"},"content":{"rendered":"<p>Benvolgudes fam\u00edlies,<\/p>\n<p>S&#8217;ha rebut el seg\u00fcent av\u00eds de protecci\u00f3 civil al Giron\u00e8s:<\/p>\n<p>Risc d&#8217;inundacions per desbordament de rius, evitar despla\u00e7aments fins a les 17 h. Evitar lleres de rius, no baixar a soterranis. Se suspenen les activitats escolars, esportives i serveis socials.<\/p>\n<p>Per aquest motiu avui 20 de gener se suspenen les classes de l&#8217;Institut de Celr\u00e0.<\/p>\n","protected":false},"excerpt":{"rendered":"<p>Benvolgudes fam\u00edlies,<br \/>\nS&#8217;ha rebut el seg\u00fcent av\u00eds de protecci\u00f3 civil al Giron\u00e8s:<br \/>\nRisc d&#8217;inundacions per desbordament de rius, evitar despla\u00e7aments fins a les 17 h. Evitar lleres de rius, no baixar a soterranis. Se suspenen les activitats escolars, esportives i serveis socials.<br \/>\nPer aquest motiu avui 20 de&hellip;  <a href=\"https:\/\/agora.xtec.cat\/iesdecelra\/actualitat\/suspensio-classes-20-gener-institut-de-celra\/\" title=\"Read SUSPENSI\u00d3 CLASSES 20 GENER INSTITUT DE CELR\u00c0\">Llegeix m\u00e9s\u00bb<\/a><\/p>\n","protected":false},"author":1,"featured_media":0,"comment_status":"open","ping_status":"open","sticky":false,"template":"","format":"standard","meta":{"_bbp_topic_count":0,"_bbp_reply_count":0,"_bbp_total_topic_count":0,"_bbp_total_reply_count":0,"_bbp_voice_count":0,"_bbp_anonymous_reply_count":0,"_bbp_topic_count_hidden":0,"_bbp_reply_count_hidden":0,"_bbp_forum_subforum_count":0,"footnotes":""},"categories":[103],"tags":[],"class_list":["post-13324","post","type-post","status-publish","format-standard","hentry","category-actualitat"],"post_mailing_queue_ids":[],"_links":{"self":[{"href":"https:\/\/agora.xtec.cat\/iesdecelra\/wp-json\/wp\/v2\/posts\/13324","targetHints":{"allow":["GET"]}}],"collection":[{"href":"https:\/\/agora.xtec.cat\/iesdecelra\/wp-json\/wp\/v2\/posts"}],"about":[{"href":"https:\/\/agora.xtec.cat\/iesdecelra\/wp-json\/wp\/v2\/types\/post"}],"author":[{"embeddable":true,"href":"https:\/\/agora.xtec.cat\/iesdecelra\/wp-json\/wp\/v2\/users\/1"}],"replies":[{"embeddable":true,"href":"https:\/\/agora.xtec.cat\/iesdecelra\/wp-json\/wp\/v2\/comments?post=13324"}],"version-history":[{"count":1,"href":"https:\/\/agora.xtec.cat\/iesdecelra\/wp-json\/wp\/v2\/posts\/13324\/revisions"}],"predecessor-version":[{"id":13325,"href":"https:\/\/agora.xtec.cat\/iesdecelra\/wp-json\/wp\/v2\/posts\/13324\/revisions\/13325"}],"wp:attachment":[{"href":"https:\/\/agora.xtec.cat\/iesdecelra\/wp-json\/wp\/v2\/media?parent=13324"}],"wp:term":[{"taxonomy":"category","embeddable":true,"href":"https:\/\/agora.xtec.cat\/iesdecelra\/wp-json\/wp\/v2\/categories?post=13324"},{"taxonomy":"post_tag","embeddable":true,"href":"https:\/\/agora.xtec.cat\/iesdecelra\/wp-json\/wp\/v2\/tags?post=13324"}],"curies":[{"name":"wp","href":"https:\/\/api.w.org\/{rel}","templated":true}]}}