{"id":1329,"date":"2018-12-14T12:00:01","date_gmt":"2018-12-14T11:00:01","guid":{"rendered":"http:\/\/agora.xtec.cat\/iesdecelra\/?p=1329"},"modified":"2018-12-14T23:14:10","modified_gmt":"2018-12-14T22:14:10","slug":"primer-programa-de-radio-21","status":"publish","type":"post","link":"https:\/\/agora.xtec.cat\/iesdecelra\/cursos\/eso\/eso-4\/primer-programa-de-radio-21\/","title":{"rendered":"PRIMER PROGRAMA DE R\u00c0DIO 21"},"content":{"rendered":"<p>Des de la mat\u00e8ria de projecte de 4tA els alumnes han estudiat el mitj\u00e0 de comunicaci\u00f3 radiof\u00f2nic, han fet visites a Catalunya R\u00e0dio i a R\u00e0dio Celr\u00e0 per con\u00e8ixer de m\u00e9s a prop com funciona.<\/p>\n<p>L&#8217;objectiu del projecte \u00e9s que els alumnes elaborin un programa de r\u00e0dio. S&#8217;han agrupat per tema d&#8217;inter\u00e8s i han redactat un gui\u00f3. Despr\u00e9s d&#8217;unes setmanes fent de redactors, locutors i t\u00e8cnics de so aqu\u00ed tenim el primer programa magazine de R\u00e0dio 21.<\/p>\n<p>Aqu\u00ed podeu escoltar el programa sencer, no us el perdeu!<\/p>\n<p><iframe loading=\"lazy\" src=\"https:\/\/w.soundcloud.com\/player\/?url=https%3A\/\/api.soundcloud.com\/tracks\/543835407&amp;color=%23542a66&amp;auto_play=false&amp;hide_related=false&amp;show_comments=true&amp;show_user=true&amp;show_reposts=false&amp;show_teaser=true\" width=\"100%\" height=\"166\" frameborder=\"no\" scrolling=\"no\"><\/iframe><\/p>\n<p>I si ho preferiu, tamb\u00e9 podeu escoltar les seccions del programa per separat en la seg\u00fcent llista de reproducci\u00f3:<\/p>\n<!--[if lt IE 9]><script>document.createElement('audio');<\/script><![endif]-->\n\t<div class=\"wp-playlist wp-audio-playlist wp-playlist-light\">\n\t\t\t<div class=\"wp-playlist-current-item\"><\/div>\n\t\t<audio controls=\"controls\" preload=\"none\" width=\"640\"\n\t\t\t><\/audio>\n\t<div class=\"wp-playlist-next\"><\/div>\n\t<div class=\"wp-playlist-prev\"><\/div>\n\t<noscript>\n\t<ol>\n\t\t<li><a href='https:\/\/agora.xtec.cat\/iesdecelra\/wp-content\/uploads\/usu1789\/2018\/12\/Adolescents.mp3'>Secci\u00f3 Adolescents<\/a><\/li><li><a href='https:\/\/agora.xtec.cat\/iesdecelra\/wp-content\/uploads\/usu1789\/2018\/12\/Esports21-1.mp3'>Secci\u00f3 Esport<\/a><\/li><li><a href='https:\/\/agora.xtec.cat\/iesdecelra\/wp-content\/uploads\/usu1789\/2018\/12\/Cuina-f\u00e0cil-amb-en-Pau-i-la-J\u00falia-1.mp3'>Secci\u00f3 Cuina<\/a><\/li><li><a href='https:\/\/agora.xtec.cat\/iesdecelra\/wp-content\/uploads\/usu1789\/2018\/12\/Agenda-Celr\u00e0-1.mp3'>Secci\u00f3 agenda<\/a><\/li><li><a href='https:\/\/agora.xtec.cat\/iesdecelra\/wp-content\/uploads\/usu1789\/2018\/12\/Secci\u00f3-musical-BONSO-1.mp3'>Secci\u00f3 musical<\/a><\/li>\t<\/ol>\n\t<\/noscript>\n\t<script type=\"application\/json\" class=\"wp-playlist-script\">{\"type\":\"audio\",\"tracklist\":true,\"tracknumbers\":true,\"images\":true,\"artists\":true,\"tracks\":[{\"src\":\"https:\\\/\\\/agora.xtec.cat\\\/iesdecelra\\\/wp-content\\\/uploads\\\/usu1789\\\/2018\\\/12\\\/Adolescents.mp3\",\"type\":\"audio\\\/mpeg\",\"title\":\"Secci\\u00f3 Adolescents\",\"caption\":\"\",\"description\":\"\\\"Secci\\u00f3 Adolescents\\\"  S\\u00edlvia, Idoia, Lizbeth i Adrian. Any de publicaci\\u00f3: 2018. Pe\\u00e7a 1. G\\u00e8nere: R\\u00e0dio.\",\"meta\":{\"artist\":\"S\\u00edlvia, Idoia, Lizbeth i Adrian\",\"album\":\"RACPA 21\",\"genre\":\"R\\u00e0dio\",\"year\":\"2018\",\"length_formatted\":\"2:39\"},\"image\":{\"src\":\"https:\\\/\\\/agora.xtec.cat\\\/iesdecelra\\\/wp-includes\\\/images\\\/media\\\/audio.svg\",\"width\":48,\"height\":64},\"thumb\":{\"src\":\"https:\\\/\\\/agora.xtec.cat\\\/iesdecelra\\\/wp-includes\\\/images\\\/media\\\/audio.svg\",\"width\":48,\"height\":64}},{\"src\":\"https:\\\/\\\/agora.xtec.cat\\\/iesdecelra\\\/wp-content\\\/uploads\\\/usu1789\\\/2018\\\/12\\\/Esports21-1.mp3\",\"type\":\"audio\\\/mpeg\",\"title\":\"Secci\\u00f3 Esport\",\"caption\":\"\",\"description\":\"\\\"Secci\\u00f3 Esport\\\" Marc Esbert, Joel Corney. Any de publicaci\\u00f3: 2018. Pe\\u00e7a 2.\",\"meta\":{\"artist\":\"Marc Esbert, Joel Corney\",\"album\":\"Esports21\",\"year\":\"2018\",\"length_formatted\":\"7:55\"},\"image\":{\"src\":\"https:\\\/\\\/agora.xtec.cat\\\/iesdecelra\\\/wp-includes\\\/images\\\/media\\\/audio.svg\",\"width\":48,\"height\":64},\"thumb\":{\"src\":\"https:\\\/\\\/agora.xtec.cat\\\/iesdecelra\\\/wp-includes\\\/images\\\/media\\\/audio.svg\",\"width\":48,\"height\":64}},{\"src\":\"https:\\\/\\\/agora.xtec.cat\\\/iesdecelra\\\/wp-content\\\/uploads\\\/usu1789\\\/2018\\\/12\\\/Cuina-f\\u00e0cil-amb-en-Pau-i-la-J\\u00falia-1.mp3\",\"type\":\"audio\\\/mpeg\",\"title\":\"Secci\\u00f3 Cuina\",\"caption\":\"\",\"description\":\"\\\"Secsi\\u00f3 Cuina\\\"Cuina f\\u00e0cil amb en Pau i la J\\u00falia de J\\u00falia Ponsat\\u00ed  i Pau Arbus\\u00e9. Any de publicaci\\u00f3: 2018. Pe\\u00e7a 3. G\\u00e8nere: r\\u00e0dio.\",\"meta\":{\"artist\":\"J\\u00falia Ponsat\\u00ed i Pau Arbus\\u00e9\",\"album\":\"Cuina f\\u00e0cil amb en Pau i la J\\u00falia\",\"genre\":\"r\\u00e0dio\",\"year\":\"2018\",\"length_formatted\":\"1:40\"},\"image\":{\"src\":\"https:\\\/\\\/agora.xtec.cat\\\/iesdecelra\\\/wp-includes\\\/images\\\/media\\\/audio.svg\",\"width\":48,\"height\":64},\"thumb\":{\"src\":\"https:\\\/\\\/agora.xtec.cat\\\/iesdecelra\\\/wp-includes\\\/images\\\/media\\\/audio.svg\",\"width\":48,\"height\":64}},{\"src\":\"https:\\\/\\\/agora.xtec.cat\\\/iesdecelra\\\/wp-content\\\/uploads\\\/usu1789\\\/2018\\\/12\\\/Agenda-Celr\\u00e0-1.mp3\",\"type\":\"audio\\\/mpeg\",\"title\":\"Secci\\u00f3 agenda\",\"caption\":\"\",\"description\":\"\\\"Secci\\u00f3 Agenda\\\"  de Xevi Pou, Jordi Diaz, Eloi Feliu. Any de publicaci\\u00f3: 2018. Pe\\u00e7a 4. G\\u00e8nere: radio.\",\"meta\":{\"artist\":\"Xevi Pou, Jordi Diaz, Eloi Feliu\",\"album\":\"Agenda Celr\\u00e0\",\"genre\":\"radio\",\"year\":\"2018\",\"length_formatted\":\"3:09\"},\"image\":{\"src\":\"https:\\\/\\\/agora.xtec.cat\\\/iesdecelra\\\/wp-includes\\\/images\\\/media\\\/audio.svg\",\"width\":48,\"height\":64},\"thumb\":{\"src\":\"https:\\\/\\\/agora.xtec.cat\\\/iesdecelra\\\/wp-includes\\\/images\\\/media\\\/audio.svg\",\"width\":48,\"height\":64}},{\"src\":\"https:\\\/\\\/agora.xtec.cat\\\/iesdecelra\\\/wp-content\\\/uploads\\\/usu1789\\\/2018\\\/12\\\/Secci\\u00f3-musical-BONSO-1.mp3\",\"type\":\"audio\\\/mpeg\",\"title\":\"Secci\\u00f3 musical\",\"caption\":\"\",\"description\":\"\\\"Secci\\u00f3 musical\\\" BONSO amb Judit Baz i Paula Fern\\u00e1ndez. Any de publicaci\\u00f3: 2018. Pe\\u00e7a 5. G\\u00e8nere: R\\u00e0dio.\",\"meta\":{\"artist\":\"Judit Baz i Paula Fern\\u00e1ndez\",\"album\":\"BONSO\",\"genre\":\"R\\u00e0dio\",\"year\":\"2018\",\"length_formatted\":\"4:09\"},\"image\":{\"src\":\"https:\\\/\\\/agora.xtec.cat\\\/iesdecelra\\\/wp-includes\\\/images\\\/media\\\/audio.svg\",\"width\":48,\"height\":64},\"thumb\":{\"src\":\"https:\\\/\\\/agora.xtec.cat\\\/iesdecelra\\\/wp-includes\\\/images\\\/media\\\/audio.svg\",\"width\":48,\"height\":64}}]}<\/script>\n<\/div>\n\t\n","protected":false},"excerpt":{"rendered":"<p>Des de la mat\u00e8ria de projecte de 4tA els alumnes han estudiat el mitj\u00e0 de comunicaci\u00f3 radiof\u00f2nic, han fet visites a Catalunya R\u00e0dio i a R\u00e0dio Celr\u00e0 per con\u00e8ixer de m\u00e9s a prop com funciona.<br \/>\nL&#8217;objectiu del projecte \u00e9s que els alumnes elaborin un programa de&hellip;  <a href=\"https:\/\/agora.xtec.cat\/iesdecelra\/cursos\/eso\/eso-4\/primer-programa-de-radio-21\/\" title=\"Read PRIMER PROGRAMA DE R\u00c0DIO 21\">Llegeix m\u00e9s\u00bb<\/a><\/p>\n","protected":false},"author":3,"featured_media":1393,"comment_status":"open","ping_status":"closed","sticky":false,"template":"","format":"standard","meta":{"_bbp_topic_count":0,"_bbp_reply_count":0,"_bbp_total_topic_count":0,"_bbp_total_reply_count":0,"_bbp_voice_count":0,"_bbp_anonymous_reply_count":0,"_bbp_topic_count_hidden":0,"_bbp_reply_count_hidden":0,"_bbp_forum_subforum_count":0,"footnotes":""},"categories":[7],"tags":[142,117,146],"class_list":["post-1329","post","type-post","status-publish","format-standard","has-post-thumbnail","hentry","category-eso-4","tag-4t-eso","tag-curs-2018-2019","tag-radio"],"post_mailing_queue_ids":[],"_links":{"self":[{"href":"https:\/\/agora.xtec.cat\/iesdecelra\/wp-json\/wp\/v2\/posts\/1329","targetHints":{"allow":["GET"]}}],"collection":[{"href":"https:\/\/agora.xtec.cat\/iesdecelra\/wp-json\/wp\/v2\/posts"}],"about":[{"href":"https:\/\/agora.xtec.cat\/iesdecelra\/wp-json\/wp\/v2\/types\/post"}],"author":[{"embeddable":true,"href":"https:\/\/agora.xtec.cat\/iesdecelra\/wp-json\/wp\/v2\/users\/3"}],"replies":[{"embeddable":true,"href":"https:\/\/agora.xtec.cat\/iesdecelra\/wp-json\/wp\/v2\/comments?post=1329"}],"version-history":[{"count":3,"href":"https:\/\/agora.xtec.cat\/iesdecelra\/wp-json\/wp\/v2\/posts\/1329\/revisions"}],"predecessor-version":[{"id":1379,"href":"https:\/\/agora.xtec.cat\/iesdecelra\/wp-json\/wp\/v2\/posts\/1329\/revisions\/1379"}],"wp:featuredmedia":[{"embeddable":true,"href":"https:\/\/agora.xtec.cat\/iesdecelra\/wp-json\/wp\/v2\/media\/1393"}],"wp:attachment":[{"href":"https:\/\/agora.xtec.cat\/iesdecelra\/wp-json\/wp\/v2\/media?parent=1329"}],"wp:term":[{"taxonomy":"category","embeddable":true,"href":"https:\/\/agora.xtec.cat\/iesdecelra\/wp-json\/wp\/v2\/categories?post=1329"},{"taxonomy":"post_tag","embeddable":true,"href":"https:\/\/agora.xtec.cat\/iesdecelra\/wp-json\/wp\/v2\/tags?post=1329"}],"curies":[{"name":"wp","href":"https:\/\/api.w.org\/{rel}","templated":true}]}}