{"id":13188,"date":"2025-12-16T08:38:09","date_gmt":"2025-12-16T07:38:09","guid":{"rendered":"https:\/\/agora.xtec.cat\/iesdecelra\/?p=13188"},"modified":"2025-12-16T08:38:09","modified_gmt":"2025-12-16T07:38:09","slug":"murals-monart-25","status":"publish","type":"post","link":"https:\/\/agora.xtec.cat\/iesdecelra\/cursos\/eso\/eso-4\/murals-monart-25\/","title":{"rendered":"MURALS MONAR&#8217;T 25"},"content":{"rendered":"<p>El passat dijous l&#8217;alumnat de l&#8217;optativa de Dibuix va anar a fer una visita guiada pels murals de carrer, art urb\u00e0, de la 7a edici\u00f3 del Festival Monar&#8217;t. Un projecte social i participatiu que mobilitza el poble de Can Gibert del Pla i Santa Eug\u00e8nia i que fa de xarxa implicant i unint gran part dels seus habitants i treballadors amb un sol objectiu: donar color i omplir els carrers amb missatges solidaris. Dos barris on conviuen 79 nacionalitats diferents i on es parlen m\u00e9s de 23 lleng\u00fces. L&#8217;associaci\u00f3 convida artistes d&#8217;arreu del m\u00f3n, locals, catalans, nacionals i internacionals i els seus murals parlen de racisme, de pobresa, de migraci\u00f3, d&#8217;identitat&#8230; Aquesta sortida es fa amb l&#8217;objectiu de con\u00e8ixer de prop el projecte i per agafar idees de cara a poder preparar una proposta per pintar alguna paret del pati de l&#8217;institut.<br \/>\nUna sortida molt enriquidora i que ens ha donat moltes idees per poder treballar!<\/p>\n<p>En tornar de la sortida vam fer un buidatge de les idees que m\u00e9s els va sorprendre del que havien vist i del que la Lobna (ve\u00efna del barri, activista i treballadora de l&#8217;Ajuntament de Girona al centre c\u00edvic de Sta. Eug\u00e8nia) els va explicar. Aquestes en s\u00f3n algunes:<br \/>\n&#8211; Murals que parlen sobre el racisme.<br \/>\n&#8211; Que a pa\u00efsos com Egipte es practiqui la mutilaci\u00f3 genital.<br \/>\n&#8211; Que el grafiti no es consideri art i pugui comportar conseq\u00fc\u00e8ncies legals.<br \/>\n&#8211; Murals que visibilitzen coses injustes.<br \/>\n&#8211; La import\u00e0ncia i responsabilitat de l&#8217;art urb\u00e0.<br \/>\n&#8211; Art de reivindicaci\u00f3.<br \/>\n&#8211; Les hist\u00f2ries que s&#8217;amaguen i com els artistes s\u00f3n capa\u00e7os de representar-les.<br \/>\n&#8211; Els murals actuen com un crit.<br \/>\n&#8211; La rapidesa amb qu\u00e8 alguns artistes treballen pintant murals molt grans.<br \/>\n&#8211; Diversitat de religions i cultures.<br \/>\n&#8211; La xarxa humana que hi ha als barris.<br \/>\n&#8211; El treball col\u00b7lectiu dels ve\u00efns.<\/p>\n\r\n\t<div class=\"slideshow_container slideshow_container_style-light\" style=\"height: 500px; \" data-slideshow-id=\"13180\" data-style-name=\"style-light\" data-style-version=\"2.3.1\" >\r\n\r\n\t\t\t\t\t<div class=\"slideshow_loading_icon\"><\/div>\r\n\t\t\r\n\t\t<div class=\"slideshow_content\" style=\"display: none;\">\r\n\r\n\t\t\t<div class=\"slideshow_view\">\r\n\t\t\t\t<div class=\"slideshow_slide slideshow_slide_image\">\r\n\t\t\t\t\t\t\t\t\t\t\t<img src=\"https:\/\/agora.xtec.cat\/iesdecelra\/wp-content\/uploads\/usu1789\/2025\/12\/WhatsApp-Image-2025-12-15-at-16.51.18-1.jpeg\" alt=\"WhatsApp Image 2025-12-15 at 16.51.18 (1)\" width=\"1290\" height=\"1904\" \/>\r\n\t\t\t\t\t\t\t\t\t\t<div class=\"slideshow_description_box slideshow_transparent\">\r\n\t\t\t\t\t\t<div class=\"slideshow_title\">WhatsApp Image 2025-12-15 at 16.51.18 (1)<\/div>\t\t\t\t\t\t\t\t\t\t\t<\/div>\r\n\t\t\t\t<\/div>\r\n\r\n\t\t\t\t\t\t<div style=\"clear: both;\"><\/div><\/div><div class=\"slideshow_view\">\r\n\t\t\t\t<div class=\"slideshow_slide slideshow_slide_image\">\r\n\t\t\t\t\t\t\t\t\t\t\t<img src=\"https:\/\/agora.xtec.cat\/iesdecelra\/wp-content\/uploads\/usu1789\/2025\/12\/WhatsApp-Image-2025-12-15-at-16.51.20.jpeg\" alt=\"WhatsApp Image 2025-12-15 at 16.51.20\" width=\"2000\" height=\"1496\" \/>\r\n\t\t\t\t\t\t\t\t\t\t<div class=\"slideshow_description_box slideshow_transparent\">\r\n\t\t\t\t\t\t<div class=\"slideshow_title\">WhatsApp Image 2025-12-15 at 16.51.20<\/div>\t\t\t\t\t\t\t\t\t\t\t<\/div>\r\n\t\t\t\t<\/div>\r\n\r\n\t\t\t\t\t\t<div style=\"clear: both;\"><\/div><\/div><div class=\"slideshow_view\">\r\n\t\t\t\t<div class=\"slideshow_slide slideshow_slide_image\">\r\n\t\t\t\t\t\t\t\t\t\t\t<img src=\"https:\/\/agora.xtec.cat\/iesdecelra\/wp-content\/uploads\/usu1789\/2025\/12\/WhatsApp-Image-2025-12-15-at-16.51.19.jpeg\" alt=\"WhatsApp Image 2025-12-15 at 16.51.19\" width=\"2000\" height=\"1496\" \/>\r\n\t\t\t\t\t\t\t\t\t\t<div class=\"slideshow_description_box slideshow_transparent\">\r\n\t\t\t\t\t\t<div class=\"slideshow_title\">WhatsApp Image 2025-12-15 at 16.51.19<\/div>\t\t\t\t\t\t\t\t\t\t\t<\/div>\r\n\t\t\t\t<\/div>\r\n\r\n\t\t\t\t\t\t<div style=\"clear: both;\"><\/div><\/div><div class=\"slideshow_view\">\r\n\t\t\t\t<div class=\"slideshow_slide slideshow_slide_image\">\r\n\t\t\t\t\t\t\t\t\t\t\t<img src=\"https:\/\/agora.xtec.cat\/iesdecelra\/wp-content\/uploads\/usu1789\/2025\/12\/WhatsApp-Image-2025-12-15-at-16.51.19-1.jpeg\" alt=\"WhatsApp Image 2025-12-15 at 16.51.19 (1)\" width=\"2000\" height=\"1496\" \/>\r\n\t\t\t\t\t\t\t\t\t\t<div class=\"slideshow_description_box slideshow_transparent\">\r\n\t\t\t\t\t\t<div class=\"slideshow_title\">WhatsApp Image 2025-12-15 at 16.51.19 (1)<\/div>\t\t\t\t\t\t\t\t\t\t\t<\/div>\r\n\t\t\t\t<\/div>\r\n\r\n\t\t\t\t\t\t<div style=\"clear: both;\"><\/div><\/div><div class=\"slideshow_view\">\r\n\t\t\t\t<div class=\"slideshow_slide slideshow_slide_image\">\r\n\t\t\t\t\t\t\t\t\t\t\t<img src=\"https:\/\/agora.xtec.cat\/iesdecelra\/wp-content\/uploads\/usu1789\/2025\/12\/WhatsApp-Image-2025-12-15-at-16.51.18.jpeg\" alt=\"WhatsApp Image 2025-12-15 at 16.51.18\" width=\"1450\" height=\"1768\" \/>\r\n\t\t\t\t\t\t\t\t\t\t<div class=\"slideshow_description_box slideshow_transparent\">\r\n\t\t\t\t\t\t<div class=\"slideshow_title\">WhatsApp Image 2025-12-15 at 16.51.18<\/div>\t\t\t\t\t\t\t\t\t\t\t<\/div>\r\n\t\t\t\t<\/div>\r\n\r\n\t\t\t\t\t\t<div style=\"clear: both;\"><\/div><\/div><div class=\"slideshow_view\">\r\n\t\t\t\t<div class=\"slideshow_slide slideshow_slide_image\">\r\n\t\t\t\t\t\t\t\t\t\t\t<img src=\"https:\/\/agora.xtec.cat\/iesdecelra\/wp-content\/uploads\/usu1789\/2025\/12\/WhatsApp-Image-2025-12-15-at-16.51.18-3.jpeg\" alt=\"WhatsApp Image 2025-12-15 at 16.51.18 (3)\" width=\"1536\" height=\"2048\" \/>\r\n\t\t\t\t\t\t\t\t\t\t<div class=\"slideshow_description_box slideshow_transparent\">\r\n\t\t\t\t\t\t<div class=\"slideshow_title\">WhatsApp Image 2025-12-15 at 16.51.18 (3)<\/div>\t\t\t\t\t\t\t\t\t\t\t<\/div>\r\n\t\t\t\t<\/div>\r\n\r\n\t\t\t\t\t\t<div style=\"clear: both;\"><\/div><\/div><div class=\"slideshow_view\">\r\n\t\t\t\t<div class=\"slideshow_slide slideshow_slide_image\">\r\n\t\t\t\t\t\t\t\t\t\t\t<img src=\"https:\/\/agora.xtec.cat\/iesdecelra\/wp-content\/uploads\/usu1789\/2025\/12\/WhatsApp-Image-2025-12-15-at-16.51.18-2.jpeg\" alt=\"WhatsApp Image 2025-12-15 at 16.51.18 (2)\" width=\"1536\" height=\"2048\" \/>\r\n\t\t\t\t\t\t\t\t\t\t<div class=\"slideshow_description_box slideshow_transparent\">\r\n\t\t\t\t\t\t<div class=\"slideshow_title\">WhatsApp Image 2025-12-15 at 16.51.18 (2)<\/div>\t\t\t\t\t\t\t\t\t\t\t<\/div>\r\n\t\t\t\t<\/div>\r\n\r\n\t\t\t\t\t\t<div style=\"clear: both;\"><\/div><\/div>\r\n\t\t<\/div>\r\n\r\n\t\t<div class=\"slideshow_controlPanel slideshow_transparent\" style=\"display: none;\"><ul><li class=\"slideshow_togglePlay\" data-play-text=\"Visualitza\" data-pause-text=\"Pausa\"><\/li><\/ul><\/div>\r\n\r\n\t\t<div class=\"slideshow_button slideshow_previous slideshow_transparent\" role=\"button\" data-previous-text=\"Anterior\" style=\"display: none;\"><\/div>\r\n\t\t<div class=\"slideshow_button slideshow_next slideshow_transparent\" role=\"button\" data-next-text=\"Seg\u00fcent\" style=\"display: none;\"><\/div>\r\n\r\n\t\t<div class=\"slideshow_pagination\" style=\"display: none;\" data-go-to-text=\"V\u00e9s a la diapositiva\"><div class=\"slideshow_pagination_center\"><\/div><\/div>\r\n\r\n\t\t<!-- WordPress Slideshow Version 2.3.1 -->\r\n\r\n\t\t\t<\/div>\r\n\r\n\n","protected":false},"excerpt":{"rendered":"<p>El passat dijous l&#8217;alumnat de l&#8217;optativa de Dibuix va anar a fer una visita guiada pels murals de carrer, art urb\u00e0, de la 7a edici\u00f3 del Festival Monar&#8217;t. Un projecte social i participatiu que mobilitza el poble de Can Gibert del Pla i Santa Eug\u00e8nia&hellip;  <a href=\"https:\/\/agora.xtec.cat\/iesdecelra\/cursos\/eso\/eso-4\/murals-monart-25\/\" title=\"Read MURALS MONAR&#8217;T 25\">Llegeix m\u00e9s\u00bb<\/a><\/p>\n","protected":false},"author":1,"featured_media":13187,"comment_status":"open","ping_status":"open","sticky":false,"template":"","format":"standard","meta":{"_bbp_topic_count":0,"_bbp_reply_count":0,"_bbp_total_topic_count":0,"_bbp_total_reply_count":0,"_bbp_voice_count":0,"_bbp_anonymous_reply_count":0,"_bbp_topic_count_hidden":0,"_bbp_reply_count_hidden":0,"_bbp_forum_subforum_count":0,"footnotes":""},"categories":[103,7],"tags":[515],"class_list":["post-13188","post","type-post","status-publish","format-standard","has-post-thumbnail","hentry","category-actualitat","category-eso-4","tag-curs-2025-2026"],"post_mailing_queue_ids":[],"_links":{"self":[{"href":"https:\/\/agora.xtec.cat\/iesdecelra\/wp-json\/wp\/v2\/posts\/13188","targetHints":{"allow":["GET"]}}],"collection":[{"href":"https:\/\/agora.xtec.cat\/iesdecelra\/wp-json\/wp\/v2\/posts"}],"about":[{"href":"https:\/\/agora.xtec.cat\/iesdecelra\/wp-json\/wp\/v2\/types\/post"}],"author":[{"embeddable":true,"href":"https:\/\/agora.xtec.cat\/iesdecelra\/wp-json\/wp\/v2\/users\/1"}],"replies":[{"embeddable":true,"href":"https:\/\/agora.xtec.cat\/iesdecelra\/wp-json\/wp\/v2\/comments?post=13188"}],"version-history":[{"count":3,"href":"https:\/\/agora.xtec.cat\/iesdecelra\/wp-json\/wp\/v2\/posts\/13188\/revisions"}],"predecessor-version":[{"id":13191,"href":"https:\/\/agora.xtec.cat\/iesdecelra\/wp-json\/wp\/v2\/posts\/13188\/revisions\/13191"}],"wp:featuredmedia":[{"embeddable":true,"href":"https:\/\/agora.xtec.cat\/iesdecelra\/wp-json\/wp\/v2\/media\/13187"}],"wp:attachment":[{"href":"https:\/\/agora.xtec.cat\/iesdecelra\/wp-json\/wp\/v2\/media?parent=13188"}],"wp:term":[{"taxonomy":"category","embeddable":true,"href":"https:\/\/agora.xtec.cat\/iesdecelra\/wp-json\/wp\/v2\/categories?post=13188"},{"taxonomy":"post_tag","embeddable":true,"href":"https:\/\/agora.xtec.cat\/iesdecelra\/wp-json\/wp\/v2\/tags?post=13188"}],"curies":[{"name":"wp","href":"https:\/\/api.w.org\/{rel}","templated":true}]}}