{"id":13168,"date":"2025-12-02T14:25:05","date_gmt":"2025-12-02T13:25:05","guid":{"rendered":"https:\/\/agora.xtec.cat\/iesdecelra\/?p=13168"},"modified":"2025-12-10T21:41:24","modified_gmt":"2025-12-10T20:41:24","slug":"setmana-de-la-prevencio-de-residus-raee-2025","status":"publish","type":"post","link":"https:\/\/agora.xtec.cat\/iesdecelra\/actualitat\/setmana-de-la-prevencio-de-residus-raee-2025\/","title":{"rendered":"SETMANA DE LA PREVENCI\u00d3 DE RESIDUS RAEE 2025"},"content":{"rendered":"<p>Aquest any, la Setmana Europea de la Prevenci\u00f3 de Residus ha estat enfocada principalment als RAEE, Residus d&#8217;Aparells El\u00e8ctrics i Electr\u00f2nics.<\/p>\n<div>Si feu una ullada a les vostres llars, us adonareu de la gran quantitat d&#8217;aparells que ens envolten: assecador, rentaplats, raspall el\u00e8ctric, m\u00f2bil, ordinador&#8230; Tenim infinitat d&#8217;aparells que s&#8217;han tornat imprescindibles pel nostre dia a dia. Aquests aparells s&#8217;espatllen i sovint els restituim r\u00e0pidament.<\/div>\n<div><\/div>\n<div>Per adonar-nos de qu\u00e8 podem fer per allargar-ne la vida i de si els podem reparar o d&#8217;on els hem de dur un cop s&#8217;han convertit en un residu, des de l&#8217;Skamot Verd hem:<\/div>\n<div>&#8211; Enviat 5 consells, un per cada dia de la setmana a tota la comunitat educativa.<\/div>\n<div>&#8211; Passat un documental molt interessant de l&#8217;Ag\u00e8ncia Catalana de Residus, durant dos patis, que podeu recuperar en aquest enlla\u00e7:\u00a0\u00a0<a href=\"https:\/\/www.youtube.com\/watch?v=A8uPfl_wBgo\" target=\"_blank\" rel=\"noopener\" data-saferedirecturl=\"https:\/\/www.google.com\/url?q=https:\/\/www.youtube.com\/watch?v%3DA8uPfl_wBgo&amp;source=gmail&amp;ust=1764767207756000&amp;usg=AOvVaw3ahTtomB-ZxtGYYIsPmfN8\">https:\/\/www.youtube.<wbr \/>com\/watch?v=A8uPfl_wBgo<\/a><\/div>\n<div>&#8211; Hem estat posant en pr\u00e0ctica, un dels patis, el 4t consell que serveix per reparar alguns aparells senzills, gr\u00e0cies a en Pau Valls.<\/div>\n<div>&#8211; Finalment, la Rosa Hern\u00e1ndez, de 2n de batxillerat, ens va presentar el seu treball de recerca ja que va fer un vestit a partir d&#8217;un residu i ens serveix d&#8217;exemple de la gran quantitat de coses que podem fer.<\/div>\n<div><\/div>\n<div>Moltes gr\u00e0cies a tothom que va participar en alguna de les activitat, esperem haver-vos inspirat i recordeu que els petits canvis s\u00f3n poderosos.<\/div>\n<div><\/div>\n<div>Skamot Verd<\/div>\n<div><img loading=\"lazy\" decoding=\"async\" class=\"wp-image-13169 alignleft\" src=\"https:\/\/agora.xtec.cat\/iesdecelra\/wp-content\/uploads\/usu1789\/2025\/12\/unnamed.png\" alt=\"\" width=\"91\" height=\"141\" srcset=\"https:\/\/agora.xtec.cat\/iesdecelra\/wp-content\/uploads\/usu1789\/2025\/12\/unnamed.png 360w, https:\/\/agora.xtec.cat\/iesdecelra\/wp-content\/uploads\/usu1789\/2025\/12\/unnamed-194x300.png 194w\" sizes=\"auto, (max-width: 91px) 100vw, 91px\" \/><\/div>\n<div><\/div>\n<div><\/div>\n<div><\/div>\n<div><\/div>\n<div><\/div>\n<div><\/div>\n<div><\/div>\n<div><\/div>\n<div><\/div>\n<div><\/div>\n<div><\/div>\n<div>\r\n\t<div class=\"slideshow_container slideshow_container_style-light\" style=\"height: 500px; \" data-slideshow-id=\"13159\" data-style-name=\"style-light\" data-style-version=\"2.3.1\" >\r\n\r\n\t\t\t\t\t<div class=\"slideshow_loading_icon\"><\/div>\r\n\t\t\r\n\t\t<div class=\"slideshow_content\" style=\"display: none;\">\r\n\r\n\t\t\t<div class=\"slideshow_view\">\r\n\t\t\t\t<div class=\"slideshow_slide slideshow_slide_image\">\r\n\t\t\t\t\t\t\t\t\t\t\t<img src=\"https:\/\/agora.xtec.cat\/iesdecelra\/wp-content\/uploads\/usu1789\/2025\/12\/Consell-dijous.png\" alt=\"Consell dijous\" width=\"1024\" height=\"573\" \/>\r\n\t\t\t\t\t\t\t\t\t\t<div class=\"slideshow_description_box slideshow_transparent\">\r\n\t\t\t\t\t\t<div class=\"slideshow_title\">Consell dijous<\/div>\t\t\t\t\t\t\t\t\t\t\t<\/div>\r\n\t\t\t\t<\/div>\r\n\r\n\t\t\t\t\t\t<div style=\"clear: both;\"><\/div><\/div><div class=\"slideshow_view\">\r\n\t\t\t\t<div class=\"slideshow_slide slideshow_slide_image\">\r\n\t\t\t\t\t\t\t\t\t\t\t<img src=\"https:\/\/agora.xtec.cat\/iesdecelra\/wp-content\/uploads\/usu1789\/2025\/12\/Consell-divendres.png\" alt=\"Consell divendres\" width=\"1024\" height=\"573\" \/>\r\n\t\t\t\t\t\t\t\t\t\t<div class=\"slideshow_description_box slideshow_transparent\">\r\n\t\t\t\t\t\t<div class=\"slideshow_title\">Consell divendres<\/div>\t\t\t\t\t\t\t\t\t\t\t<\/div>\r\n\t\t\t\t<\/div>\r\n\r\n\t\t\t\t\t\t<div style=\"clear: both;\"><\/div><\/div><div class=\"slideshow_view\">\r\n\t\t\t\t<div class=\"slideshow_slide slideshow_slide_image\">\r\n\t\t\t\t\t\t\t\t\t\t\t<img src=\"https:\/\/agora.xtec.cat\/iesdecelra\/wp-content\/uploads\/usu1789\/2025\/12\/Consell-dimecres.png\" alt=\"Consell dimecres\" width=\"1024\" height=\"573\" \/>\r\n\t\t\t\t\t\t\t\t\t\t<div class=\"slideshow_description_box slideshow_transparent\">\r\n\t\t\t\t\t\t<div class=\"slideshow_title\">Consell dimecres<\/div>\t\t\t\t\t\t\t\t\t\t\t<\/div>\r\n\t\t\t\t<\/div>\r\n\r\n\t\t\t\t\t\t<div style=\"clear: both;\"><\/div><\/div><div class=\"slideshow_view\">\r\n\t\t\t\t<div class=\"slideshow_slide slideshow_slide_image\">\r\n\t\t\t\t\t\t\t\t\t\t\t<img src=\"https:\/\/agora.xtec.cat\/iesdecelra\/wp-content\/uploads\/usu1789\/2025\/12\/Consell-dimarts.png\" alt=\"Consell dimarts\" width=\"1024\" height=\"573\" \/>\r\n\t\t\t\t\t\t\t\t\t\t<div class=\"slideshow_description_box slideshow_transparent\">\r\n\t\t\t\t\t\t<div class=\"slideshow_title\">Consell dimarts<\/div>\t\t\t\t\t\t\t\t\t\t\t<\/div>\r\n\t\t\t\t<\/div>\r\n\r\n\t\t\t\t\t\t<div style=\"clear: both;\"><\/div><\/div><div class=\"slideshow_view\">\r\n\t\t\t\t<div class=\"slideshow_slide slideshow_slide_image\">\r\n\t\t\t\t\t\t\t\t\t\t\t<img src=\"https:\/\/agora.xtec.cat\/iesdecelra\/wp-content\/uploads\/usu1789\/2025\/12\/Consell-dilluns.png\" alt=\"Consell dilluns\" width=\"1024\" height=\"573\" \/>\r\n\t\t\t\t\t\t\t\t\t\t<div class=\"slideshow_description_box slideshow_transparent\">\r\n\t\t\t\t\t\t<div class=\"slideshow_title\">Consell dilluns<\/div>\t\t\t\t\t\t\t\t\t\t\t<\/div>\r\n\t\t\t\t<\/div>\r\n\r\n\t\t\t\t\t\t<div style=\"clear: both;\"><\/div><\/div><div class=\"slideshow_view\">\r\n\t\t\t\t<div class=\"slideshow_slide slideshow_slide_image\">\r\n\t\t\t\t\t\t\t\t\t\t\t<img src=\"https:\/\/agora.xtec.cat\/iesdecelra\/wp-content\/uploads\/usu1789\/2025\/12\/PHOTO-2025-11-28-17-36-06.jpg\" alt=\"PHOTO-2025-11-28-17-36-06\" width=\"2000\" height=\"1500\" \/>\r\n\t\t\t\t\t\t\t\t\t\t<div class=\"slideshow_description_box slideshow_transparent\">\r\n\t\t\t\t\t\t<div class=\"slideshow_title\">PHOTO-2025-11-28-17-36-06<\/div>\t\t\t\t\t\t\t\t\t\t\t<\/div>\r\n\t\t\t\t<\/div>\r\n\r\n\t\t\t\t\t\t<div style=\"clear: both;\"><\/div><\/div><div class=\"slideshow_view\">\r\n\t\t\t\t<div class=\"slideshow_slide slideshow_slide_image\">\r\n\t\t\t\t\t\t\t\t\t\t\t<img src=\"https:\/\/agora.xtec.cat\/iesdecelra\/wp-content\/uploads\/usu1789\/2025\/12\/PHOTO-2025-11-27-12-56-40-1.jpg\" alt=\"PHOTO-2025-11-27-12-56-40 (1)\" width=\"2000\" height=\"1500\" \/>\r\n\t\t\t\t\t\t\t\t\t\t<div class=\"slideshow_description_box slideshow_transparent\">\r\n\t\t\t\t\t\t<div class=\"slideshow_title\">PHOTO-2025-11-27-12-56-40 (1)<\/div>\t\t\t\t\t\t\t\t\t\t\t<\/div>\r\n\t\t\t\t<\/div>\r\n\r\n\t\t\t\t\t\t<div style=\"clear: both;\"><\/div><\/div><div class=\"slideshow_view\">\r\n\t\t\t\t<div class=\"slideshow_slide slideshow_slide_image\">\r\n\t\t\t\t\t\t\t\t\t\t\t<img src=\"https:\/\/agora.xtec.cat\/iesdecelra\/wp-content\/uploads\/usu1789\/2025\/12\/PHOTO-2025-11-26-13-08-52.jpg\" alt=\"PHOTO-2025-11-26-13-08-52\" width=\"1600\" height=\"1200\" \/>\r\n\t\t\t\t\t\t\t\t\t\t<div class=\"slideshow_description_box slideshow_transparent\">\r\n\t\t\t\t\t\t<div class=\"slideshow_title\">PHOTO-2025-11-26-13-08-52<\/div>\t\t\t\t\t\t\t\t\t\t\t<\/div>\r\n\t\t\t\t<\/div>\r\n\r\n\t\t\t\t\t\t<div style=\"clear: both;\"><\/div><\/div>\r\n\t\t<\/div>\r\n\r\n\t\t<div class=\"slideshow_controlPanel slideshow_transparent\" style=\"display: none;\"><ul><li class=\"slideshow_togglePlay\" data-play-text=\"Visualitza\" data-pause-text=\"Pausa\"><\/li><\/ul><\/div>\r\n\r\n\t\t<div class=\"slideshow_button slideshow_previous slideshow_transparent\" role=\"button\" data-previous-text=\"Anterior\" style=\"display: none;\"><\/div>\r\n\t\t<div class=\"slideshow_button slideshow_next slideshow_transparent\" role=\"button\" data-next-text=\"Seg\u00fcent\" style=\"display: none;\"><\/div>\r\n\r\n\t\t<div class=\"slideshow_pagination\" style=\"display: none;\" data-go-to-text=\"V\u00e9s a la diapositiva\"><div class=\"slideshow_pagination_center\"><\/div><\/div>\r\n\r\n\t\t<!-- WordPress Slideshow Version 2.3.1 -->\r\n\r\n\t\t\t<\/div>\r\n\r\n<\/div>\n<div><\/div>\n<div><\/div>\n<div><\/div>\n","protected":false},"excerpt":{"rendered":"<p>Aquest any, la Setmana Europea de la Prevenci\u00f3 de Residus ha estat enfocada principalment als RAEE, Residus d&#8217;Aparells El\u00e8ctrics i Electr\u00f2nics.<br \/>\nSi feu una ullada a les vostres llars, us adonareu de la gran quantitat d&#8217;aparells que ens envolten: assecador, rentaplats, raspall el\u00e8ctric, m\u00f2bil, ordinador&#8230; Tenim&hellip;  <a href=\"https:\/\/agora.xtec.cat\/iesdecelra\/actualitat\/setmana-de-la-prevencio-de-residus-raee-2025\/\" title=\"Read SETMANA DE LA PREVENCI\u00d3 DE RESIDUS RAEE 2025\">Llegeix m\u00e9s\u00bb<\/a><\/p>\n","protected":false},"author":1,"featured_media":0,"comment_status":"open","ping_status":"open","sticky":false,"template":"","format":"standard","meta":{"_bbp_topic_count":0,"_bbp_reply_count":0,"_bbp_total_topic_count":0,"_bbp_total_reply_count":0,"_bbp_voice_count":0,"_bbp_anonymous_reply_count":0,"_bbp_topic_count_hidden":0,"_bbp_reply_count_hidden":0,"_bbp_forum_subforum_count":0,"footnotes":""},"categories":[103,345],"tags":[515,56,350],"class_list":["post-13168","post","type-post","status-publish","format-standard","hentry","category-actualitat","category-escola-verda","tag-curs-2025-2026","tag-escola-verda","tag-skamot-verd"],"post_mailing_queue_ids":[],"_links":{"self":[{"href":"https:\/\/agora.xtec.cat\/iesdecelra\/wp-json\/wp\/v2\/posts\/13168","targetHints":{"allow":["GET"]}}],"collection":[{"href":"https:\/\/agora.xtec.cat\/iesdecelra\/wp-json\/wp\/v2\/posts"}],"about":[{"href":"https:\/\/agora.xtec.cat\/iesdecelra\/wp-json\/wp\/v2\/types\/post"}],"author":[{"embeddable":true,"href":"https:\/\/agora.xtec.cat\/iesdecelra\/wp-json\/wp\/v2\/users\/1"}],"replies":[{"embeddable":true,"href":"https:\/\/agora.xtec.cat\/iesdecelra\/wp-json\/wp\/v2\/comments?post=13168"}],"version-history":[{"count":2,"href":"https:\/\/agora.xtec.cat\/iesdecelra\/wp-json\/wp\/v2\/posts\/13168\/revisions"}],"predecessor-version":[{"id":13171,"href":"https:\/\/agora.xtec.cat\/iesdecelra\/wp-json\/wp\/v2\/posts\/13168\/revisions\/13171"}],"wp:attachment":[{"href":"https:\/\/agora.xtec.cat\/iesdecelra\/wp-json\/wp\/v2\/media?parent=13168"}],"wp:term":[{"taxonomy":"category","embeddable":true,"href":"https:\/\/agora.xtec.cat\/iesdecelra\/wp-json\/wp\/v2\/categories?post=13168"},{"taxonomy":"post_tag","embeddable":true,"href":"https:\/\/agora.xtec.cat\/iesdecelra\/wp-json\/wp\/v2\/tags?post=13168"}],"curies":[{"name":"wp","href":"https:\/\/api.w.org\/{rel}","templated":true}]}}