{"id":13094,"date":"2025-11-18T10:43:12","date_gmt":"2025-11-18T09:43:12","guid":{"rendered":"https:\/\/agora.xtec.cat\/iesdecelra\/?p=13094"},"modified":"2025-11-18T10:43:12","modified_gmt":"2025-11-18T09:43:12","slug":"guanyadors-concurs-pintura-rapida","status":"publish","type":"post","link":"https:\/\/agora.xtec.cat\/iesdecelra\/cursos\/eso\/eso-4\/guanyadors-concurs-pintura-rapida\/","title":{"rendered":"GUANYADORS CONCURS PINTURA R\u00c0PIDA"},"content":{"rendered":"<p>El passat divendres es van lliurar, a l&#8217;Auditori de La Merc\u00e8, els premis del Concurs de Pintura R\u00e0pida al que van participar els alumnes de l&#8217;optativa de dibuix de 4t d&#8217;ESO. Les representacions es van fer durant el mat\u00ed del passat 17 d&#8217;octubre. Els alumnes de l&#8217;institut es van escampar pels jardins que rodegen els banys \u00e0rabs, des d&#8217;on es veu el Monestir de Sant Pere Galligants i les esquenes de la bas\u00edlica de Sant Feliu.<\/p>\n<p>Aquest concurs pret\u00e9n que nens i nenes aix\u00ed com nois i noies, puguin valorar alguns dels espais emblem\u00e0tics de la ciutat i gaudir de l&#8217;experi\u00e8ncia de treballar fora de l&#8217;aula.<\/p>\n<p>El jurat ha decidit premiar amb el 1r i 2n premi de la categoria juvenil 2, 3r i 4t d&#8217;ESO, dos alumnes del nostre institut:<\/p>\n<p>&#8211; El 1r Premi ha estat per en Samu Cancio L\u00f3pez<\/p>\n<p>&#8211; El 2n Premi per la Jana M\u00e0rquez Serra.<\/p>\n<p>L&#8217;enhorabona a tots dos!!!<\/p>\n\r\n\t<div class=\"slideshow_container slideshow_container_style-light\" style=\"height: 500px; \" data-slideshow-id=\"13097\" data-style-name=\"style-light\" data-style-version=\"2.3.1\" >\r\n\r\n\t\t\t\t\t<div class=\"slideshow_loading_icon\"><\/div>\r\n\t\t\r\n\t\t<div class=\"slideshow_content\" style=\"display: none;\">\r\n\r\n\t\t\t<div class=\"slideshow_view\">\r\n\t\t\t\t<div class=\"slideshow_slide slideshow_slide_image\">\r\n\t\t\t\t\t\t\t\t\t\t\t<img src=\"https:\/\/agora.xtec.cat\/iesdecelra\/wp-content\/uploads\/usu1789\/2025\/11\/WhatsApp-Image-2025-11-17-at-21.53.54.jpeg\" alt=\"WhatsApp Image 2025-11-17 at 21.53.54\" width=\"1496\" height=\"2000\" \/>\r\n\t\t\t\t\t\t\t\t\t\t<div class=\"slideshow_description_box slideshow_transparent\">\r\n\t\t\t\t\t\t<div class=\"slideshow_title\">WhatsApp Image 2025-11-17 at 21.53.54<\/div>\t\t\t\t\t\t\t\t\t\t\t<\/div>\r\n\t\t\t\t<\/div>\r\n\r\n\t\t\t\t\t\t<div style=\"clear: both;\"><\/div><\/div><div class=\"slideshow_view\">\r\n\t\t\t\t<div class=\"slideshow_slide slideshow_slide_image\">\r\n\t\t\t\t\t\t\t\t\t\t\t<img src=\"https:\/\/agora.xtec.cat\/iesdecelra\/wp-content\/uploads\/usu1789\/2025\/11\/WhatsApp-Image-2025-11-17-at-21.53.30.jpeg\" alt=\"WhatsApp Image 2025-11-17 at 21.53.30\" width=\"1600\" height=\"1196\" \/>\r\n\t\t\t\t\t\t\t\t\t\t<div class=\"slideshow_description_box slideshow_transparent\">\r\n\t\t\t\t\t\t<div class=\"slideshow_title\">WhatsApp Image 2025-11-17 at 21.53.30<\/div>\t\t\t\t\t\t\t\t\t\t\t<\/div>\r\n\t\t\t\t<\/div>\r\n\r\n\t\t\t\t\t\t<div style=\"clear: both;\"><\/div><\/div><div class=\"slideshow_view\">\r\n\t\t\t\t<div class=\"slideshow_slide slideshow_slide_image\">\r\n\t\t\t\t\t\t\t\t\t\t\t<img src=\"https:\/\/agora.xtec.cat\/iesdecelra\/wp-content\/uploads\/usu1789\/2025\/11\/WhatsApp-Image-2025-11-17-at-21.53.05.jpeg\" alt=\"WhatsApp Image 2025-11-17 at 21.53.05\" width=\"1425\" height=\"1794\" \/>\r\n\t\t\t\t\t\t\t\t\t\t<div class=\"slideshow_description_box slideshow_transparent\">\r\n\t\t\t\t\t\t<div class=\"slideshow_title\">WhatsApp Image 2025-11-17 at 21.53.05<\/div>\t\t\t\t\t\t\t\t\t\t\t<\/div>\r\n\t\t\t\t<\/div>\r\n\r\n\t\t\t\t\t\t<div style=\"clear: both;\"><\/div><\/div><div class=\"slideshow_view\">\r\n\t\t\t\t<div class=\"slideshow_slide slideshow_slide_image\">\r\n\t\t\t\t\t\t\t\t\t\t\t<img src=\"https:\/\/agora.xtec.cat\/iesdecelra\/wp-content\/uploads\/usu1789\/2025\/11\/WhatsApp-Image-2025-11-17-at-21.52.44.jpeg\" alt=\"WhatsApp Image 2025-11-17 at 21.52.44\" width=\"1600\" height=\"1196\" \/>\r\n\t\t\t\t\t\t\t\t\t\t<div class=\"slideshow_description_box slideshow_transparent\">\r\n\t\t\t\t\t\t<div class=\"slideshow_title\">WhatsApp Image 2025-11-17 at 21.52.44<\/div>\t\t\t\t\t\t\t\t\t\t\t<\/div>\r\n\t\t\t\t<\/div>\r\n\r\n\t\t\t\t\t\t<div style=\"clear: both;\"><\/div><\/div>\r\n\t\t<\/div>\r\n\r\n\t\t<div class=\"slideshow_controlPanel slideshow_transparent\" style=\"display: none;\"><ul><li class=\"slideshow_togglePlay\" data-play-text=\"Visualitza\" data-pause-text=\"Pausa\"><\/li><\/ul><\/div>\r\n\r\n\t\t<div class=\"slideshow_button slideshow_previous slideshow_transparent\" role=\"button\" data-previous-text=\"Anterior\" style=\"display: none;\"><\/div>\r\n\t\t<div class=\"slideshow_button slideshow_next slideshow_transparent\" role=\"button\" data-next-text=\"Seg\u00fcent\" style=\"display: none;\"><\/div>\r\n\r\n\t\t<div class=\"slideshow_pagination\" style=\"display: none;\" data-go-to-text=\"V\u00e9s a la diapositiva\"><div class=\"slideshow_pagination_center\"><\/div><\/div>\r\n\r\n\t\t<!-- WordPress Slideshow Version 2.3.1 -->\r\n\r\n\t\t\t<\/div>\r\n\r\n\n","protected":false},"excerpt":{"rendered":"<p>El passat divendres es van lliurar, a l&#8217;Auditori de La Merc\u00e8, els premis del Concurs de Pintura R\u00e0pida al que van participar els alumnes de l&#8217;optativa de dibuix de 4t d&#8217;ESO. Les representacions es van fer durant el mat\u00ed del passat 17 d&#8217;octubre. Els alumnes&hellip;  <a href=\"https:\/\/agora.xtec.cat\/iesdecelra\/cursos\/eso\/eso-4\/guanyadors-concurs-pintura-rapida\/\" title=\"Read GUANYADORS CONCURS PINTURA R\u00c0PIDA\">Llegeix m\u00e9s\u00bb<\/a><\/p>\n","protected":false},"author":1,"featured_media":13099,"comment_status":"open","ping_status":"open","sticky":false,"template":"","format":"standard","meta":{"_bbp_topic_count":0,"_bbp_reply_count":0,"_bbp_total_topic_count":0,"_bbp_total_reply_count":0,"_bbp_voice_count":0,"_bbp_anonymous_reply_count":0,"_bbp_topic_count_hidden":0,"_bbp_reply_count_hidden":0,"_bbp_forum_subforum_count":0,"footnotes":""},"categories":[103,218,7],"tags":[515],"class_list":["post-13094","post","type-post","status-publish","format-standard","has-post-thumbnail","hentry","category-actualitat","category-concursos-i-premis","category-eso-4","tag-curs-2025-2026"],"post_mailing_queue_ids":[],"_links":{"self":[{"href":"https:\/\/agora.xtec.cat\/iesdecelra\/wp-json\/wp\/v2\/posts\/13094","targetHints":{"allow":["GET"]}}],"collection":[{"href":"https:\/\/agora.xtec.cat\/iesdecelra\/wp-json\/wp\/v2\/posts"}],"about":[{"href":"https:\/\/agora.xtec.cat\/iesdecelra\/wp-json\/wp\/v2\/types\/post"}],"author":[{"embeddable":true,"href":"https:\/\/agora.xtec.cat\/iesdecelra\/wp-json\/wp\/v2\/users\/1"}],"replies":[{"embeddable":true,"href":"https:\/\/agora.xtec.cat\/iesdecelra\/wp-json\/wp\/v2\/comments?post=13094"}],"version-history":[{"count":3,"href":"https:\/\/agora.xtec.cat\/iesdecelra\/wp-json\/wp\/v2\/posts\/13094\/revisions"}],"predecessor-version":[{"id":13102,"href":"https:\/\/agora.xtec.cat\/iesdecelra\/wp-json\/wp\/v2\/posts\/13094\/revisions\/13102"}],"wp:featuredmedia":[{"embeddable":true,"href":"https:\/\/agora.xtec.cat\/iesdecelra\/wp-json\/wp\/v2\/media\/13099"}],"wp:attachment":[{"href":"https:\/\/agora.xtec.cat\/iesdecelra\/wp-json\/wp\/v2\/media?parent=13094"}],"wp:term":[{"taxonomy":"category","embeddable":true,"href":"https:\/\/agora.xtec.cat\/iesdecelra\/wp-json\/wp\/v2\/categories?post=13094"},{"taxonomy":"post_tag","embeddable":true,"href":"https:\/\/agora.xtec.cat\/iesdecelra\/wp-json\/wp\/v2\/tags?post=13094"}],"curies":[{"name":"wp","href":"https:\/\/api.w.org\/{rel}","templated":true}]}}