{"id":13067,"date":"2025-11-03T12:17:23","date_gmt":"2025-11-03T11:17:23","guid":{"rendered":"https:\/\/agora.xtec.cat\/iesdecelra\/?p=13067"},"modified":"2025-11-05T15:59:17","modified_gmt":"2025-11-05T14:59:17","slug":"eleccions-al-consell-escolar-2025","status":"publish","type":"post","link":"https:\/\/agora.xtec.cat\/iesdecelra\/actualitat\/eleccions-al-consell-escolar-2025\/","title":{"rendered":"ELECCIONS AL CONSELL ESCOLAR 2025"},"content":{"rendered":"<p><span style=\"font-weight: 400;\">Enguany a tots els centres de Catalunya s\u2019ha iniciat el proc\u00e9s per renovar part dels membres del Consell Escolar. L&#8217;equip de professionals dels centres i les fam\u00edlies compartim un objectiu: l&#8217;\u00e8xit social i personal de l\u2019alumnat. Les decisions que es prenen al Consell Escolar s\u00f3n clau per al funcionament i la millora del centre i, per tant, tamb\u00e9 per a l&#8217;\u00e8xit educatiu de tot l&#8217;alumnat. La participaci\u00f3 i implicaci\u00f3 de la comunitat educativa en les eleccions al Consell Escolar \u00e9s molt important. I \u00e9s per aix\u00f2 que us animem a presentar-vos com a candidats que representareu el vostre sector en el Consell Escolar.<\/span><\/p>\n<p>Per a m\u00e9s informaci\u00f3, podeu consultar <a href=\"https:\/\/agora.xtec.cat\/iesdecelra\/linstitut\/consell-escolar-2\/\">l&#8217;enlla\u00e7<\/a>.<\/p>\n","protected":false},"excerpt":{"rendered":"<p>Enguany a tots els centres de Catalunya s\u2019ha iniciat el proc\u00e9s per renovar part dels membres del Consell Escolar. L&#8217;equip de professionals dels centres i les fam\u00edlies compartim un objectiu: l&#8217;\u00e8xit social i personal de l\u2019alumnat. Les decisions que es prenen al Consell Escolar s\u00f3n&hellip;  <a href=\"https:\/\/agora.xtec.cat\/iesdecelra\/actualitat\/eleccions-al-consell-escolar-2025\/\" title=\"Read ELECCIONS AL CONSELL ESCOLAR 2025\">Llegeix m\u00e9s\u00bb<\/a><\/p>\n","protected":false},"author":1,"featured_media":9916,"comment_status":"open","ping_status":"open","sticky":false,"template":"","format":"standard","meta":{"_bbp_topic_count":0,"_bbp_reply_count":0,"_bbp_total_topic_count":0,"_bbp_total_reply_count":0,"_bbp_voice_count":0,"_bbp_anonymous_reply_count":0,"_bbp_topic_count_hidden":0,"_bbp_reply_count_hidden":0,"_bbp_forum_subforum_count":0,"footnotes":""},"categories":[103],"tags":[515],"class_list":["post-13067","post","type-post","status-publish","format-standard","has-post-thumbnail","hentry","category-actualitat","tag-curs-2025-2026"],"post_mailing_queue_ids":[],"_links":{"self":[{"href":"https:\/\/agora.xtec.cat\/iesdecelra\/wp-json\/wp\/v2\/posts\/13067","targetHints":{"allow":["GET"]}}],"collection":[{"href":"https:\/\/agora.xtec.cat\/iesdecelra\/wp-json\/wp\/v2\/posts"}],"about":[{"href":"https:\/\/agora.xtec.cat\/iesdecelra\/wp-json\/wp\/v2\/types\/post"}],"author":[{"embeddable":true,"href":"https:\/\/agora.xtec.cat\/iesdecelra\/wp-json\/wp\/v2\/users\/1"}],"replies":[{"embeddable":true,"href":"https:\/\/agora.xtec.cat\/iesdecelra\/wp-json\/wp\/v2\/comments?post=13067"}],"version-history":[{"count":1,"href":"https:\/\/agora.xtec.cat\/iesdecelra\/wp-json\/wp\/v2\/posts\/13067\/revisions"}],"predecessor-version":[{"id":13068,"href":"https:\/\/agora.xtec.cat\/iesdecelra\/wp-json\/wp\/v2\/posts\/13067\/revisions\/13068"}],"wp:featuredmedia":[{"embeddable":true,"href":"https:\/\/agora.xtec.cat\/iesdecelra\/wp-json\/wp\/v2\/media\/9916"}],"wp:attachment":[{"href":"https:\/\/agora.xtec.cat\/iesdecelra\/wp-json\/wp\/v2\/media?parent=13067"}],"wp:term":[{"taxonomy":"category","embeddable":true,"href":"https:\/\/agora.xtec.cat\/iesdecelra\/wp-json\/wp\/v2\/categories?post=13067"},{"taxonomy":"post_tag","embeddable":true,"href":"https:\/\/agora.xtec.cat\/iesdecelra\/wp-json\/wp\/v2\/tags?post=13067"}],"curies":[{"name":"wp","href":"https:\/\/api.w.org\/{rel}","templated":true}]}}