{"id":13057,"date":"2025-11-03T09:44:19","date_gmt":"2025-11-03T08:44:19","guid":{"rendered":"https:\/\/agora.xtec.cat\/iesdecelra\/?p=13057"},"modified":"2025-11-03T15:18:07","modified_gmt":"2025-11-03T14:18:07","slug":"el-rebost","status":"publish","type":"post","link":"https:\/\/agora.xtec.cat\/iesdecelra\/actualitat\/el-rebost\/","title":{"rendered":"EL REBOST"},"content":{"rendered":"<div id=\":np\" class=\"ii gt\">\n<div id=\":nq\" class=\"a3s aiL\">\n<div>\n<div dir=\"ltr\">\n<div>\n<div>\n<div>El 17 d&#8217;octubre els alumnes de la cooperativa de 4t vam anar a visitar \u201cEl rebost\u201d a Girona amb l&#8217;objectiu d&#8217;aprendre m\u00e9s sobre el funcionament de les cooperatives. Amb l&#8217;ajuda d&#8217;un dels seus socis, en Moritz, vam visitar per dins la cooperativa. Vam veure els productes que eren de bona qualitat i ecol\u00f2gics, li vam poder fer moltes preguntes i vam aprendre que no cal tenir un prove\u00efdor molt gran per fer una cooperativa. Tamb\u00e9 ens va recomanar vendre productes \u00fatils i que expliquem que s\u00f3n especials. Ens va interessar saber que s\u00ed que en part hi participa pels diners, per\u00f2 per invertir-los en un bon lloc. A El Rebost hi ha diferents tipus de preu segons si ets soci o no. Ens ha semblat una sortida interessant, \u00fatil i divertida. Agra\u00efm que ens hagi fet la visita gratis i ho recomanem per l&#8217;any que ve. Pr\u00f2ximament us explicarem la nostra cooperativa. \r\n\t<div class=\"slideshow_container slideshow_container_style-light\" style=\"height: 500px; \" data-slideshow-id=\"13050\" data-style-name=\"style-light\" data-style-version=\"2.3.1\" >\r\n\r\n\t\t\t\t\t<div class=\"slideshow_loading_icon\"><\/div>\r\n\t\t\r\n\t\t<div class=\"slideshow_content\" style=\"display: none;\">\r\n\r\n\t\t\t<div class=\"slideshow_view\">\r\n\t\t\t\t<div class=\"slideshow_slide slideshow_slide_image\">\r\n\t\t\t\t\t\t\t\t\t\t\t<img src=\"https:\/\/agora.xtec.cat\/iesdecelra\/wp-content\/uploads\/usu1789\/2025\/11\/WhatsApp-Image-2025-10-21-at-13.00.04-2.jpeg\" alt=\"WhatsApp Image 2025-10-21 at 13.00.04 (2)\" width=\"2048\" height=\"1536\" \/>\r\n\t\t\t\t\t\t\t\t\t\t<div class=\"slideshow_description_box slideshow_transparent\">\r\n\t\t\t\t\t\t<div class=\"slideshow_title\">WhatsApp Image 2025-10-21 at 13.00.04 (2)<\/div>\t\t\t\t\t\t\t\t\t\t\t<\/div>\r\n\t\t\t\t<\/div>\r\n\r\n\t\t\t\t\t\t<div style=\"clear: both;\"><\/div><\/div><div class=\"slideshow_view\">\r\n\t\t\t\t<div class=\"slideshow_slide slideshow_slide_image\">\r\n\t\t\t\t\t\t\t\t\t\t\t<img src=\"https:\/\/agora.xtec.cat\/iesdecelra\/wp-content\/uploads\/usu1789\/2025\/11\/WhatsApp-Image-2025-10-17-at-15.30.06-1-1.jpeg\" alt=\"WhatsApp Image 2025-10-17 at 15.30.06 (1) (1)\" width=\"2000\" height=\"1500\" \/>\r\n\t\t\t\t\t\t\t\t\t\t<div class=\"slideshow_description_box slideshow_transparent\">\r\n\t\t\t\t\t\t<div class=\"slideshow_title\">WhatsApp Image 2025-10-17 at 15.30.06 (1) (1)<\/div>\t\t\t\t\t\t\t\t\t\t\t<\/div>\r\n\t\t\t\t<\/div>\r\n\r\n\t\t\t\t\t\t<div style=\"clear: both;\"><\/div><\/div><div class=\"slideshow_view\">\r\n\t\t\t\t<div class=\"slideshow_slide slideshow_slide_image\">\r\n\t\t\t\t\t\t\t\t\t\t\t<img src=\"https:\/\/agora.xtec.cat\/iesdecelra\/wp-content\/uploads\/usu1789\/2025\/11\/WhatsApp-Image-2025-10-17-at-15.30.06-2.jpeg\" alt=\"WhatsApp Image 2025-10-17 at 15.30.06 (2)\" width=\"2000\" height=\"1500\" \/>\r\n\t\t\t\t\t\t\t\t\t\t<div class=\"slideshow_description_box slideshow_transparent\">\r\n\t\t\t\t\t\t<div class=\"slideshow_title\">WhatsApp Image 2025-10-17 at 15.30.06 (2)<\/div>\t\t\t\t\t\t\t\t\t\t\t<\/div>\r\n\t\t\t\t<\/div>\r\n\r\n\t\t\t\t\t\t<div style=\"clear: both;\"><\/div><\/div>\r\n\t\t<\/div>\r\n\r\n\t\t<div class=\"slideshow_controlPanel slideshow_transparent\" style=\"display: none;\"><ul><li class=\"slideshow_togglePlay\" data-play-text=\"Visualitza\" data-pause-text=\"Pausa\"><\/li><\/ul><\/div>\r\n\r\n\t\t<div class=\"slideshow_button slideshow_previous slideshow_transparent\" role=\"button\" data-previous-text=\"Anterior\" style=\"display: none;\"><\/div>\r\n\t\t<div class=\"slideshow_button slideshow_next slideshow_transparent\" role=\"button\" data-next-text=\"Seg\u00fcent\" style=\"display: none;\"><\/div>\r\n\r\n\t\t<div class=\"slideshow_pagination\" style=\"display: none;\" data-go-to-text=\"V\u00e9s a la diapositiva\"><div class=\"slideshow_pagination_center\"><\/div><\/div>\r\n\r\n\t\t<!-- WordPress Slideshow Version 2.3.1 -->\r\n\r\n\t\t\t<\/div>\r\n\r\n<\/div>\n<\/div>\n<\/div>\n<\/div>\n<div class=\"yj6qo\"><\/div>\n<div class=\"adL\"><\/div>\n<\/div>\n<\/div>\n<\/div>\n<div id=\":n9\" class=\"hq gt\"><\/div>\n","protected":false},"excerpt":{"rendered":"<p>El 17 d&#8217;octubre els alumnes de la cooperativa de 4t vam anar a visitar \u201cEl rebost\u201d a Girona amb l&#8217;objectiu d&#8217;aprendre m\u00e9s sobre el funcionament de les cooperatives. Amb l&#8217;ajuda d&#8217;un dels seus socis, en Moritz, vam visitar per dins la cooperativa. Vam veure els&hellip;  <a href=\"https:\/\/agora.xtec.cat\/iesdecelra\/actualitat\/el-rebost\/\" title=\"Read EL REBOST\">Llegeix m\u00e9s\u00bb<\/a><\/p>\n","protected":false},"author":1,"featured_media":0,"comment_status":"open","ping_status":"open","sticky":false,"template":"","format":"standard","meta":{"_bbp_topic_count":0,"_bbp_reply_count":0,"_bbp_total_topic_count":0,"_bbp_total_reply_count":0,"_bbp_voice_count":0,"_bbp_anonymous_reply_count":0,"_bbp_topic_count_hidden":0,"_bbp_reply_count_hidden":0,"_bbp_forum_subforum_count":0,"footnotes":""},"categories":[103,347],"tags":[515],"class_list":["post-13057","post","type-post","status-publish","format-standard","hentry","category-actualitat","category-cooperativa","tag-curs-2025-2026"],"post_mailing_queue_ids":[],"_links":{"self":[{"href":"https:\/\/agora.xtec.cat\/iesdecelra\/wp-json\/wp\/v2\/posts\/13057","targetHints":{"allow":["GET"]}}],"collection":[{"href":"https:\/\/agora.xtec.cat\/iesdecelra\/wp-json\/wp\/v2\/posts"}],"about":[{"href":"https:\/\/agora.xtec.cat\/iesdecelra\/wp-json\/wp\/v2\/types\/post"}],"author":[{"embeddable":true,"href":"https:\/\/agora.xtec.cat\/iesdecelra\/wp-json\/wp\/v2\/users\/1"}],"replies":[{"embeddable":true,"href":"https:\/\/agora.xtec.cat\/iesdecelra\/wp-json\/wp\/v2\/comments?post=13057"}],"version-history":[{"count":3,"href":"https:\/\/agora.xtec.cat\/iesdecelra\/wp-json\/wp\/v2\/posts\/13057\/revisions"}],"predecessor-version":[{"id":13070,"href":"https:\/\/agora.xtec.cat\/iesdecelra\/wp-json\/wp\/v2\/posts\/13057\/revisions\/13070"}],"wp:attachment":[{"href":"https:\/\/agora.xtec.cat\/iesdecelra\/wp-json\/wp\/v2\/media?parent=13057"}],"wp:term":[{"taxonomy":"category","embeddable":true,"href":"https:\/\/agora.xtec.cat\/iesdecelra\/wp-json\/wp\/v2\/categories?post=13057"},{"taxonomy":"post_tag","embeddable":true,"href":"https:\/\/agora.xtec.cat\/iesdecelra\/wp-json\/wp\/v2\/tags?post=13057"}],"curies":[{"name":"wp","href":"https:\/\/api.w.org\/{rel}","templated":true}]}}