{"id":1291,"date":"2018-11-28T11:00:37","date_gmt":"2018-11-28T10:00:37","guid":{"rendered":"http:\/\/agora.xtec.cat\/iesdecelra\/?p=1291"},"modified":"2019-01-09T10:49:03","modified_gmt":"2019-01-09T09:49:03","slug":"26-de-novembre-de-2018","status":"publish","type":"post","link":"https:\/\/agora.xtec.cat\/iesdecelra\/general\/musica-de-la-setmana\/26-de-novembre-de-2018\/","title":{"rendered":"26 de novembre de 2018"},"content":{"rendered":"<p>Aquest dissabte va fer 27 anys de la mort de Freddie Mercury i volem fer-li un petit homenatge aquesta setmana amb <em>A kind of Magic<\/em> sonant pels altaveus del nostre institut.<\/p>\n<p><iframe loading=\"lazy\" title=\"Queen - A Kind of Magic (Official Video Remastered)\" width=\"500\" height=\"375\" src=\"https:\/\/www.youtube.com\/embed\/0p_1QSUsbsM?feature=oembed\" frameborder=\"0\" allow=\"accelerometer; autoplay; clipboard-write; encrypted-media; gyroscope; picture-in-picture; web-share\" referrerpolicy=\"strict-origin-when-cross-origin\" allowfullscreen><\/iframe><\/p>\n<p>&nbsp;<\/p>\n<p><span style=\"color: #000000;\"><b>Farrokh Bulsara<\/b>, m\u00e9s conegut pel nom art\u00edstic de\u00a0<i><b>Freddie Mercury<\/b><\/i>\u00a0(<a style=\"color: #000000;\" title=\"Stone Town\" href=\"https:\/\/ca.wikipedia.org\/wiki\/Stone_Town\">Stone Town<\/a>,\u00a0<a style=\"color: #000000;\" title=\"Zanz\u00edbar\" href=\"https:\/\/ca.wikipedia.org\/wiki\/Zanz%C3%ADbar\">Zanz\u00edbar<\/a>,\u00a0<a style=\"color: #000000;\" title=\"5 de setembre\" href=\"https:\/\/ca.wikipedia.org\/wiki\/5_de_setembre\">5 de setembre<\/a>\u00a0de\u00a0<a style=\"color: #000000;\" title=\"1946\" href=\"https:\/\/ca.wikipedia.org\/wiki\/1946\">1946<\/a>\u00a0&#8211;\u00a0<a style=\"color: #000000;\" title=\"Kensington i Chelsea\" href=\"https:\/\/ca.wikipedia.org\/wiki\/Kensington_i_Chelsea\">Kensington i Chelsea<\/a>,\u00a0<a style=\"color: #000000;\" title=\"Londres\" href=\"https:\/\/ca.wikipedia.org\/wiki\/Londres\">Londres<\/a>,\u00a0<a style=\"color: #000000;\" title=\"24 de novembre\" href=\"https:\/\/ca.wikipedia.org\/wiki\/24_de_novembre\">24 de novembre<\/a>\u00a0de\u00a0<a style=\"color: #000000;\" title=\"1991\" href=\"https:\/\/ca.wikipedia.org\/wiki\/1991\">1991<\/a>) fou un\u00a0<a style=\"color: #000000;\" title=\"M\u00fasic\" href=\"https:\/\/ca.wikipedia.org\/wiki\/M%C3%BAsic\">m\u00fasic<\/a>\u00a0<a style=\"color: #000000;\" title=\"Regne Unit\" href=\"https:\/\/ca.wikipedia.org\/wiki\/Regne_Unit\">brit\u00e0nic<\/a>,\u00a0<a style=\"color: #000000;\" title=\"Cantant\" href=\"https:\/\/ca.wikipedia.org\/wiki\/Cantant\">cantant<\/a>\u00a0i l\u00edder del grup de\u00a0<a class=\"mw-redirect\" style=\"color: #000000;\" title=\"Rock\" href=\"https:\/\/ca.wikipedia.org\/wiki\/Rock\">rock<\/a>\u00a0<em>Que<\/em><\/span><span style=\"color: #000000;\"><em>en<\/em>.\u00a0<\/span><span style=\"color: #000000;\">Sens dubte, \u00e9<\/span><span style=\"color: #000000;\">s una de les millors veus que ha donat el\u00a0<i>pop-rock<\/i>\u00a0el\u00a0<a style=\"color: #000000;\" title=\"Segle XX\" href=\"https:\/\/ca.wikipedia.org\/wiki\/Segle_XX\">segle XX<\/a>, dotada d&#8217;un extraordinari registre (tres octaves i mitja), i amb la qual va cantar una gran varietat d&#8217;estils musicals.\u00a0<sup id=\"cite_ref-1\" class=\"reference\"><\/sup><sup id=\"cite_ref-rollingstone.com_3-0\" class=\"reference\"><\/sup><\/span><span style=\"color: #000000;\">\u00c9s autor de grans i coneguts \u00e8xits com\u00a0<i><a style=\"color: #000000;\" title=\"Bohemian Rhapsody\" href=\"https:\/\/ca.wikipedia.org\/wiki\/Bohemian_Rhapsody\">Bohemian Rhapsody<\/a><\/i>,\u00a0<i><a style=\"color: #000000;\" title=\"We Are the Champions\" href=\"https:\/\/ca.wikipedia.org\/wiki\/We_Are_the_Champions\">We Are the Champions<\/a><\/i>\u00a0o\u00a0<i><a style=\"color: #000000;\" title=\"Somebody to Love (can\u00e7\u00f3 de Queen)\" href=\"https:\/\/ca.wikipedia.org\/wiki\/Somebody_to_Love_(can%C3%A7%C3%B3_de_Queen)\">Somebody to Love<\/a><\/i>, entre d&#8217;altres.<\/span><\/p>\n<p>A la cartellera dels cinemes trobareu la pel\u00b7l\u00edcula <em>Bohemian Rhapsody<\/em>que est\u00e0 tenint un gran \u00e8xit de p\u00fablic i que \u00e9s una pel\u00b7l\u00edcula biogr\u00e0fica\u00a0 sobre el cantant brit\u00e0nic Freddie Mercury i el grup de rock Queen.<\/p>\n<p><a href=\"https:\/\/agora.xtec.cat\/iesdecelra\/wp-content\/uploads\/usu1789\/2018\/09\/p15444050_v_v8_as.jpg\"><img loading=\"lazy\" decoding=\"async\" class=\"wp-image-1277 alignleft\" src=\"https:\/\/agora.xtec.cat\/iesdecelra\/wp-content\/uploads\/usu1789\/2018\/09\/p15444050_v_v8_as-683x1024.jpg\" alt=\"\" width=\"194\" height=\"291\" srcset=\"https:\/\/agora.xtec.cat\/iesdecelra\/wp-content\/uploads\/usu1789\/2018\/09\/p15444050_v_v8_as-683x1024.jpg 683w, https:\/\/agora.xtec.cat\/iesdecelra\/wp-content\/uploads\/usu1789\/2018\/09\/p15444050_v_v8_as-200x300.jpg 200w, https:\/\/agora.xtec.cat\/iesdecelra\/wp-content\/uploads\/usu1789\/2018\/09\/p15444050_v_v8_as-768x1152.jpg 768w, https:\/\/agora.xtec.cat\/iesdecelra\/wp-content\/uploads\/usu1789\/2018\/09\/p15444050_v_v8_as.jpg 960w\" sizes=\"auto, (max-width: 194px) 100vw, 194px\" \/><\/a><\/p>\n<p>&nbsp;<\/p>\n<p>&nbsp;<\/p>\n<p>&nbsp;<\/p>\n<p>&nbsp;<\/p>\n<p>&nbsp;<\/p>\n<p>&nbsp;<\/p>\n<p>&nbsp;<\/p>\n","protected":false},"excerpt":{"rendered":"<p>Aquest dissabte va fer 27 anys de la mort de Freddie Mercury i volem fer-li un petit homenatge aquesta setmana amb A kind of Magic sonant pels altaveus del nostre institut.<\/p>\n<p>&nbsp;<br \/>\nFarrokh Bulsara, m\u00e9s conegut pel nom art\u00edstic de\u00a0Freddie Mercury\u00a0(<a style=\"color: #000000;\" title=\"Stone Town\" href=\"https:\/\/ca.wikipedia.org\/wiki\/Stone_Town\">Stone Town<\/a>,\u00a0<a&hellip;  <a href=\"https:\/\/agora.xtec.cat\/iesdecelra\/general\/musica-de-la-setmana\/26-de-novembre-de-2018\/\" title=\"Read 26 de novembre de 2018\">Llegeix m\u00e9s\u00bb<\/a><\/p>\n","protected":false},"author":1,"featured_media":0,"comment_status":"open","ping_status":"closed","sticky":false,"template":"","format":"standard","meta":{"_bbp_topic_count":0,"_bbp_reply_count":0,"_bbp_total_topic_count":0,"_bbp_total_reply_count":0,"_bbp_voice_count":0,"_bbp_anonymous_reply_count":0,"_bbp_topic_count_hidden":0,"_bbp_reply_count_hidden":0,"_bbp_forum_subforum_count":0,"footnotes":""},"categories":[122],"tags":[],"class_list":["post-1291","post","type-post","status-publish","format-standard","hentry","category-musica-de-la-setmana"],"post_mailing_queue_ids":[],"_links":{"self":[{"href":"https:\/\/agora.xtec.cat\/iesdecelra\/wp-json\/wp\/v2\/posts\/1291","targetHints":{"allow":["GET"]}}],"collection":[{"href":"https:\/\/agora.xtec.cat\/iesdecelra\/wp-json\/wp\/v2\/posts"}],"about":[{"href":"https:\/\/agora.xtec.cat\/iesdecelra\/wp-json\/wp\/v2\/types\/post"}],"author":[{"embeddable":true,"href":"https:\/\/agora.xtec.cat\/iesdecelra\/wp-json\/wp\/v2\/users\/1"}],"replies":[{"embeddable":true,"href":"https:\/\/agora.xtec.cat\/iesdecelra\/wp-json\/wp\/v2\/comments?post=1291"}],"version-history":[{"count":1,"href":"https:\/\/agora.xtec.cat\/iesdecelra\/wp-json\/wp\/v2\/posts\/1291\/revisions"}],"predecessor-version":[{"id":1292,"href":"https:\/\/agora.xtec.cat\/iesdecelra\/wp-json\/wp\/v2\/posts\/1291\/revisions\/1292"}],"wp:attachment":[{"href":"https:\/\/agora.xtec.cat\/iesdecelra\/wp-json\/wp\/v2\/media?parent=1291"}],"wp:term":[{"taxonomy":"category","embeddable":true,"href":"https:\/\/agora.xtec.cat\/iesdecelra\/wp-json\/wp\/v2\/categories?post=1291"},{"taxonomy":"post_tag","embeddable":true,"href":"https:\/\/agora.xtec.cat\/iesdecelra\/wp-json\/wp\/v2\/tags?post=1291"}],"curies":[{"name":"wp","href":"https:\/\/api.w.org\/{rel}","templated":true}]}}