{"id":12845,"date":"2025-09-22T12:17:09","date_gmt":"2025-09-22T10:17:09","guid":{"rendered":"https:\/\/agora.xtec.cat\/iesdecelra\/?p=12845"},"modified":"2025-09-22T12:17:09","modified_gmt":"2025-09-22T10:17:09","slug":"llicons-inaugurals-curs-25-26","status":"publish","type":"post","link":"https:\/\/agora.xtec.cat\/iesdecelra\/actualitat\/llicons-inaugurals-curs-25-26\/","title":{"rendered":"LLI\u00c7ONS INAUGURALS CURS 25-26"},"content":{"rendered":"<p><span style=\"font-weight: 400;\">A l\u2019institut de Celr\u00e0 hem iniciat i donat la benvinguda al curs 2025-26 amb l\u2019organitzaci\u00f3 de les lli\u00e7ons inaugurals pels alumnes d\u2019ESO, Batxillerat i Cicle Formatiu de Dansa Urbana, que han tingut lloc a l\u2019espai de l\u2019Ateneu de Celr\u00e0.<\/span><\/p>\n<p><span style=\"font-weight: 400;\">Hem tingut l\u2019oportunitat de poder tenir grans professionals que han compartit amb nosaltres les seves experi\u00e8ncies, totes elles, lligades al lema del curs actual: \u201c<\/span><b>Mens sana in corpore sano<\/b><span style=\"font-weight: 400;\">\u201c.\u00a0<\/span><\/p>\n<p><span style=\"font-weight: 400;\">Els i les ponents que han compartit amb nosaltres les seves experi\u00e8ncies s\u00f3n:<\/span><\/p>\n<ul>\n<li style=\"font-weight: 400;\" aria-level=\"1\"><b>1r d\u2019ESO &#8211; Jordi Gonz\u00e1lez amb la pon\u00e8ncia \u201cMens sana in corpore sano. Nous reptes: mou-te, pensa i creix en equip\u201d:<\/b><span style=\"font-weight: 400;\"> Exalumne de l&#8217;Institut de Celr\u00e0 i actualment docent d&#8217;Educaci\u00f3 F\u00edsica, va formar-se com a professional de l&#8217;handbol a Bordils on va jugar-hi 26 temporades fins a debutar amb la primera plantilla del Bar\u00e7a d&#8217;handbol. La xerrada s\u2019ha enfocat en la seva experi\u00e8ncia com a alumne de Celr\u00e0, en l&#8217;esfor\u00e7 i en com encarar els reptes acad\u00e8mics i vitals, tant a nivell f\u00edsic com mental.<\/span><\/li>\n<li style=\"font-weight: 400;\" aria-level=\"1\"><b>2n d\u2019ESO &#8211; Marc Buxaderas amb la pon\u00e8ncia \u201cFor\u00e7a mental per transformar i superar els reptes en oportunitats\u201d:<\/b><span style=\"font-weight: 400;\"> En Marc va n\u00e9ixer l&#8217;any 1999 amb par\u00e0lisi cerebral tetrapl\u00e8gica esp\u00e0stica i actualment est\u00e0 estudiant periodisme a la UAB. Des del 2016 \u00e9s responsable d&#8217;un projecte de divulgaci\u00f3 i normalitzaci\u00f3 de la discapacitat amb l&#8217;objectiu que la gent canvi\u00ef la seva percepci\u00f3 sobre les persones amb discapacitat. La xerrada d&#8217;aquest curs s\u2019ha enfocat a potenciar els valors i la for\u00e7a mental per superar reptes personals i f\u00edsics.<\/span><\/li>\n<li style=\"font-weight: 400;\" aria-level=\"1\"><b>3r d\u2019ESO &#8211; Cristina Valent\u00ed amb la pon\u00e8ncia \u201cDesinformaci\u00f3 i salut\u201d:<\/b><span style=\"font-weight: 400;\"> Periodista i gestora cultural, va comen\u00e7ar la seva carrera professional als 18 anys al Diari de Girona i ha treballat en altres mitjans com El Peri\u00f3dico de Catalunya o Barcelona Televisi\u00f3. Tamb\u00e9 va ser cap de premsa dels Premis de Cinema de Barcelona, actualment anomenats Premis Gaud\u00ed i ha sigut guionista del documental 501, dirigit per Laia F\u00e0bregas i va codirigir Mind the Strip amb Arnau Llaberia. Des del 2008, treballa a la Universitat de Girona, al Departament de Comunicaci\u00f3, i col\u00b7labora amb Learn to Check (www.learntocheck.org) com a formadora en activitats per apoderar la ciutadania \u2014incloent-hi joves, gent gran, fam\u00edlies i educadors\u2014 amb eines per combatre la desinformaci\u00f3.\u00a0<\/span><\/li>\n<li style=\"font-weight: 400;\" aria-level=\"1\"><b>4t d\u2019ESO- \u00c0lex Letosa amb la pon\u00e8ncia \u201cComen\u00e7ar amb bon peu: mens sana in corpore sano. Eines per afrontar un nou curs amb confian\u00e7a\u201d:<\/b><span style=\"font-weight: 400;\"> Nascut el 1974, \u00e9s psic\u00f2leg, logopeda i directiu educatiu. Ha treballat des d&#8217;educaci\u00f3 infantil a batxillerat, i com a docent universitari a la UB i la UOC, amb tesi doctoral sobre Psicologia Cl\u00ednica i de la Salut. Va ser director d&#8217;un centre d&#8217;educaci\u00f3 secund\u00e0ria amb un projecte centrat en la Innovaci\u00f3 educativa i la millora de la conviv\u00e8ncia, i ha obtingut diversos reconeixements en l&#8217;\u00e0mbit a nivell nacional i internacional. \u00c9s autor de llibres i publicacions cient\u00edfiques i de diverses presentacions en congressos de psicologia i educaci\u00f3. La xerrada ha proposat eines per a adolescents per comen\u00e7ar un nou curs, eines necess\u00e0ries per iniciar nous reptes i canvis acad\u00e8mics, gestionar el temps adequadament, oferir als altres suport i l\u00edmits, com comunicar-nos de manera efectiva, cooperar, oferir bon model, gestionar les emocions o neurologia de l&#8217;h\u00e0bit.<\/span><\/li>\n<li style=\"font-weight: 400;\" aria-level=\"1\"><b>Batxillerat i Cicle Formatiu Dansa Urbana &#8211; Mois\u00e8s Esteban Guitart amb la pon\u00e8ncia \u201cCom aprenem? Bases cognitives per construir coneixement: de l&#8217;aprenentatge a la recerca acad\u00e8mica\u201d:<\/b><span style=\"font-weight: 400;\"> Catedr\u00e0tic d&#8217;universitat del departament de psicologia de la Universitat de Girona, on imparteix doc\u00e8ncia en l&#8217;\u00e0mbit de la psicologia evolutiva i de l&#8217;educaci\u00f3. Ha realitzat investigaci\u00f3 a Europa i territori americ\u00e0. Actualment \u00e9s director de l&#8217;Institut de Recerca Educativa (IRE) de la Universitat de Girona, editor de la revista Papeles de Trabajo sobre Cultura Educaci\u00f3n y Desarrollo Humano, responsable a la Universitat de Girona del Postgrau Interuniversitari en Psicologia de l&#8217;Educaci\u00f3 (MIPE i DIPE), membre de la International Society for Cultural and Activity Research, i de la xarxa Re-Generating CHAT Theory, aix\u00ed com fundador de la Funds of Knowledge International Alliance. La xerrada s\u2019ha enfocat a explicar qu\u00e8 passa quan aprenem a nivell cognitiu, quines condicions mentals afavoreixen l&#8217;aprenentatge, la import\u00e0ncia dels coneixements previs i de l&#8217;entorn com a font d&#8217;aprenentatge, i com aprofitar els coneixements adquirits per promoure una recerca acad\u00e8mica.<\/span><\/li>\n<\/ul>\n\r\n\t<div class=\"slideshow_container slideshow_container_style-light\" style=\"height: 500px; \" data-slideshow-id=\"12847\" data-style-name=\"style-light\" data-style-version=\"2.3.1\" >\r\n\r\n\t\t\t\t\t<div class=\"slideshow_loading_icon\"><\/div>\r\n\t\t\r\n\t\t<div class=\"slideshow_content\" style=\"display: none;\">\r\n\r\n\t\t\t<div class=\"slideshow_view\">\r\n\t\t\t\t<div class=\"slideshow_slide slideshow_slide_image\">\r\n\t\t\t\t\t\t\t\t\t\t\t<img src=\"https:\/\/agora.xtec.cat\/iesdecelra\/wp-content\/uploads\/usu1789\/2025\/09\/2n-ESO-2.jpg\" alt=\"2n ESO (2)\" width=\"2000\" height=\"1497\" \/>\r\n\t\t\t\t\t\t\t\t\t\t<div class=\"slideshow_description_box slideshow_transparent\">\r\n\t\t\t\t\t\t<div class=\"slideshow_title\">2n ESO (2)<\/div>\t\t\t\t\t\t\t\t\t\t\t<\/div>\r\n\t\t\t\t<\/div>\r\n\r\n\t\t\t\t\t\t<div style=\"clear: both;\"><\/div><\/div><div class=\"slideshow_view\">\r\n\t\t\t\t<div class=\"slideshow_slide slideshow_slide_image\">\r\n\t\t\t\t\t\t\t\t\t\t\t<img src=\"https:\/\/agora.xtec.cat\/iesdecelra\/wp-content\/uploads\/usu1789\/2025\/09\/1r-ESO-1.jpg\" alt=\"1r ESO (1)\" width=\"2000\" height=\"900\" \/>\r\n\t\t\t\t\t\t\t\t\t\t<div class=\"slideshow_description_box slideshow_transparent\">\r\n\t\t\t\t\t\t<div class=\"slideshow_title\">1r ESO (1)<\/div>\t\t\t\t\t\t\t\t\t\t\t<\/div>\r\n\t\t\t\t<\/div>\r\n\r\n\t\t\t\t\t\t<div style=\"clear: both;\"><\/div><\/div><div class=\"slideshow_view\">\r\n\t\t\t\t<div class=\"slideshow_slide slideshow_slide_image\">\r\n\t\t\t\t\t\t\t\t\t\t\t<img src=\"https:\/\/agora.xtec.cat\/iesdecelra\/wp-content\/uploads\/usu1789\/2025\/09\/3r-ESO-4.jpg\" alt=\"3r ESO (4)\" width=\"1536\" height=\"2048\" \/>\r\n\t\t\t\t\t\t\t\t\t\t<div class=\"slideshow_description_box slideshow_transparent\">\r\n\t\t\t\t\t\t<div class=\"slideshow_title\">3r ESO (4)<\/div>\t\t\t\t\t\t\t\t\t\t\t<\/div>\r\n\t\t\t\t<\/div>\r\n\r\n\t\t\t\t\t\t<div style=\"clear: both;\"><\/div><\/div><div class=\"slideshow_view\">\r\n\t\t\t\t<div class=\"slideshow_slide slideshow_slide_image\">\r\n\t\t\t\t\t\t\t\t\t\t\t<img src=\"https:\/\/agora.xtec.cat\/iesdecelra\/wp-content\/uploads\/usu1789\/2025\/09\/4t-ESO-2.jpg\" alt=\"4t ESO (2)\" width=\"1530\" height=\"2040\" \/>\r\n\t\t\t\t\t\t\t\t\t\t<div class=\"slideshow_description_box slideshow_transparent\">\r\n\t\t\t\t\t\t<div class=\"slideshow_title\">4t ESO (2)<\/div>\t\t\t\t\t\t\t\t\t\t\t<\/div>\r\n\t\t\t\t<\/div>\r\n\r\n\t\t\t\t\t\t<div style=\"clear: both;\"><\/div><\/div><div class=\"slideshow_view\">\r\n\t\t\t\t<div class=\"slideshow_slide slideshow_slide_image\">\r\n\t\t\t\t\t\t\t\t\t\t\t<img src=\"https:\/\/agora.xtec.cat\/iesdecelra\/wp-content\/uploads\/usu1789\/2025\/09\/Batx-i-Cicles-2-1.jpg\" alt=\"Batx i Cicles (2) (1)\" width=\"1600\" height=\"900\" \/>\r\n\t\t\t\t\t\t\t\t\t\t<div class=\"slideshow_description_box slideshow_transparent\">\r\n\t\t\t\t\t\t<div class=\"slideshow_title\">Batx i Cicles (2) (1)<\/div>\t\t\t\t\t\t\t\t\t\t\t<\/div>\r\n\t\t\t\t<\/div>\r\n\r\n\t\t\t\t\t\t<div style=\"clear: both;\"><\/div><\/div>\r\n\t\t<\/div>\r\n\r\n\t\t<div class=\"slideshow_controlPanel slideshow_transparent\" style=\"display: none;\"><ul><li class=\"slideshow_togglePlay\" data-play-text=\"Visualitza\" data-pause-text=\"Pausa\"><\/li><\/ul><\/div>\r\n\r\n\t\t<div class=\"slideshow_button slideshow_previous slideshow_transparent\" role=\"button\" data-previous-text=\"Anterior\" style=\"display: none;\"><\/div>\r\n\t\t<div class=\"slideshow_button slideshow_next slideshow_transparent\" role=\"button\" data-next-text=\"Seg\u00fcent\" style=\"display: none;\"><\/div>\r\n\r\n\t\t<div class=\"slideshow_pagination\" style=\"display: none;\" data-go-to-text=\"V\u00e9s a la diapositiva\"><div class=\"slideshow_pagination_center\"><\/div><\/div>\r\n\r\n\t\t<!-- WordPress Slideshow Version 2.3.1 -->\r\n\r\n\t\t\t<\/div>\r\n\r\n\n","protected":false},"excerpt":{"rendered":"<p>A l\u2019institut de Celr\u00e0 hem iniciat i donat la benvinguda al curs 2025-26 amb l\u2019organitzaci\u00f3 de les lli\u00e7ons inaugurals pels alumnes d\u2019ESO, Batxillerat i Cicle Formatiu de Dansa Urbana, que han tingut lloc a l\u2019espai de l\u2019Ateneu de Celr\u00e0.<br \/>\nHem tingut l\u2019oportunitat de poder tenir grans&hellip;  <a href=\"https:\/\/agora.xtec.cat\/iesdecelra\/actualitat\/llicons-inaugurals-curs-25-26\/\" title=\"Read LLI\u00c7ONS INAUGURALS CURS 25-26\">Llegeix m\u00e9s\u00bb<\/a><\/p>\n","protected":false},"author":1,"featured_media":12852,"comment_status":"open","ping_status":"open","sticky":false,"template":"","format":"standard","meta":{"_bbp_topic_count":0,"_bbp_reply_count":0,"_bbp_total_topic_count":0,"_bbp_total_reply_count":0,"_bbp_voice_count":0,"_bbp_anonymous_reply_count":0,"_bbp_topic_count_hidden":0,"_bbp_reply_count_hidden":0,"_bbp_forum_subforum_count":0,"footnotes":""},"categories":[103],"tags":[515],"class_list":["post-12845","post","type-post","status-publish","format-standard","has-post-thumbnail","hentry","category-actualitat","tag-curs-2025-2026"],"post_mailing_queue_ids":[],"_links":{"self":[{"href":"https:\/\/agora.xtec.cat\/iesdecelra\/wp-json\/wp\/v2\/posts\/12845","targetHints":{"allow":["GET"]}}],"collection":[{"href":"https:\/\/agora.xtec.cat\/iesdecelra\/wp-json\/wp\/v2\/posts"}],"about":[{"href":"https:\/\/agora.xtec.cat\/iesdecelra\/wp-json\/wp\/v2\/types\/post"}],"author":[{"embeddable":true,"href":"https:\/\/agora.xtec.cat\/iesdecelra\/wp-json\/wp\/v2\/users\/1"}],"replies":[{"embeddable":true,"href":"https:\/\/agora.xtec.cat\/iesdecelra\/wp-json\/wp\/v2\/comments?post=12845"}],"version-history":[{"count":2,"href":"https:\/\/agora.xtec.cat\/iesdecelra\/wp-json\/wp\/v2\/posts\/12845\/revisions"}],"predecessor-version":[{"id":12853,"href":"https:\/\/agora.xtec.cat\/iesdecelra\/wp-json\/wp\/v2\/posts\/12845\/revisions\/12853"}],"wp:featuredmedia":[{"embeddable":true,"href":"https:\/\/agora.xtec.cat\/iesdecelra\/wp-json\/wp\/v2\/media\/12852"}],"wp:attachment":[{"href":"https:\/\/agora.xtec.cat\/iesdecelra\/wp-json\/wp\/v2\/media?parent=12845"}],"wp:term":[{"taxonomy":"category","embeddable":true,"href":"https:\/\/agora.xtec.cat\/iesdecelra\/wp-json\/wp\/v2\/categories?post=12845"},{"taxonomy":"post_tag","embeddable":true,"href":"https:\/\/agora.xtec.cat\/iesdecelra\/wp-json\/wp\/v2\/tags?post=12845"}],"curies":[{"name":"wp","href":"https:\/\/api.w.org\/{rel}","templated":true}]}}