{"id":12556,"date":"2025-06-09T17:16:04","date_gmt":"2025-06-09T15:16:04","guid":{"rendered":"https:\/\/agora.xtec.cat\/iesdecelra\/?p=12556"},"modified":"2025-06-09T17:16:04","modified_gmt":"2025-06-09T15:16:04","slug":"graduacio-2n-batxillerat-2023-2025","status":"publish","type":"post","link":"https:\/\/agora.xtec.cat\/iesdecelra\/cursos\/batxillerat\/graduacio-2n-batxillerat-2023-2025\/","title":{"rendered":"GRADUACI\u00d3 2N BATXILLERAT 2023-2025"},"content":{"rendered":"<p class=\"gmail_default\">Aquesta setmana, els alumnes de 2n de batxillerat de l&#8217;institut es presenten a la selectivitat. Abans, per\u00f2, van organitzar l&#8217;acte de graduaci\u00f3, envoltats de la seva fam\u00edlia i amics i dels seus professors. Divendres 23 de maig es van reunir a les piscines de Celr\u00e0 per celebrar la seva graduaci\u00f3, per una part amb la tristesa d&#8217;acomiadar-se d&#8217;una etapa que no ha estat f\u00e0cil i d&#8217;uns companys de viatge, alguns dels quals han mantingut des de la seva infantesa i, per una altra banda, amb tota la il\u00b7lusi\u00f3 per comen\u00e7ar uns estudis superiors a altres bandes de la geografia catalana. En aquest acte, hi van intervenir el director de l&#8217;institut, la coordinadora de batxillerat, les tutores de cada grup, i el professor de filosofia; a banda d&#8217;alguns representants dels alumnes. Va ser un acte molt ben organitzat per part dels estudiants amb paraules i imatges emotives que tamb\u00e9 convidaven a la reflexi\u00f3.<\/p>\n<p class=\"gmail_default\">Des del centre, els desitgem que obrin totes les portes que vulguin del seu futur i volem que s\u00e0piguen que els trobarem a faltar.<\/p>\n\r\n\t<div class=\"slideshow_container slideshow_container_style-light\" style=\"height: 500px; \" data-slideshow-id=\"12558\" data-style-name=\"style-light\" data-style-version=\"2.3.1\" >\r\n\r\n\t\t\t\t\t<div class=\"slideshow_loading_icon\"><\/div>\r\n\t\t\r\n\t\t<div class=\"slideshow_content\" style=\"display: none;\">\r\n\r\n\t\t\t<div class=\"slideshow_view\">\r\n\t\t\t\t<div class=\"slideshow_slide slideshow_slide_image\">\r\n\t\t\t\t\t\t\t\t\t\t\t<img src=\"https:\/\/agora.xtec.cat\/iesdecelra\/wp-content\/uploads\/usu1789\/2025\/06\/GRADUACIO-2023-2025-00256-scaled.jpg\" alt=\"GRADUACIO 2023 2025 00256\" width=\"2560\" height=\"1707\" \/>\r\n\t\t\t\t\t\t\t\t\t\t<div class=\"slideshow_description_box slideshow_transparent\">\r\n\t\t\t\t\t\t<div class=\"slideshow_title\">GRADUACIO 2023 2025 00256<\/div>\t\t\t\t\t\t\t\t\t\t\t<\/div>\r\n\t\t\t\t<\/div>\r\n\r\n\t\t\t\t\t\t<div style=\"clear: both;\"><\/div><\/div><div class=\"slideshow_view\">\r\n\t\t\t\t<div class=\"slideshow_slide slideshow_slide_image\">\r\n\t\t\t\t\t\t\t\t\t\t\t<img src=\"https:\/\/agora.xtec.cat\/iesdecelra\/wp-content\/uploads\/usu1789\/2025\/06\/GRADUACIO-2023-2025-00048-scaled.jpg\" alt=\"GRADUACIO 2023 2025 00048\" width=\"2560\" height=\"1707\" \/>\r\n\t\t\t\t\t\t\t\t\t\t<div class=\"slideshow_description_box slideshow_transparent\">\r\n\t\t\t\t\t\t<div class=\"slideshow_title\">GRADUACIO 2023 2025 00048<\/div>\t\t\t\t\t\t\t\t\t\t\t<\/div>\r\n\t\t\t\t<\/div>\r\n\r\n\t\t\t\t\t\t<div style=\"clear: both;\"><\/div><\/div><div class=\"slideshow_view\">\r\n\t\t\t\t<div class=\"slideshow_slide slideshow_slide_image\">\r\n\t\t\t\t\t\t\t\t\t\t\t<img src=\"https:\/\/agora.xtec.cat\/iesdecelra\/wp-content\/uploads\/usu1789\/2025\/06\/GRADUACIO-2023-2025-00102-scaled.jpg\" alt=\"GRADUACIO 2023 2025 00102\" width=\"2560\" height=\"1706\" \/>\r\n\t\t\t\t\t\t\t\t\t\t<div class=\"slideshow_description_box slideshow_transparent\">\r\n\t\t\t\t\t\t<div class=\"slideshow_title\">GRADUACIO 2023 2025 00102<\/div>\t\t\t\t\t\t\t\t\t\t\t<\/div>\r\n\t\t\t\t<\/div>\r\n\r\n\t\t\t\t\t\t<div style=\"clear: both;\"><\/div><\/div><div class=\"slideshow_view\">\r\n\t\t\t\t<div class=\"slideshow_slide slideshow_slide_image\">\r\n\t\t\t\t\t\t\t\t\t\t\t<img src=\"https:\/\/agora.xtec.cat\/iesdecelra\/wp-content\/uploads\/usu1789\/2025\/06\/GRADUACIO-2023-2025-00077-scaled.jpg\" alt=\"GRADUACIO 2023 2025 00077\" width=\"2560\" height=\"1706\" \/>\r\n\t\t\t\t\t\t\t\t\t\t<div class=\"slideshow_description_box slideshow_transparent\">\r\n\t\t\t\t\t\t<div class=\"slideshow_title\">GRADUACIO 2023 2025 00077<\/div>\t\t\t\t\t\t\t\t\t\t\t<\/div>\r\n\t\t\t\t<\/div>\r\n\r\n\t\t\t\t\t\t<div style=\"clear: both;\"><\/div><\/div>\r\n\t\t<\/div>\r\n\r\n\t\t<div class=\"slideshow_controlPanel slideshow_transparent\" style=\"display: none;\"><ul><li class=\"slideshow_togglePlay\" data-play-text=\"Visualitza\" data-pause-text=\"Pausa\"><\/li><\/ul><\/div>\r\n\r\n\t\t<div class=\"slideshow_button slideshow_previous slideshow_transparent\" role=\"button\" data-previous-text=\"Anterior\" style=\"display: none;\"><\/div>\r\n\t\t<div class=\"slideshow_button slideshow_next slideshow_transparent\" role=\"button\" data-next-text=\"Seg\u00fcent\" style=\"display: none;\"><\/div>\r\n\r\n\t\t<div class=\"slideshow_pagination\" style=\"display: none;\" data-go-to-text=\"V\u00e9s a la diapositiva\"><div class=\"slideshow_pagination_center\"><\/div><\/div>\r\n\r\n\t\t<!-- WordPress Slideshow Version 2.3.1 -->\r\n\r\n\t\t\t<\/div>\r\n\r\n\n","protected":false},"excerpt":{"rendered":"<p>Aquesta setmana, els alumnes de 2n de batxillerat de l&#8217;institut es presenten a la selectivitat. Abans, per\u00f2, van organitzar l&#8217;acte de graduaci\u00f3, envoltats de la seva fam\u00edlia i amics i dels seus professors. Divendres 23 de maig es van reunir a les piscines de Celr\u00e0&hellip;  <a href=\"https:\/\/agora.xtec.cat\/iesdecelra\/cursos\/batxillerat\/graduacio-2n-batxillerat-2023-2025\/\" title=\"Read GRADUACI\u00d3 2N BATXILLERAT 2023-2025\">Llegeix m\u00e9s\u00bb<\/a><\/p>\n","protected":false},"author":1,"featured_media":12560,"comment_status":"open","ping_status":"open","sticky":false,"template":"","format":"standard","meta":{"_bbp_topic_count":0,"_bbp_reply_count":0,"_bbp_total_topic_count":0,"_bbp_total_reply_count":0,"_bbp_voice_count":0,"_bbp_anonymous_reply_count":0,"_bbp_topic_count_hidden":0,"_bbp_reply_count_hidden":0,"_bbp_forum_subforum_count":0,"footnotes":""},"categories":[103,8],"tags":[500,502,215,499,501],"class_list":["post-12556","post","type-post","status-publish","format-standard","has-post-thumbnail","hentry","category-actualitat","category-batxillerat","tag-2n-de-batxillerat","tag-comiat","tag-comiat-2n-batxillerat","tag-graduacio","tag-selectivitat"],"post_mailing_queue_ids":[],"_links":{"self":[{"href":"https:\/\/agora.xtec.cat\/iesdecelra\/wp-json\/wp\/v2\/posts\/12556","targetHints":{"allow":["GET"]}}],"collection":[{"href":"https:\/\/agora.xtec.cat\/iesdecelra\/wp-json\/wp\/v2\/posts"}],"about":[{"href":"https:\/\/agora.xtec.cat\/iesdecelra\/wp-json\/wp\/v2\/types\/post"}],"author":[{"embeddable":true,"href":"https:\/\/agora.xtec.cat\/iesdecelra\/wp-json\/wp\/v2\/users\/1"}],"replies":[{"embeddable":true,"href":"https:\/\/agora.xtec.cat\/iesdecelra\/wp-json\/wp\/v2\/comments?post=12556"}],"version-history":[{"count":3,"href":"https:\/\/agora.xtec.cat\/iesdecelra\/wp-json\/wp\/v2\/posts\/12556\/revisions"}],"predecessor-version":[{"id":12564,"href":"https:\/\/agora.xtec.cat\/iesdecelra\/wp-json\/wp\/v2\/posts\/12556\/revisions\/12564"}],"wp:featuredmedia":[{"embeddable":true,"href":"https:\/\/agora.xtec.cat\/iesdecelra\/wp-json\/wp\/v2\/media\/12560"}],"wp:attachment":[{"href":"https:\/\/agora.xtec.cat\/iesdecelra\/wp-json\/wp\/v2\/media?parent=12556"}],"wp:term":[{"taxonomy":"category","embeddable":true,"href":"https:\/\/agora.xtec.cat\/iesdecelra\/wp-json\/wp\/v2\/categories?post=12556"},{"taxonomy":"post_tag","embeddable":true,"href":"https:\/\/agora.xtec.cat\/iesdecelra\/wp-json\/wp\/v2\/tags?post=12556"}],"curies":[{"name":"wp","href":"https:\/\/api.w.org\/{rel}","templated":true}]}}