{"id":12554,"date":"2025-06-12T09:15:06","date_gmt":"2025-06-12T07:15:06","guid":{"rendered":"https:\/\/agora.xtec.cat\/iesdecelra\/?p=12554"},"modified":"2025-06-11T10:21:57","modified_gmt":"2025-06-11T08:21:57","slug":"gran-final-dels-mschools-awards-barcelona","status":"publish","type":"post","link":"https:\/\/agora.xtec.cat\/iesdecelra\/cursos\/eso\/eso-2\/gran-final-dels-mschools-awards-barcelona\/","title":{"rendered":"GRAN FINAL DELS MSCHOOLS AWARDS BARCELONA"},"content":{"rendered":"<p data-start=\"153\" data-end=\"436\">Aquest curs el nostre centre ha tingut l\u2019oportunitat de tornar a participar als <strong data-start=\"213\" data-end=\"250\">mSchools Student Awards Barcelona<\/strong>, una iniciativa que reconeix i posa en valor els projectes digitals desenvolupats per estudiants de tot Catalunya dins l\u2019\u00e0mbit de la tecnologia, la creativitat i la innovaci\u00f3 educativa.<\/p>\n<p data-start=\"438\" data-end=\"886\">Aquests premis, organitzats per mSchools en col\u00b7laboraci\u00f3 amb el Departament d\u2019Educaci\u00f3 i Mobile World Capital Barcelona, tenen com a objectiu fomentar el pensament computacional, l\u2019esperit emprenedor i la capacitat de treball en equip entre l\u2019alumnat.<\/p>\n<p data-start=\"888\" data-end=\"1247\">Dos equips del nostre centre formats per\u00a0 l&#8217;Afra, la Raquel, la Paula i la Cl\u00e0udia de 2n A i en Pau, Bru i Cesc de 2n E han estat protagonistes, exposant el projecte <em>Ets agent de canvi?<\/em> i el joc que han desenvolupat durant el segon trimestre. Durant la jornada, els i les estudiants van poder presentar els seus projectes davant del jurat i el p\u00fablic assistent, defensant les seves idees amb claredat, entusiasme i molta professionalitat. Ha estat una experi\u00e8ncia molt enriquidora que els ha perm\u00e8s sortir de l\u2019aula, connectar amb alumnes d\u2019altres centres i compartir el seu talent en un entorn real i motivador.<\/p>\n<table style=\"border-collapse: collapse; width: 100%;\">\n<tbody>\n<tr>\n<td style=\"width: 41.1153%;\"><img loading=\"lazy\" decoding=\"async\" class=\"aligncenter wp-image-12603\" src=\"https:\/\/agora.xtec.cat\/iesdecelra\/wp-content\/uploads\/usu1789\/2025\/06\/Captura-de-pantalla-2025-06-11-095017.png\" alt=\"\" width=\"410\" height=\"325\" srcset=\"https:\/\/agora.xtec.cat\/iesdecelra\/wp-content\/uploads\/usu1789\/2025\/06\/Captura-de-pantalla-2025-06-11-095017.png 933w, https:\/\/agora.xtec.cat\/iesdecelra\/wp-content\/uploads\/usu1789\/2025\/06\/Captura-de-pantalla-2025-06-11-095017-300x237.png 300w, https:\/\/agora.xtec.cat\/iesdecelra\/wp-content\/uploads\/usu1789\/2025\/06\/Captura-de-pantalla-2025-06-11-095017-768x607.png 768w\" sizes=\"auto, (max-width: 410px) 100vw, 410px\" \/><\/td>\n<td style=\"width: 58.8847%;\"><img loading=\"lazy\" decoding=\"async\" class=\"aligncenter wp-image-12604\" src=\"https:\/\/agora.xtec.cat\/iesdecelra\/wp-content\/uploads\/usu1789\/2025\/06\/Captura-de-pantalla-2025-06-11-095212.png\" alt=\"\" width=\"599\" height=\"321\" srcset=\"https:\/\/agora.xtec.cat\/iesdecelra\/wp-content\/uploads\/usu1789\/2025\/06\/Captura-de-pantalla-2025-06-11-095212.png 1324w, https:\/\/agora.xtec.cat\/iesdecelra\/wp-content\/uploads\/usu1789\/2025\/06\/Captura-de-pantalla-2025-06-11-095212-300x161.png 300w, https:\/\/agora.xtec.cat\/iesdecelra\/wp-content\/uploads\/usu1789\/2025\/06\/Captura-de-pantalla-2025-06-11-095212-1024x549.png 1024w, https:\/\/agora.xtec.cat\/iesdecelra\/wp-content\/uploads\/usu1789\/2025\/06\/Captura-de-pantalla-2025-06-11-095212-768x412.png 768w\" sizes=\"auto, (max-width: 599px) 100vw, 599px\" \/><\/td>\n<\/tr>\n<\/tbody>\n<\/table>\n<p data-start=\"1249\" data-end=\"1575\">La jornada va estar plena d\u2019aprenentatges, tant pel que fa al desenvolupament de compet\u00e8ncies digitals com a nivell personal i social. Des del centre volem felicitar tant l\u2019alumnat participant com les seves fam\u00edlies per l\u2019esfor\u00e7, la dedicaci\u00f3 i el comprom\u00eds mostrat.<\/p>\n<p data-start=\"1577\" data-end=\"1675\">Seguim apostant per una educaci\u00f3 innovadora, oberta al m\u00f3n i que impulsa els talents de l\u2019alumnat!<\/p>\n\r\n\t<div class=\"slideshow_container slideshow_container_style-light\" style=\"height: 500px; \" data-slideshow-id=\"12545\" data-style-name=\"style-light\" data-style-version=\"2.3.1\" >\r\n\r\n\t\t\t\t\t<div class=\"slideshow_loading_icon\"><\/div>\r\n\t\t\r\n\t\t<div class=\"slideshow_content\" style=\"display: none;\">\r\n\r\n\t\t\t<div class=\"slideshow_view\">\r\n\t\t\t\t<div class=\"slideshow_slide slideshow_slide_image\">\r\n\t\t\t\t\t\t\t\t\t\t\t<img src=\"https:\/\/agora.xtec.cat\/iesdecelra\/wp-content\/uploads\/usu1789\/2025\/06\/WhatsApp-Image-2025-06-11-at-10.05.08.jpeg\" alt=\"WhatsApp Image 2025-06-11 at 10.05.08\" width=\"1600\" height=\"900\" \/>\r\n\t\t\t\t\t\t\t\t\t\t<div class=\"slideshow_description_box slideshow_transparent\">\r\n\t\t\t\t\t\t<div class=\"slideshow_title\">WhatsApp Image 2025-06-11 at 10.05.08<\/div>\t\t\t\t\t\t\t\t\t\t\t<\/div>\r\n\t\t\t\t<\/div>\r\n\r\n\t\t\t\t\t\t<div style=\"clear: both;\"><\/div><\/div><div class=\"slideshow_view\">\r\n\t\t\t\t<div class=\"slideshow_slide slideshow_slide_image\">\r\n\t\t\t\t\t\t\t\t\t\t\t<img src=\"https:\/\/agora.xtec.cat\/iesdecelra\/wp-content\/uploads\/usu1789\/2025\/06\/WhatsApp-Image-2025-06-11-at-10.05.08-1.jpeg\" alt=\"WhatsApp Image 2025-06-11 at 10.05.08 (1)\" width=\"1600\" height=\"900\" \/>\r\n\t\t\t\t\t\t\t\t\t\t<div class=\"slideshow_description_box slideshow_transparent\">\r\n\t\t\t\t\t\t<div class=\"slideshow_title\">WhatsApp Image 2025-06-11 at 10.05.08 (1)<\/div>\t\t\t\t\t\t\t\t\t\t\t<\/div>\r\n\t\t\t\t<\/div>\r\n\r\n\t\t\t\t\t\t<div style=\"clear: both;\"><\/div><\/div><div class=\"slideshow_view\">\r\n\t\t\t\t<div class=\"slideshow_slide slideshow_slide_image\">\r\n\t\t\t\t\t\t\t\t\t\t\t<img src=\"https:\/\/agora.xtec.cat\/iesdecelra\/wp-content\/uploads\/usu1789\/2025\/06\/WhatsApp-Image-2025-06-11-at-10.05.09.jpeg\" alt=\"WhatsApp Image 2025-06-11 at 10.05.09\" width=\"1600\" height=\"900\" \/>\r\n\t\t\t\t\t\t\t\t\t\t<div class=\"slideshow_description_box slideshow_transparent\">\r\n\t\t\t\t\t\t<div class=\"slideshow_title\">WhatsApp Image 2025-06-11 at 10.05.09<\/div>\t\t\t\t\t\t\t\t\t\t\t<\/div>\r\n\t\t\t\t<\/div>\r\n\r\n\t\t\t\t\t\t<div style=\"clear: both;\"><\/div><\/div><div class=\"slideshow_view\">\r\n\t\t\t\t<div class=\"slideshow_slide slideshow_slide_image\">\r\n\t\t\t\t\t\t\t\t\t\t\t<img src=\"https:\/\/agora.xtec.cat\/iesdecelra\/wp-content\/uploads\/usu1789\/2025\/06\/WhatsApp-Image-2025-06-10-at-14.53.52.jpeg\" alt=\"WhatsApp Image 2025-06-10 at 14.53.52\" width=\"777\" height=\"1600\" \/>\r\n\t\t\t\t\t\t\t\t\t\t<div class=\"slideshow_description_box slideshow_transparent\">\r\n\t\t\t\t\t\t<div class=\"slideshow_title\">WhatsApp Image 2025-06-10 at 14.53.52<\/div>\t\t\t\t\t\t\t\t\t\t\t<\/div>\r\n\t\t\t\t<\/div>\r\n\r\n\t\t\t\t\t\t<div style=\"clear: both;\"><\/div><\/div><div class=\"slideshow_view\">\r\n\t\t\t\t<div class=\"slideshow_slide slideshow_slide_image\">\r\n\t\t\t\t\t\t\t\t\t\t\t<img src=\"https:\/\/agora.xtec.cat\/iesdecelra\/wp-content\/uploads\/usu1789\/2025\/06\/MS5.jpg\" alt=\"MS5\" width=\"2000\" height=\"1125\" \/>\r\n\t\t\t\t\t\t\t\t\t\t<div class=\"slideshow_description_box slideshow_transparent\">\r\n\t\t\t\t\t\t<div class=\"slideshow_title\">MS5<\/div>\t\t\t\t\t\t\t\t\t\t\t<\/div>\r\n\t\t\t\t<\/div>\r\n\r\n\t\t\t\t\t\t<div style=\"clear: both;\"><\/div><\/div><div class=\"slideshow_view\">\r\n\t\t\t\t<div class=\"slideshow_slide slideshow_slide_image\">\r\n\t\t\t\t\t\t\t\t\t\t\t<img src=\"https:\/\/agora.xtec.cat\/iesdecelra\/wp-content\/uploads\/usu1789\/2025\/06\/MS1.jpg\" alt=\"MS1\" width=\"2000\" height=\"1321\" \/>\r\n\t\t\t\t\t\t\t\t\t\t<div class=\"slideshow_description_box slideshow_transparent\">\r\n\t\t\t\t\t\t<div class=\"slideshow_title\">MS1<\/div>\t\t\t\t\t\t\t\t\t\t\t<\/div>\r\n\t\t\t\t<\/div>\r\n\r\n\t\t\t\t\t\t<div style=\"clear: both;\"><\/div><\/div><div class=\"slideshow_view\">\r\n\t\t\t\t<div class=\"slideshow_slide slideshow_slide_image\">\r\n\t\t\t\t\t\t\t\t\t\t\t<img src=\"https:\/\/agora.xtec.cat\/iesdecelra\/wp-content\/uploads\/usu1789\/2025\/06\/MS2.jpg\" alt=\"MS2\" width=\"2000\" height=\"1125\" \/>\r\n\t\t\t\t\t\t\t\t\t\t<div class=\"slideshow_description_box slideshow_transparent\">\r\n\t\t\t\t\t\t<div class=\"slideshow_title\">MS2<\/div>\t\t\t\t\t\t\t\t\t\t\t<\/div>\r\n\t\t\t\t<\/div>\r\n\r\n\t\t\t\t\t\t<div style=\"clear: both;\"><\/div><\/div><div class=\"slideshow_view\">\r\n\t\t\t\t<div class=\"slideshow_slide slideshow_slide_image\">\r\n\t\t\t\t\t\t\t\t\t\t\t<img src=\"https:\/\/agora.xtec.cat\/iesdecelra\/wp-content\/uploads\/usu1789\/2025\/06\/MS3.jpg\" alt=\"MS3\" width=\"2000\" height=\"1125\" \/>\r\n\t\t\t\t\t\t\t\t\t\t<div class=\"slideshow_description_box slideshow_transparent\">\r\n\t\t\t\t\t\t<div class=\"slideshow_title\">MS3<\/div>\t\t\t\t\t\t\t\t\t\t\t<\/div>\r\n\t\t\t\t<\/div>\r\n\r\n\t\t\t\t\t\t<div style=\"clear: both;\"><\/div><\/div>\r\n\t\t<\/div>\r\n\r\n\t\t<div class=\"slideshow_controlPanel slideshow_transparent\" style=\"display: none;\"><ul><li class=\"slideshow_togglePlay\" data-play-text=\"Visualitza\" data-pause-text=\"Pausa\"><\/li><\/ul><\/div>\r\n\r\n\t\t<div class=\"slideshow_button slideshow_previous slideshow_transparent\" role=\"button\" data-previous-text=\"Anterior\" style=\"display: none;\"><\/div>\r\n\t\t<div class=\"slideshow_button slideshow_next slideshow_transparent\" role=\"button\" data-next-text=\"Seg\u00fcent\" style=\"display: none;\"><\/div>\r\n\r\n\t\t<div class=\"slideshow_pagination\" style=\"display: none;\" data-go-to-text=\"V\u00e9s a la diapositiva\"><div class=\"slideshow_pagination_center\"><\/div><\/div>\r\n\r\n\t\t<!-- WordPress Slideshow Version 2.3.1 -->\r\n\r\n\t\t\t<\/div>\r\n\r\n\n","protected":false},"excerpt":{"rendered":"<p>Aquest curs el nostre centre ha tingut l\u2019oportunitat de tornar a participar als mSchools Student Awards Barcelona, una iniciativa que reconeix i posa en valor els projectes digitals desenvolupats per estudiants de tot Catalunya dins l\u2019\u00e0mbit de la tecnologia, la creativitat i la innovaci\u00f3 educativa.<br \/>\nAquests&hellip;  <a href=\"https:\/\/agora.xtec.cat\/iesdecelra\/cursos\/eso\/eso-2\/gran-final-dels-mschools-awards-barcelona\/\" title=\"Read GRAN FINAL DELS MSCHOOLS AWARDS BARCELONA\">Llegeix m\u00e9s\u00bb<\/a><\/p>\n","protected":false},"author":1,"featured_media":12546,"comment_status":"open","ping_status":"open","sticky":false,"template":"","format":"standard","meta":{"_bbp_topic_count":0,"_bbp_reply_count":0,"_bbp_total_topic_count":0,"_bbp_total_reply_count":0,"_bbp_voice_count":0,"_bbp_anonymous_reply_count":0,"_bbp_topic_count_hidden":0,"_bbp_reply_count_hidden":0,"_bbp_forum_subforum_count":0,"footnotes":""},"categories":[103,218,5,299],"tags":[370,209,504,118],"class_list":["post-12554","post","type-post","status-publish","format-standard","has-post-thumbnail","hentry","category-actualitat","category-concursos-i-premis","category-eso-2","category-insteam","tag-curs-2024-2025","tag-departament-de-tecnologia","tag-mschools","tag-robotica"],"post_mailing_queue_ids":[],"_links":{"self":[{"href":"https:\/\/agora.xtec.cat\/iesdecelra\/wp-json\/wp\/v2\/posts\/12554","targetHints":{"allow":["GET"]}}],"collection":[{"href":"https:\/\/agora.xtec.cat\/iesdecelra\/wp-json\/wp\/v2\/posts"}],"about":[{"href":"https:\/\/agora.xtec.cat\/iesdecelra\/wp-json\/wp\/v2\/types\/post"}],"author":[{"embeddable":true,"href":"https:\/\/agora.xtec.cat\/iesdecelra\/wp-json\/wp\/v2\/users\/1"}],"replies":[{"embeddable":true,"href":"https:\/\/agora.xtec.cat\/iesdecelra\/wp-json\/wp\/v2\/comments?post=12554"}],"version-history":[{"count":6,"href":"https:\/\/agora.xtec.cat\/iesdecelra\/wp-json\/wp\/v2\/posts\/12554\/revisions"}],"predecessor-version":[{"id":12612,"href":"https:\/\/agora.xtec.cat\/iesdecelra\/wp-json\/wp\/v2\/posts\/12554\/revisions\/12612"}],"wp:featuredmedia":[{"embeddable":true,"href":"https:\/\/agora.xtec.cat\/iesdecelra\/wp-json\/wp\/v2\/media\/12546"}],"wp:attachment":[{"href":"https:\/\/agora.xtec.cat\/iesdecelra\/wp-json\/wp\/v2\/media?parent=12554"}],"wp:term":[{"taxonomy":"category","embeddable":true,"href":"https:\/\/agora.xtec.cat\/iesdecelra\/wp-json\/wp\/v2\/categories?post=12554"},{"taxonomy":"post_tag","embeddable":true,"href":"https:\/\/agora.xtec.cat\/iesdecelra\/wp-json\/wp\/v2\/tags?post=12554"}],"curies":[{"name":"wp","href":"https:\/\/api.w.org\/{rel}","templated":true}]}}