{"id":12405,"date":"2025-05-01T11:29:14","date_gmt":"2025-05-01T09:29:14","guid":{"rendered":"https:\/\/agora.xtec.cat\/iesdecelra\/?p=12405"},"modified":"2025-05-25T11:36:34","modified_gmt":"2025-05-25T09:36:34","slug":"ciencia-en-equip","status":"publish","type":"post","link":"https:\/\/agora.xtec.cat\/iesdecelra\/cursos\/eso\/eso-4\/ciencia-en-equip\/","title":{"rendered":"CI\u00c8NCIA EN EQUIP!"},"content":{"rendered":"<p dir=\"auto\">Un any m\u00e9s l&#8217;Institut de Celr\u00e0 va participar a la fira de la ci\u00e8ncia que es celebra cada any, el mes d\u2019abril,\u00a0\u00a0a Girona.<\/p>\n<p dir=\"auto\">Aquest any hi vam anar alumnes de 4t de l&#8217;optativa de F\u00edsica i Qu\u00edmica i alumnes de F\u00edsica de 1r i 2n de batxillerat.<\/p>\n<p>Els alumnes de 4t presentaven experiments amb gel sec. Cada any el nostre institut porta CO2 en estat s\u00f2lid i sorpr\u00e8n a tothom fent bombolles de fum, atrapant el gas que sublima amb l&#8217;ajuda de sab\u00f3. Aquest any a m\u00e9s explicaven algunes propietats del di\u00f2xid de carboni relacionades amb la seva densitat o el seu car\u00e0cter \u00e0cid.<\/p>\n<p dir=\"auto\">Els alumnes de 1r de batxillerat presentaven un seguit d&#8217;experiments relacionats amb el principi de Bernouilli\u00a0i feien surar pilotes a l\u2019aire amb l&#8217;ajuda d&#8217;un bufador de fulles.<\/p>\n<p dir=\"auto\">Els alumnes de 2n de batxillerat portaven una cambra fosca gegant i ens explicaven les reflexions de miralls plans, miralls semitransparents, corbats, jocs\u00a0de miralls&#8230;<\/p>\n<p dir=\"auto\">Un cop m\u00e9s va ser un \u00e8xit gr\u00e0cies a la implicaci\u00f3 de tots els alumnes que s\u00f3n els grans protagonistes.<\/p>\n<div dir=\"auto\">\n<div>\n<p dir=\"auto\">Moltes gr\u00e0cies a tots. L\u2019any vinent hi tornarem!<\/p>\n<p dir=\"auto\">\r\n\t<div class=\"slideshow_container slideshow_container_style-light\" style=\"height: 500px; \" data-slideshow-id=\"12407\" data-style-name=\"style-light\" data-style-version=\"2.3.1\" >\r\n\r\n\t\t\t\t\t<div class=\"slideshow_loading_icon\"><\/div>\r\n\t\t\r\n\t\t<div class=\"slideshow_content\" style=\"display: none;\">\r\n\r\n\t\t\t<div class=\"slideshow_view\">\r\n\t\t\t\t<div class=\"slideshow_slide slideshow_slide_image\">\r\n\t\t\t\t\t\t\t\t\t\t\t<img src=\"https:\/\/agora.xtec.cat\/iesdecelra\/wp-content\/uploads\/usu1789\/2025\/05\/IMG_9684-scaled.jpg\" alt=\"IMG_9684\" width=\"2560\" height=\"1920\" \/>\r\n\t\t\t\t\t\t\t\t\t\t<div class=\"slideshow_description_box slideshow_transparent\">\r\n\t\t\t\t\t\t<div class=\"slideshow_title\">IMG_9684<\/div>\t\t\t\t\t\t\t\t\t\t\t<\/div>\r\n\t\t\t\t<\/div>\r\n\r\n\t\t\t\t\t\t<div style=\"clear: both;\"><\/div><\/div><div class=\"slideshow_view\">\r\n\t\t\t\t<div class=\"slideshow_slide slideshow_slide_image\">\r\n\t\t\t\t\t\t\t\t\t\t\t<img src=\"https:\/\/agora.xtec.cat\/iesdecelra\/wp-content\/uploads\/usu1789\/2025\/05\/de3dad23-1216-4c04-a208-374c6a09ce58.jpeg\" alt=\"de3dad23-1216-4c04-a208-374c6a09ce58\" width=\"1600\" height=\"1200\" \/>\r\n\t\t\t\t\t\t\t\t\t\t<div class=\"slideshow_description_box slideshow_transparent\">\r\n\t\t\t\t\t\t<div class=\"slideshow_title\">de3dad23-1216-4c04-a208-374c6a09ce58<\/div>\t\t\t\t\t\t\t\t\t\t\t<\/div>\r\n\t\t\t\t<\/div>\r\n\r\n\t\t\t\t\t\t<div style=\"clear: both;\"><\/div><\/div><div class=\"slideshow_view\">\r\n\t\t\t\t<div class=\"slideshow_slide slideshow_slide_image\">\r\n\t\t\t\t\t\t\t\t\t\t\t<img src=\"https:\/\/agora.xtec.cat\/iesdecelra\/wp-content\/uploads\/usu1789\/2025\/05\/c65027c6-46cf-46bc-83e1-ee20fdc503ed.jpeg\" alt=\"c65027c6-46cf-46bc-83e1-ee20fdc503ed\" width=\"1536\" height=\"2048\" \/>\r\n\t\t\t\t\t\t\t\t\t\t<div class=\"slideshow_description_box slideshow_transparent\">\r\n\t\t\t\t\t\t<div class=\"slideshow_title\">c65027c6-46cf-46bc-83e1-ee20fdc503ed<\/div>\t\t\t\t\t\t\t\t\t\t\t<\/div>\r\n\t\t\t\t<\/div>\r\n\r\n\t\t\t\t\t\t<div style=\"clear: both;\"><\/div><\/div><div class=\"slideshow_view\">\r\n\t\t\t\t<div class=\"slideshow_slide slideshow_slide_image\">\r\n\t\t\t\t\t\t\t\t\t\t\t<img src=\"https:\/\/agora.xtec.cat\/iesdecelra\/wp-content\/uploads\/usu1789\/2025\/05\/3b2ae0cf-6b85-4725-9928-7a92bae78fe0.jpeg\" alt=\"3b2ae0cf-6b85-4725-9928-7a92bae78fe0\" width=\"1600\" height=\"1200\" \/>\r\n\t\t\t\t\t\t\t\t\t\t<div class=\"slideshow_description_box slideshow_transparent\">\r\n\t\t\t\t\t\t<div class=\"slideshow_title\">3b2ae0cf-6b85-4725-9928-7a92bae78fe0<\/div>\t\t\t\t\t\t\t\t\t\t\t<\/div>\r\n\t\t\t\t<\/div>\r\n\r\n\t\t\t\t\t\t<div style=\"clear: both;\"><\/div><\/div><div class=\"slideshow_view\">\r\n\t\t\t\t<div class=\"slideshow_slide slideshow_slide_image\">\r\n\t\t\t\t\t\t\t\t\t\t\t<img src=\"https:\/\/agora.xtec.cat\/iesdecelra\/wp-content\/uploads\/usu1789\/2025\/05\/1bce5fcf-e7e4-4b73-807c-63ab1199c151.jpeg\" alt=\"1bce5fcf-e7e4-4b73-807c-63ab1199c151\" width=\"1600\" height=\"1200\" \/>\r\n\t\t\t\t\t\t\t\t\t\t<div class=\"slideshow_description_box slideshow_transparent\">\r\n\t\t\t\t\t\t<div class=\"slideshow_title\">1bce5fcf-e7e4-4b73-807c-63ab1199c151<\/div>\t\t\t\t\t\t\t\t\t\t\t<\/div>\r\n\t\t\t\t<\/div>\r\n\r\n\t\t\t\t\t\t<div style=\"clear: both;\"><\/div><\/div>\r\n\t\t<\/div>\r\n\r\n\t\t<div class=\"slideshow_controlPanel slideshow_transparent\" style=\"display: none;\"><ul><li class=\"slideshow_togglePlay\" data-play-text=\"Visualitza\" data-pause-text=\"Pausa\"><\/li><\/ul><\/div>\r\n\r\n\t\t<div class=\"slideshow_button slideshow_previous slideshow_transparent\" role=\"button\" data-previous-text=\"Anterior\" style=\"display: none;\"><\/div>\r\n\t\t<div class=\"slideshow_button slideshow_next slideshow_transparent\" role=\"button\" data-next-text=\"Seg\u00fcent\" style=\"display: none;\"><\/div>\r\n\r\n\t\t<div class=\"slideshow_pagination\" style=\"display: none;\" data-go-to-text=\"V\u00e9s a la diapositiva\"><div class=\"slideshow_pagination_center\"><\/div><\/div>\r\n\r\n\t\t<!-- WordPress Slideshow Version 2.3.1 -->\r\n\r\n\t\t\t<\/div>\r\n\r\n<\/p>\n<\/div>\n<\/div>\n","protected":false},"excerpt":{"rendered":"<p>Un any m\u00e9s l&#8217;Institut de Celr\u00e0 va participar a la fira de la ci\u00e8ncia que es celebra cada any, el mes d\u2019abril,\u00a0\u00a0a Girona.<br \/>\nAquest any hi vam anar alumnes de 4t de l&#8217;optativa de F\u00edsica i Qu\u00edmica i alumnes de F\u00edsica de 1r i 2n de&hellip;  <a href=\"https:\/\/agora.xtec.cat\/iesdecelra\/cursos\/eso\/eso-4\/ciencia-en-equip\/\" title=\"Read CI\u00c8NCIA EN EQUIP!\">Llegeix m\u00e9s\u00bb<\/a><\/p>\n","protected":false},"author":1,"featured_media":12411,"comment_status":"open","ping_status":"closed","sticky":false,"template":"","format":"standard","meta":{"_bbp_topic_count":0,"_bbp_reply_count":0,"_bbp_total_topic_count":0,"_bbp_total_reply_count":0,"_bbp_voice_count":0,"_bbp_anonymous_reply_count":0,"_bbp_topic_count_hidden":0,"_bbp_reply_count_hidden":0,"_bbp_forum_subforum_count":0,"footnotes":""},"categories":[103,8,7],"tags":[486,365,224,487,488,489],"class_list":["post-12405","post","type-post","status-publish","format-standard","has-post-thumbnail","hentry","category-actualitat","category-batxillerat","category-eso-4","tag-ciencia","tag-ciencia-en-equip","tag-departament-de-ciencies","tag-fira","tag-fisica","tag-quimica"],"post_mailing_queue_ids":[],"_links":{"self":[{"href":"https:\/\/agora.xtec.cat\/iesdecelra\/wp-json\/wp\/v2\/posts\/12405","targetHints":{"allow":["GET"]}}],"collection":[{"href":"https:\/\/agora.xtec.cat\/iesdecelra\/wp-json\/wp\/v2\/posts"}],"about":[{"href":"https:\/\/agora.xtec.cat\/iesdecelra\/wp-json\/wp\/v2\/types\/post"}],"author":[{"embeddable":true,"href":"https:\/\/agora.xtec.cat\/iesdecelra\/wp-json\/wp\/v2\/users\/1"}],"replies":[{"embeddable":true,"href":"https:\/\/agora.xtec.cat\/iesdecelra\/wp-json\/wp\/v2\/comments?post=12405"}],"version-history":[{"count":2,"href":"https:\/\/agora.xtec.cat\/iesdecelra\/wp-json\/wp\/v2\/posts\/12405\/revisions"}],"predecessor-version":[{"id":12413,"href":"https:\/\/agora.xtec.cat\/iesdecelra\/wp-json\/wp\/v2\/posts\/12405\/revisions\/12413"}],"wp:featuredmedia":[{"embeddable":true,"href":"https:\/\/agora.xtec.cat\/iesdecelra\/wp-json\/wp\/v2\/media\/12411"}],"wp:attachment":[{"href":"https:\/\/agora.xtec.cat\/iesdecelra\/wp-json\/wp\/v2\/media?parent=12405"}],"wp:term":[{"taxonomy":"category","embeddable":true,"href":"https:\/\/agora.xtec.cat\/iesdecelra\/wp-json\/wp\/v2\/categories?post=12405"},{"taxonomy":"post_tag","embeddable":true,"href":"https:\/\/agora.xtec.cat\/iesdecelra\/wp-json\/wp\/v2\/tags?post=12405"}],"curies":[{"name":"wp","href":"https:\/\/api.w.org\/{rel}","templated":true}]}}