{"id":12375,"date":"2025-05-16T11:00:32","date_gmt":"2025-05-16T09:00:32","guid":{"rendered":"https:\/\/agora.xtec.cat\/iesdecelra\/?p=12375"},"modified":"2025-05-16T11:02:07","modified_gmt":"2025-05-16T09:02:07","slug":"benvinguts-a-linstitut-de-celra","status":"publish","type":"post","link":"https:\/\/agora.xtec.cat\/iesdecelra\/cursos\/eso\/eso-1\/benvinguts-a-linstitut-de-celra\/","title":{"rendered":"BENVINGUTS A L&#8217;INSTITUT DE CELR\u00c0!"},"content":{"rendered":"<p>Benvinguts a l&#8217;Institut de Celr\u00e0!<\/p>\n<p>L&#8217;alumnat de 6\u00e8 de prim\u00e0ria de les escoles Aulet, Les Falgueres, Bordils i Fla\u00e7\u00e0, que el curs vinent inicien la seva etapa a la secund\u00e0ria, han participat en una jornada d&#8217;acollida per con\u00e8ixer l&#8217;Institut de Celr\u00e0.<\/p>\n<p>La trobada ha comptat amb la col\u00b7laboraci\u00f3 dels alumnes que actualment cursen 1r d&#8217;ESO que s&#8217;han encarregat d&#8217;explicar-los el funcionament del centre en una presentaci\u00f3 conjunta. Posteriorment, s&#8217;han distribu\u00eft per grups per visitar les diferents aules i instal\u00b7lacions que utilitzaran el curs vinent.<\/p>\n<p>Finalment, els alumnes han pogut compartir dubtes i preguntes amb el professorat del centre i s&#8217;han endut un punt de llibre creat especialment per a ells.<\/p>\n<p>Agra\u00efm la col\u00b7laboraci\u00f3 de les escoles i els mestres, la participaci\u00f3 dels referents de joventut de la zona i, sobretot, dels nostres alumnes de 1r d&#8217;ESO en la preparaci\u00f3 de l&#8217;acte.<\/p>\n<p><img loading=\"lazy\" decoding=\"async\" class=\"aligncenter size-full wp-image-12376\" src=\"https:\/\/agora.xtec.cat\/iesdecelra\/wp-content\/uploads\/usu1789\/2025\/05\/Imagen-de-WhatsApp-2025-05-14-a-las-08.27.47_5cae72fa.jpg\" alt=\"\" width=\"1537\" height=\"2048\" srcset=\"https:\/\/agora.xtec.cat\/iesdecelra\/wp-content\/uploads\/usu1789\/2025\/05\/Imagen-de-WhatsApp-2025-05-14-a-las-08.27.47_5cae72fa.jpg 1537w, https:\/\/agora.xtec.cat\/iesdecelra\/wp-content\/uploads\/usu1789\/2025\/05\/Imagen-de-WhatsApp-2025-05-14-a-las-08.27.47_5cae72fa-225x300.jpg 225w, https:\/\/agora.xtec.cat\/iesdecelra\/wp-content\/uploads\/usu1789\/2025\/05\/Imagen-de-WhatsApp-2025-05-14-a-las-08.27.47_5cae72fa-769x1024.jpg 769w, https:\/\/agora.xtec.cat\/iesdecelra\/wp-content\/uploads\/usu1789\/2025\/05\/Imagen-de-WhatsApp-2025-05-14-a-las-08.27.47_5cae72fa-768x1023.jpg 768w, https:\/\/agora.xtec.cat\/iesdecelra\/wp-content\/uploads\/usu1789\/2025\/05\/Imagen-de-WhatsApp-2025-05-14-a-las-08.27.47_5cae72fa-1153x1536.jpg 1153w\" sizes=\"auto, (max-width: 1537px) 100vw, 1537px\" \/><\/p>\n","protected":false},"excerpt":{"rendered":"<p>Benvinguts a l&#8217;Institut de Celr\u00e0!<br \/>\nL&#8217;alumnat de 6\u00e8 de prim\u00e0ria de les escoles Aulet, Les Falgueres, Bordils i Fla\u00e7\u00e0, que el curs vinent inicien la seva etapa a la secund\u00e0ria, han participat en una jornada d&#8217;acollida per con\u00e8ixer l&#8217;Institut de Celr\u00e0.<br \/>\nLa trobada ha comptat amb la&hellip;  <a href=\"https:\/\/agora.xtec.cat\/iesdecelra\/cursos\/eso\/eso-1\/benvinguts-a-linstitut-de-celra\/\" title=\"Read BENVINGUTS A L&#8217;INSTITUT DE CELR\u00c0!\">Llegeix m\u00e9s\u00bb<\/a><\/p>\n","protected":false},"author":1,"featured_media":12376,"comment_status":"open","ping_status":"closed","sticky":false,"template":"","format":"standard","meta":{"_bbp_topic_count":0,"_bbp_reply_count":0,"_bbp_total_topic_count":0,"_bbp_total_reply_count":0,"_bbp_voice_count":0,"_bbp_anonymous_reply_count":0,"_bbp_topic_count_hidden":0,"_bbp_reply_count_hidden":0,"_bbp_forum_subforum_count":0,"footnotes":""},"categories":[103,4],"tags":[481,480],"class_list":["post-12375","post","type-post","status-publish","format-standard","has-post-thumbnail","hentry","category-actualitat","category-eso-1","tag-alumnes-6e","tag-benvinguts"],"post_mailing_queue_ids":[],"_links":{"self":[{"href":"https:\/\/agora.xtec.cat\/iesdecelra\/wp-json\/wp\/v2\/posts\/12375","targetHints":{"allow":["GET"]}}],"collection":[{"href":"https:\/\/agora.xtec.cat\/iesdecelra\/wp-json\/wp\/v2\/posts"}],"about":[{"href":"https:\/\/agora.xtec.cat\/iesdecelra\/wp-json\/wp\/v2\/types\/post"}],"author":[{"embeddable":true,"href":"https:\/\/agora.xtec.cat\/iesdecelra\/wp-json\/wp\/v2\/users\/1"}],"replies":[{"embeddable":true,"href":"https:\/\/agora.xtec.cat\/iesdecelra\/wp-json\/wp\/v2\/comments?post=12375"}],"version-history":[{"count":1,"href":"https:\/\/agora.xtec.cat\/iesdecelra\/wp-json\/wp\/v2\/posts\/12375\/revisions"}],"predecessor-version":[{"id":12377,"href":"https:\/\/agora.xtec.cat\/iesdecelra\/wp-json\/wp\/v2\/posts\/12375\/revisions\/12377"}],"wp:featuredmedia":[{"embeddable":true,"href":"https:\/\/agora.xtec.cat\/iesdecelra\/wp-json\/wp\/v2\/media\/12376"}],"wp:attachment":[{"href":"https:\/\/agora.xtec.cat\/iesdecelra\/wp-json\/wp\/v2\/media?parent=12375"}],"wp:term":[{"taxonomy":"category","embeddable":true,"href":"https:\/\/agora.xtec.cat\/iesdecelra\/wp-json\/wp\/v2\/categories?post=12375"},{"taxonomy":"post_tag","embeddable":true,"href":"https:\/\/agora.xtec.cat\/iesdecelra\/wp-json\/wp\/v2\/tags?post=12375"}],"curies":[{"name":"wp","href":"https:\/\/api.w.org\/{rel}","templated":true}]}}