{"id":12323,"date":"2025-05-09T09:48:19","date_gmt":"2025-05-09T07:48:19","guid":{"rendered":"https:\/\/agora.xtec.cat\/iesdecelra\/?p=12323"},"modified":"2025-05-09T09:48:47","modified_gmt":"2025-05-09T07:48:47","slug":"histories-entrecreuades","status":"publish","type":"post","link":"https:\/\/agora.xtec.cat\/iesdecelra\/cursos\/batxillerat\/histories-entrecreuades\/","title":{"rendered":"HIST\u00d2RIES ENTRECREUADES"},"content":{"rendered":"<p class=\"gmail_default\">Els alumnes de la mat\u00e8ria optativa Creaci\u00f3 liter\u00e0ria de 1r de batxillerat han escrit una obra de quatre cap\u00edtols en la qual s&#8217;explica una hist\u00f2ria des de diferents punts de vista.\u00a0 Les narracions s\u00f3n de g\u00e8neres tan diversos com intriga, realista, polic\u00edac, fant\u00e0stic, de terror, sentimental, etc.<\/p>\n<p class=\"gmail_default\">Els exemplars dels estudiants van ser enquadernats de forma artesanal gr\u00e0cies al mestratge de la Roser Adroher. D&#8217;aqu\u00ed a uns dies els trobareu a la biblioteca de l&#8217;institut cosits a m\u00e0quina a l&#8217;aula de creaci\u00f3 digital del centre.<\/p>\n<p><img loading=\"lazy\" decoding=\"async\" class=\"aligncenter size-full wp-image-12326\" src=\"https:\/\/agora.xtec.cat\/iesdecelra\/wp-content\/uploads\/usu1789\/2025\/05\/Creacio-literaria.jpg\" alt=\"\" width=\"2000\" height=\"1500\" srcset=\"https:\/\/agora.xtec.cat\/iesdecelra\/wp-content\/uploads\/usu1789\/2025\/05\/Creacio-literaria.jpg 2000w, https:\/\/agora.xtec.cat\/iesdecelra\/wp-content\/uploads\/usu1789\/2025\/05\/Creacio-literaria-300x225.jpg 300w, https:\/\/agora.xtec.cat\/iesdecelra\/wp-content\/uploads\/usu1789\/2025\/05\/Creacio-literaria-1024x768.jpg 1024w, https:\/\/agora.xtec.cat\/iesdecelra\/wp-content\/uploads\/usu1789\/2025\/05\/Creacio-literaria-768x576.jpg 768w, https:\/\/agora.xtec.cat\/iesdecelra\/wp-content\/uploads\/usu1789\/2025\/05\/Creacio-literaria-1536x1152.jpg 1536w, https:\/\/agora.xtec.cat\/iesdecelra\/wp-content\/uploads\/usu1789\/2025\/05\/Creacio-literaria-200x150.jpg 200w\" sizes=\"auto, (max-width: 2000px) 100vw, 2000px\" \/><\/p>\n","protected":false},"excerpt":{"rendered":"<p>Els alumnes de la mat\u00e8ria optativa Creaci\u00f3 liter\u00e0ria de 1r de batxillerat han escrit una obra de quatre cap\u00edtols en la qual s&#8217;explica una hist\u00f2ria des de diferents punts de vista.\u00a0 Les narracions s\u00f3n de g\u00e8neres tan diversos com intriga, realista, polic\u00edac, fant\u00e0stic, de terror,&hellip;  <a href=\"https:\/\/agora.xtec.cat\/iesdecelra\/cursos\/batxillerat\/histories-entrecreuades\/\" title=\"Read HIST\u00d2RIES ENTRECREUADES\">Llegeix m\u00e9s\u00bb<\/a><\/p>\n","protected":false},"author":1,"featured_media":12325,"comment_status":"open","ping_status":"closed","sticky":false,"template":"","format":"standard","meta":{"_bbp_topic_count":0,"_bbp_reply_count":0,"_bbp_total_topic_count":0,"_bbp_total_reply_count":0,"_bbp_voice_count":0,"_bbp_anonymous_reply_count":0,"_bbp_topic_count_hidden":0,"_bbp_reply_count_hidden":0,"_bbp_forum_subforum_count":0,"footnotes":""},"categories":[103,8],"tags":[370,174],"class_list":["post-12323","post","type-post","status-publish","format-standard","has-post-thumbnail","hentry","category-actualitat","category-batxillerat","tag-curs-2024-2025","tag-departament-de-castella"],"post_mailing_queue_ids":[],"_links":{"self":[{"href":"https:\/\/agora.xtec.cat\/iesdecelra\/wp-json\/wp\/v2\/posts\/12323","targetHints":{"allow":["GET"]}}],"collection":[{"href":"https:\/\/agora.xtec.cat\/iesdecelra\/wp-json\/wp\/v2\/posts"}],"about":[{"href":"https:\/\/agora.xtec.cat\/iesdecelra\/wp-json\/wp\/v2\/types\/post"}],"author":[{"embeddable":true,"href":"https:\/\/agora.xtec.cat\/iesdecelra\/wp-json\/wp\/v2\/users\/1"}],"replies":[{"embeddable":true,"href":"https:\/\/agora.xtec.cat\/iesdecelra\/wp-json\/wp\/v2\/comments?post=12323"}],"version-history":[{"count":2,"href":"https:\/\/agora.xtec.cat\/iesdecelra\/wp-json\/wp\/v2\/posts\/12323\/revisions"}],"predecessor-version":[{"id":12327,"href":"https:\/\/agora.xtec.cat\/iesdecelra\/wp-json\/wp\/v2\/posts\/12323\/revisions\/12327"}],"wp:featuredmedia":[{"embeddable":true,"href":"https:\/\/agora.xtec.cat\/iesdecelra\/wp-json\/wp\/v2\/media\/12325"}],"wp:attachment":[{"href":"https:\/\/agora.xtec.cat\/iesdecelra\/wp-json\/wp\/v2\/media?parent=12323"}],"wp:term":[{"taxonomy":"category","embeddable":true,"href":"https:\/\/agora.xtec.cat\/iesdecelra\/wp-json\/wp\/v2\/categories?post=12323"},{"taxonomy":"post_tag","embeddable":true,"href":"https:\/\/agora.xtec.cat\/iesdecelra\/wp-json\/wp\/v2\/tags?post=12323"}],"curies":[{"name":"wp","href":"https:\/\/api.w.org\/{rel}","templated":true}]}}