{"id":1231,"date":"2018-11-27T15:42:10","date_gmt":"2018-11-27T14:42:10","guid":{"rendered":"http:\/\/agora.xtec.cat\/iesdecelra\/?p=1231"},"modified":"2022-01-26T12:27:54","modified_gmt":"2022-01-26T11:27:54","slug":"la-setmana-de-la-ciencia","status":"publish","type":"post","link":"https:\/\/agora.xtec.cat\/iesdecelra\/cursos\/eso\/eso-1\/la-setmana-de-la-ciencia\/","title":{"rendered":"LA SETMANA DE LA CI\u00c8NCIA"},"content":{"rendered":"<div>\n<p style=\"text-align: justify;\">Com cada any, al voltant de St. Albert, patr\u00f3 dels cient\u00edfics, es celebra la setmana de la ci\u00e8ncia a Catalunya. Al nostre institut ens sumem a la celebraci\u00f3 i per aix\u00f2 organitzem diferents activitats.<\/p>\n<p style=\"text-align: justify;\">Vam comen\u00e7ar dimarts 13 de novembre amb els m\u00e9s grans, de 1r i 2n de batxillerat de ci\u00e8ncies, que van assistir a una xerrada titulada <em>Ens pot ajudar un robot submar\u00ed a curar el c\u00e0ncer o a trobar vida extraterrestre?<\/em> d&#8217;en Rafael Garc\u00eda del departament de rob\u00f2tica de la UdG. Va ser un molt bon comen\u00e7ament, ens va agradar molt i vam aprendre moltes coses de la feina que fan en equip amb molta gent col\u00b7laborant tant en recerques arqueol\u00f2giques com de biologia marina, de qu\u00edmica&#8230;<\/p>\n<table style=\"border-collapse: collapse; width: 101.16%; height: 199px;\" border=\"0\">\n<tbody>\n<tr style=\"height: 184px;\">\n<td style=\"width: 33.3333%; height: 284px;\"><a href=\"https:\/\/agora.xtec.cat\/iesdecelra\/wp-content\/uploads\/usu1789\/2018\/11\/IMG-20181121-WA0007.jpg\"><img loading=\"lazy\" decoding=\"async\" class=\"alignnone wp-image-1232\" src=\"https:\/\/agora.xtec.cat\/iesdecelra\/wp-content\/uploads\/usu1789\/2018\/11\/IMG-20181121-WA0007-1024x768.jpg\" alt=\"\" width=\"438\" height=\"328\" srcset=\"https:\/\/agora.xtec.cat\/iesdecelra\/wp-content\/uploads\/usu1789\/2018\/11\/IMG-20181121-WA0007.jpg 1024w, https:\/\/agora.xtec.cat\/iesdecelra\/wp-content\/uploads\/usu1789\/2018\/11\/IMG-20181121-WA0007-300x225.jpg 300w, https:\/\/agora.xtec.cat\/iesdecelra\/wp-content\/uploads\/usu1789\/2018\/11\/IMG-20181121-WA0007-768x576.jpg 768w, https:\/\/agora.xtec.cat\/iesdecelra\/wp-content\/uploads\/usu1789\/2018\/11\/IMG-20181121-WA0007-200x150.jpg 200w\" sizes=\"auto, (max-width: 438px) 100vw, 438px\" \/><\/a><\/td>\n<td style=\"width: 33.3333%; height: 284px;\"><a href=\"https:\/\/agora.xtec.cat\/iesdecelra\/wp-content\/uploads\/usu1789\/2018\/11\/IMG-20181121-WA0006.jpg\"><img loading=\"lazy\" decoding=\"async\" class=\"alignnone size-large wp-image-1233\" src=\"https:\/\/agora.xtec.cat\/iesdecelra\/wp-content\/uploads\/usu1789\/2018\/11\/IMG-20181121-WA0006-1024x768.jpg\" alt=\"\" width=\"1024\" height=\"768\" srcset=\"https:\/\/agora.xtec.cat\/iesdecelra\/wp-content\/uploads\/usu1789\/2018\/11\/IMG-20181121-WA0006.jpg 1024w, https:\/\/agora.xtec.cat\/iesdecelra\/wp-content\/uploads\/usu1789\/2018\/11\/IMG-20181121-WA0006-300x225.jpg 300w, https:\/\/agora.xtec.cat\/iesdecelra\/wp-content\/uploads\/usu1789\/2018\/11\/IMG-20181121-WA0006-768x576.jpg 768w, https:\/\/agora.xtec.cat\/iesdecelra\/wp-content\/uploads\/usu1789\/2018\/11\/IMG-20181121-WA0006-200x150.jpg 200w\" sizes=\"auto, (max-width: 1024px) 100vw, 1024px\" \/><\/a><\/td>\n<td style=\"width: 33.3333%; height: 284px;\"><a href=\"https:\/\/agora.xtec.cat\/iesdecelra\/wp-content\/uploads\/usu1789\/2018\/11\/IMG-20181121-WA0005.jpg\"><img loading=\"lazy\" decoding=\"async\" class=\"alignnone size-large wp-image-1234\" src=\"https:\/\/agora.xtec.cat\/iesdecelra\/wp-content\/uploads\/usu1789\/2018\/11\/IMG-20181121-WA0005-1024x768.jpg\" alt=\"\" width=\"1024\" height=\"768\" srcset=\"https:\/\/agora.xtec.cat\/iesdecelra\/wp-content\/uploads\/usu1789\/2018\/11\/IMG-20181121-WA0005.jpg 1024w, https:\/\/agora.xtec.cat\/iesdecelra\/wp-content\/uploads\/usu1789\/2018\/11\/IMG-20181121-WA0005-300x225.jpg 300w, https:\/\/agora.xtec.cat\/iesdecelra\/wp-content\/uploads\/usu1789\/2018\/11\/IMG-20181121-WA0005-768x576.jpg 768w, https:\/\/agora.xtec.cat\/iesdecelra\/wp-content\/uploads\/usu1789\/2018\/11\/IMG-20181121-WA0005-200x150.jpg 200w\" sizes=\"auto, (max-width: 1024px) 100vw, 1024px\" \/><\/a><\/td>\n<\/tr>\n<\/tbody>\n<\/table>\n<p style=\"text-align: justify;\">El divendres 17 els alumnes de 1r de batxillerat van anar a la UdG on es feien diferents tallers i xerrades, precisament commemorant la setmana de la ci\u00e8ncia i per acostar la universitat als alumnes de secund\u00e0ria.\u00a0Van poder participar a diferents tallers cient\u00edfics i assistir a la confer\u00e8ncia <em>Com la ci\u00e8ncia ens ajuda a conservar els ecosistemes marins\u00a0<\/em>a c\u00e0rrec de la Dra.Teresa Alcoverro, del Centre d&#8217;Estudis Avan\u00e7ats de Blanes.<\/p>\n<table style=\"border-collapse: collapse; width: 99.932%; height: 101px;\" border=\"1\">\n<tbody>\n<tr style=\"height: 85px;\">\n<td style=\"width: 33.3333%; height: 85px;\"><a href=\"https:\/\/agora.xtec.cat\/iesdecelra\/wp-content\/uploads\/usu1789\/2018\/11\/IMG_20181116_101554.jpg\"><img loading=\"lazy\" decoding=\"async\" class=\"alignnone wp-image-1248 size-large\" src=\"https:\/\/agora.xtec.cat\/iesdecelra\/wp-content\/uploads\/usu1789\/2018\/11\/IMG_20181116_101554-e1542912861319-1024x768.jpg\" alt=\"\" width=\"1024\" height=\"768\" srcset=\"https:\/\/agora.xtec.cat\/iesdecelra\/wp-content\/uploads\/usu1789\/2018\/11\/IMG_20181116_101554-e1542912861319-1024x768.jpg 1024w, https:\/\/agora.xtec.cat\/iesdecelra\/wp-content\/uploads\/usu1789\/2018\/11\/IMG_20181116_101554-e1542912861319-300x225.jpg 300w, https:\/\/agora.xtec.cat\/iesdecelra\/wp-content\/uploads\/usu1789\/2018\/11\/IMG_20181116_101554-e1542912861319-768x576.jpg 768w, https:\/\/agora.xtec.cat\/iesdecelra\/wp-content\/uploads\/usu1789\/2018\/11\/IMG_20181116_101554-e1542912861319-200x150.jpg 200w\" sizes=\"auto, (max-width: 1024px) 100vw, 1024px\" \/><\/a><\/td>\n<td style=\"width: 33.3333%; height: 85px;\"><a href=\"https:\/\/agora.xtec.cat\/iesdecelra\/wp-content\/uploads\/usu1789\/2018\/11\/IMG-20181119-WA0027.jpg\"><img loading=\"lazy\" decoding=\"async\" class=\"alignnone size-large wp-image-1238\" src=\"https:\/\/agora.xtec.cat\/iesdecelra\/wp-content\/uploads\/usu1789\/2018\/11\/IMG-20181119-WA0027-1024x768.jpg\" alt=\"\" width=\"1024\" height=\"768\" srcset=\"https:\/\/agora.xtec.cat\/iesdecelra\/wp-content\/uploads\/usu1789\/2018\/11\/IMG-20181119-WA0027-1024x768.jpg 1024w, https:\/\/agora.xtec.cat\/iesdecelra\/wp-content\/uploads\/usu1789\/2018\/11\/IMG-20181119-WA0027-300x225.jpg 300w, https:\/\/agora.xtec.cat\/iesdecelra\/wp-content\/uploads\/usu1789\/2018\/11\/IMG-20181119-WA0027-768x576.jpg 768w, https:\/\/agora.xtec.cat\/iesdecelra\/wp-content\/uploads\/usu1789\/2018\/11\/IMG-20181119-WA0027-200x150.jpg 200w, https:\/\/agora.xtec.cat\/iesdecelra\/wp-content\/uploads\/usu1789\/2018\/11\/IMG-20181119-WA0027.jpg 1600w\" sizes=\"auto, (max-width: 1024px) 100vw, 1024px\" \/><\/a><\/td>\n<td style=\"width: 33.3333%; height: 85px;\"><a href=\"https:\/\/agora.xtec.cat\/iesdecelra\/wp-content\/uploads\/usu1789\/2018\/11\/IMG-20181119-WA0026.jpg\"><img loading=\"lazy\" decoding=\"async\" class=\"alignnone size-large wp-image-1239\" src=\"https:\/\/agora.xtec.cat\/iesdecelra\/wp-content\/uploads\/usu1789\/2018\/11\/IMG-20181119-WA0026-1024x768.jpg\" alt=\"\" width=\"1024\" height=\"768\" srcset=\"https:\/\/agora.xtec.cat\/iesdecelra\/wp-content\/uploads\/usu1789\/2018\/11\/IMG-20181119-WA0026-1024x768.jpg 1024w, https:\/\/agora.xtec.cat\/iesdecelra\/wp-content\/uploads\/usu1789\/2018\/11\/IMG-20181119-WA0026-300x225.jpg 300w, https:\/\/agora.xtec.cat\/iesdecelra\/wp-content\/uploads\/usu1789\/2018\/11\/IMG-20181119-WA0026-768x576.jpg 768w, https:\/\/agora.xtec.cat\/iesdecelra\/wp-content\/uploads\/usu1789\/2018\/11\/IMG-20181119-WA0026-200x150.jpg 200w, https:\/\/agora.xtec.cat\/iesdecelra\/wp-content\/uploads\/usu1789\/2018\/11\/IMG-20181119-WA0026.jpg 1600w\" sizes=\"auto, (max-width: 1024px) 100vw, 1024px\" \/><\/a><\/td>\n<\/tr>\n<\/tbody>\n<\/table>\n<p style=\"text-align: justify;\">El dimarts 20 de novembre, va ser un mat\u00ed molt mogut. Els de 2n d&#8217;ESO van anar passant per un planetari m\u00f2bil que ten\u00edem muntat al gimn\u00e0s. \u00c9s el 2n any que fem aquesta activitat perqu\u00e8 les projeccions a la c\u00fapula s\u00f3n realment espectaculars!<\/p>\n<table style=\"border-collapse: collapse; width: 66.944%; height: 12px;\" border=\"1\">\n<tbody>\n<tr>\n<td style=\"width: 50%;\"><a href=\"https:\/\/agora.xtec.cat\/iesdecelra\/wp-content\/uploads\/usu1789\/2018\/11\/IMG-20181121-WA0003.jpg\"><img loading=\"lazy\" decoding=\"async\" class=\"wp-image-1236 aligncenter\" src=\"https:\/\/agora.xtec.cat\/iesdecelra\/wp-content\/uploads\/usu1789\/2018\/11\/IMG-20181121-WA0003-1024x768.jpg\" alt=\"\" width=\"414\" height=\"310\" srcset=\"https:\/\/agora.xtec.cat\/iesdecelra\/wp-content\/uploads\/usu1789\/2018\/11\/IMG-20181121-WA0003-1024x768.jpg 1024w, https:\/\/agora.xtec.cat\/iesdecelra\/wp-content\/uploads\/usu1789\/2018\/11\/IMG-20181121-WA0003-300x225.jpg 300w, https:\/\/agora.xtec.cat\/iesdecelra\/wp-content\/uploads\/usu1789\/2018\/11\/IMG-20181121-WA0003-768x576.jpg 768w, https:\/\/agora.xtec.cat\/iesdecelra\/wp-content\/uploads\/usu1789\/2018\/11\/IMG-20181121-WA0003-200x150.jpg 200w, https:\/\/agora.xtec.cat\/iesdecelra\/wp-content\/uploads\/usu1789\/2018\/11\/IMG-20181121-WA0003.jpg 1600w\" sizes=\"auto, (max-width: 414px) 100vw, 414px\" \/><\/a><\/td>\n<td style=\"width: 50%;\"><a href=\"https:\/\/agora.xtec.cat\/iesdecelra\/wp-content\/uploads\/usu1789\/2018\/11\/IMG-20181121-WA0004.jpg\"><img loading=\"lazy\" decoding=\"async\" class=\"alignnone size-large wp-image-1235\" src=\"https:\/\/agora.xtec.cat\/iesdecelra\/wp-content\/uploads\/usu1789\/2018\/11\/IMG-20181121-WA0004-1024x576.jpg\" alt=\"\" width=\"1024\" height=\"576\" srcset=\"https:\/\/agora.xtec.cat\/iesdecelra\/wp-content\/uploads\/usu1789\/2018\/11\/IMG-20181121-WA0004-1024x576.jpg 1024w, https:\/\/agora.xtec.cat\/iesdecelra\/wp-content\/uploads\/usu1789\/2018\/11\/IMG-20181121-WA0004-300x169.jpg 300w, https:\/\/agora.xtec.cat\/iesdecelra\/wp-content\/uploads\/usu1789\/2018\/11\/IMG-20181121-WA0004-768x432.jpg 768w, https:\/\/agora.xtec.cat\/iesdecelra\/wp-content\/uploads\/usu1789\/2018\/11\/IMG-20181121-WA0004.jpg 1600w\" sizes=\"auto, (max-width: 1024px) 100vw, 1024px\" \/><\/a><\/td>\n<\/tr>\n<\/tbody>\n<\/table>\n<p style=\"text-align: justify;\">I a \u00faltima hora del mat\u00ed es va fer la 4a roda d&#8217;experiments per l&#8217;institut. \u00c9s una activitat organitzada pels alumnes de 4t per als de 1r d&#8217;ESO. Les explicacions dels grans van ser molt encertades i els m\u00e9s petits de la casa van estar molt atents i van gaudir de totes les experi\u00e8ncies.<\/p>\n<\/div>\n<p style=\"text-align: justify;\">Podeu veure l&#8217;\u00e0lbum de fotografies de la roda d&#8217;experiments clicant sobre la imatge.<\/p>\n<p><a href=\"https:\/\/photos.app.goo.gl\/G5eM78MDx1aq1sah7\"><img loading=\"lazy\" decoding=\"async\" class=\"alignnone wp-image-1241\" src=\"https:\/\/agora.xtec.cat\/iesdecelra\/wp-content\/uploads\/usu1789\/2018\/11\/IMG_20181120_144211-1-1024x768.jpg\" alt=\"\" width=\"377\" height=\"283\" srcset=\"https:\/\/agora.xtec.cat\/iesdecelra\/wp-content\/uploads\/usu1789\/2018\/11\/IMG_20181120_144211-1-1024x768.jpg 1024w, https:\/\/agora.xtec.cat\/iesdecelra\/wp-content\/uploads\/usu1789\/2018\/11\/IMG_20181120_144211-1-300x225.jpg 300w, https:\/\/agora.xtec.cat\/iesdecelra\/wp-content\/uploads\/usu1789\/2018\/11\/IMG_20181120_144211-1-768x576.jpg 768w, https:\/\/agora.xtec.cat\/iesdecelra\/wp-content\/uploads\/usu1789\/2018\/11\/IMG_20181120_144211-1-200x150.jpg 200w\" sizes=\"auto, (max-width: 377px) 100vw, 377px\" \/>\u00a0\u00a0\u00a0<\/a><a href=\"https:\/\/photos.app.goo.gl\/G5eM78MDx1aq1sah7\">\u00c0LBUM DE FOTOGRAFIES DE LA RODA D&#8217;EXPERIMENTS<\/a><\/p>\n<p>&nbsp;<\/p>\n<p style=\"text-align: justify;\">A m\u00e9s a m\u00e9s, a l&#8217;entrada de l&#8217;institut hi tenim penjades fotos relacionades amb la f\u00edsica fetes pels alumnes de 2n de batxillerat, de les quals n&#8217;hem escollit quatre que presentarem al V Concurs de fotografia d&#8217;imatges de F\u00edsica de la Societat Catalana de F\u00edsica. No va ser f\u00e0cil triar-les perqu\u00e8 totes eren molt xules!<\/p>\n<table style=\"border-collapse: collapse; width: 93.4984%; height: 202px;\" border=\"1\">\n<tbody>\n<tr style=\"height: 139px;\">\n<td style=\"width: 33.3333%; height: 139px;\"><a href=\"https:\/\/agora.xtec.cat\/iesdecelra\/wp-content\/uploads\/usu1789\/2018\/11\/IMG-Bombolles-de-vapor.jpg\"><img loading=\"lazy\" decoding=\"async\" class=\"alignnone size-large wp-image-1242\" src=\"https:\/\/agora.xtec.cat\/iesdecelra\/wp-content\/uploads\/usu1789\/2018\/11\/IMG-Bombolles-de-vapor-1024x992.jpg\" alt=\"\" width=\"1024\" height=\"992\" srcset=\"https:\/\/agora.xtec.cat\/iesdecelra\/wp-content\/uploads\/usu1789\/2018\/11\/IMG-Bombolles-de-vapor-1024x992.jpg 1024w, https:\/\/agora.xtec.cat\/iesdecelra\/wp-content\/uploads\/usu1789\/2018\/11\/IMG-Bombolles-de-vapor-300x291.jpg 300w, https:\/\/agora.xtec.cat\/iesdecelra\/wp-content\/uploads\/usu1789\/2018\/11\/IMG-Bombolles-de-vapor-768x744.jpg 768w\" sizes=\"auto, (max-width: 1024px) 100vw, 1024px\" \/><\/a><\/td>\n<td style=\"width: 33.3333%; height: 139px;\"><a href=\"https:\/\/agora.xtec.cat\/iesdecelra\/wp-content\/uploads\/usu1789\/2018\/11\/1-IMG-El-temps-passa-quan-es-mouen.jpg\"><img loading=\"lazy\" decoding=\"async\" class=\"alignnone wp-image-1243\" src=\"https:\/\/agora.xtec.cat\/iesdecelra\/wp-content\/uploads\/usu1789\/2018\/11\/1-IMG-El-temps-passa-quan-es-mouen-759x1024.jpg\" alt=\"\" width=\"349\" height=\"470\" srcset=\"https:\/\/agora.xtec.cat\/iesdecelra\/wp-content\/uploads\/usu1789\/2018\/11\/1-IMG-El-temps-passa-quan-es-mouen-759x1024.jpg 759w, https:\/\/agora.xtec.cat\/iesdecelra\/wp-content\/uploads\/usu1789\/2018\/11\/1-IMG-El-temps-passa-quan-es-mouen-222x300.jpg 222w, https:\/\/agora.xtec.cat\/iesdecelra\/wp-content\/uploads\/usu1789\/2018\/11\/1-IMG-El-temps-passa-quan-es-mouen-768x1036.jpg 768w\" sizes=\"auto, (max-width: 349px) 100vw, 349px\" \/><\/a><\/td>\n<td style=\"width: 33.2519%; height: 139px;\"><a href=\"https:\/\/agora.xtec.cat\/iesdecelra\/wp-content\/uploads\/usu1789\/2018\/11\/IMG-Desert-1.jpg\"><img loading=\"lazy\" decoding=\"async\" class=\"alignnone wp-image-1244\" src=\"https:\/\/agora.xtec.cat\/iesdecelra\/wp-content\/uploads\/usu1789\/2018\/11\/IMG-Desert-1-770x1024.jpg\" alt=\"\" width=\"354\" height=\"469\" \/><\/a><\/td>\n<\/tr>\n<\/tbody>\n<\/table>\n<p style=\"text-align: justify;\">I per concloure la setmana, els alumnes de 3r d&#8217;ESO fan experiments a la classe. Es preparen a casa algun experiment senzill que han de repetir a l&#8217;aula i explicar als companys el fonament ci\u00e8nt\u00edfic del mateix. Segur que aprenen molt els uns dels altres tot gaudint de la ci\u00e8ncia.<\/p>\n<p>Moltes gr\u00e0cies a tots!<\/p>\n<p>&nbsp;<\/p>\n<p style=\"text-align: right;\">Departament de ci\u00e8ncies<\/p>\n","protected":false},"excerpt":{"rendered":"<p>Com cada any, al voltant de St. Albert, patr\u00f3 dels cient\u00edfics, es celebra la setmana de la ci\u00e8ncia a Catalunya. Al nostre institut ens sumem a la celebraci\u00f3 i per aix\u00f2 organitzem diferents activitats.<br \/>\nVam comen\u00e7ar dimarts 13 de novembre amb els m\u00e9s grans, de 1r&hellip;  <a href=\"https:\/\/agora.xtec.cat\/iesdecelra\/cursos\/eso\/eso-1\/la-setmana-de-la-ciencia\/\" title=\"Read LA SETMANA DE LA CI\u00c8NCIA\">Llegeix m\u00e9s\u00bb<\/a><\/p>\n","protected":false},"author":1,"featured_media":1285,"comment_status":"open","ping_status":"closed","sticky":false,"template":"","format":"standard","meta":{"_bbp_topic_count":0,"_bbp_reply_count":0,"_bbp_total_topic_count":0,"_bbp_total_reply_count":0,"_bbp_voice_count":0,"_bbp_anonymous_reply_count":0,"_bbp_topic_count_hidden":0,"_bbp_reply_count_hidden":0,"_bbp_forum_subforum_count":0,"footnotes":""},"categories":[103,4,5,6,7],"tags":[120,133,233,127,117,143,144],"class_list":["post-1231","post","type-post","status-publish","format-standard","has-post-thumbnail","hentry","category-actualitat","category-eso-1","category-eso-2","category-eso-3","category-eso-4","tag-1r-deso","tag-2n-deso","tag-3r-deso","tag-4t-deso","tag-curs-2018-2019","tag-fisica-i-quimica","tag-setmana-de-la-ciencia"],"post_mailing_queue_ids":[],"_links":{"self":[{"href":"https:\/\/agora.xtec.cat\/iesdecelra\/wp-json\/wp\/v2\/posts\/1231","targetHints":{"allow":["GET"]}}],"collection":[{"href":"https:\/\/agora.xtec.cat\/iesdecelra\/wp-json\/wp\/v2\/posts"}],"about":[{"href":"https:\/\/agora.xtec.cat\/iesdecelra\/wp-json\/wp\/v2\/types\/post"}],"author":[{"embeddable":true,"href":"https:\/\/agora.xtec.cat\/iesdecelra\/wp-json\/wp\/v2\/users\/1"}],"replies":[{"embeddable":true,"href":"https:\/\/agora.xtec.cat\/iesdecelra\/wp-json\/wp\/v2\/comments?post=1231"}],"version-history":[{"count":4,"href":"https:\/\/agora.xtec.cat\/iesdecelra\/wp-json\/wp\/v2\/posts\/1231\/revisions"}],"predecessor-version":[{"id":1289,"href":"https:\/\/agora.xtec.cat\/iesdecelra\/wp-json\/wp\/v2\/posts\/1231\/revisions\/1289"}],"wp:featuredmedia":[{"embeddable":true,"href":"https:\/\/agora.xtec.cat\/iesdecelra\/wp-json\/wp\/v2\/media\/1285"}],"wp:attachment":[{"href":"https:\/\/agora.xtec.cat\/iesdecelra\/wp-json\/wp\/v2\/media?parent=1231"}],"wp:term":[{"taxonomy":"category","embeddable":true,"href":"https:\/\/agora.xtec.cat\/iesdecelra\/wp-json\/wp\/v2\/categories?post=1231"},{"taxonomy":"post_tag","embeddable":true,"href":"https:\/\/agora.xtec.cat\/iesdecelra\/wp-json\/wp\/v2\/tags?post=1231"}],"curies":[{"name":"wp","href":"https:\/\/api.w.org\/{rel}","templated":true}]}}