{"id":1227,"date":"2018-11-21T22:00:23","date_gmt":"2018-11-21T21:00:23","guid":{"rendered":"http:\/\/agora.xtec.cat\/iesdecelra\/?p=1227"},"modified":"2018-11-28T13:07:28","modified_gmt":"2018-11-28T12:07:28","slug":"el-servei-comunitari-a-linstitut","status":"publish","type":"post","link":"https:\/\/agora.xtec.cat\/iesdecelra\/cursos\/eso\/eso-4\/el-servei-comunitari-a-linstitut\/","title":{"rendered":"EL SERVEI COMUNITARI A L&#8217;INSTITUT"},"content":{"rendered":"<p dir=\"ltr\" style=\"text-align: justify;\">Amb l&#8217;inici de curs tamb\u00e9 s&#8217;ha posat en marxa el servei comunitari al nostre centre amb un projecte liderat per la professora Elisabet Casacuberta.\u00a0Dins la mat\u00e8ria de Cultura i Valors \u00c8tics de 4t ESO, s&#8217;ha explicat el Projecte de Servei Comunitari als alumnes i se&#8217;ls han proposat diferents serveis comunitaris: atenci\u00f3 a gent gran, a nens, col.lectius desfavorits&#8230; A m\u00e9s, tamb\u00e9 participaran en projectes de servei comunitari alumnes de 3r d&#8217;ESO.<\/p>\n<p dir=\"ltr\" style=\"text-align: justify;\">Aquest any s&#8217;ha intentat acostar el servei comunitari a tot l\u2019alumnat i \u00e9s per aix\u00f2 que, gr\u00e0cies a la col\u00b7laboraci\u00f3 dels diferents Ajuntaments de la nostra zona educativai a entitats ben diverses, els alumnes poden escollir serveis comunitaris propers a casa seva en poblacions com Celr\u00e0, Bordils, Fla\u00e7\u00e0, Sant Mart\u00ed Vell&#8230; El comprom\u00eds \u00e9s realitzar 10 hores fora de l\u2019horari lectiu.<\/p>\n<p dir=\"ltr\" style=\"text-align: justify;\">Tal i com estableix el curr\u00edculum de l\u2019educaci\u00f3 secund\u00e0ria obligat\u00f2ria, el Servei Comunitari \u00e9s una acci\u00f3 educativa obligat\u00f2ria per a tots els alumnes de 3r o 4t d\u2019ESO que ha de formar part de la programaci\u00f3 curricular d\u2019una o diverses mat\u00e8ries definides en el pla anual de centre. Compr\u00e8n una part d\u2019aprenentatge que es realitza dins l\u2019horari lectiu i un servei actiu a la comunitat que s\u2019ha de dur a terme fora d\u2019aquest horari, d\u2019acord amb les necessitats de l\u2019entitat amb qu\u00e8 es col\u00b7labori i dels criteris organitzatius del centre. La dedicaci\u00f3 hor\u00e0ria al desenvolupament del Servei Comunitar \u00a0\u00e9s de 20 hores, amb un m\u00ednim de 10 hores de servei actiu a la comunitat.\u00a0La finalitat que es persegueix \u00e9s la de garantir que els estudiants, al llarg de la seva traject\u00f2ria escolar, experimentin i protagonitzin accions de comprom\u00eds c\u00edvic, i posin en joc els seus coneixements i capacitats al servei de la comunitat.<\/p>\n<p dir=\"ltr\">Durant aquest curs us anirem presentat les diferents accions que es duran a terme. La m\u00e9s recent ha estat una xerrada de presentaci\u00f3 del Banc dels aliments inclosa de la campanya: <em>Banc dels aliments. Campanya escoles solid\u00e0ries<\/em>.<\/p>\n<p dir=\"ltr\"><a href=\"https:\/\/agora.xtec.cat\/iesdecelra\/wp-content\/uploads\/usu1789\/2018\/11\/Captura-de-pantalla-2018-11-21-a-les-21.54.49.png\"><img loading=\"lazy\" decoding=\"async\" class=\" wp-image-1228 aligncenter\" src=\"https:\/\/agora.xtec.cat\/iesdecelra\/wp-content\/uploads\/usu1789\/2018\/11\/Captura-de-pantalla-2018-11-21-a-les-21.54.49.png\" alt=\"\" width=\"631\" height=\"477\" srcset=\"https:\/\/agora.xtec.cat\/iesdecelra\/wp-content\/uploads\/usu1789\/2018\/11\/Captura-de-pantalla-2018-11-21-a-les-21.54.49.png 789w, https:\/\/agora.xtec.cat\/iesdecelra\/wp-content\/uploads\/usu1789\/2018\/11\/Captura-de-pantalla-2018-11-21-a-les-21.54.49-300x227.png 300w, https:\/\/agora.xtec.cat\/iesdecelra\/wp-content\/uploads\/usu1789\/2018\/11\/Captura-de-pantalla-2018-11-21-a-les-21.54.49-768x580.png 768w, https:\/\/agora.xtec.cat\/iesdecelra\/wp-content\/uploads\/usu1789\/2018\/11\/Captura-de-pantalla-2018-11-21-a-les-21.54.49-200x150.png 200w\" sizes=\"auto, (max-width: 631px) 100vw, 631px\" \/><\/a><\/p>\n","protected":false},"excerpt":{"rendered":"<p>Amb l&#8217;inici de curs tamb\u00e9 s&#8217;ha posat en marxa el servei comunitari al nostre centre amb un projecte liderat per la professora Elisabet Casacuberta.\u00a0Dins la mat\u00e8ria de Cultura i Valors \u00c8tics de 4t ESO, s&#8217;ha explicat el Projecte de Servei Comunitari als alumnes i se&#8217;ls&hellip;  <a href=\"https:\/\/agora.xtec.cat\/iesdecelra\/cursos\/eso\/eso-4\/el-servei-comunitari-a-linstitut\/\" title=\"Read EL SERVEI COMUNITARI A L&#8217;INSTITUT\">Llegeix m\u00e9s\u00bb<\/a><\/p>\n","protected":false},"author":1,"featured_media":1229,"comment_status":"open","ping_status":"closed","sticky":false,"template":"","format":"standard","meta":{"_bbp_topic_count":0,"_bbp_reply_count":0,"_bbp_total_topic_count":0,"_bbp_total_reply_count":0,"_bbp_voice_count":0,"_bbp_anonymous_reply_count":0,"_bbp_topic_count_hidden":0,"_bbp_reply_count_hidden":0,"_bbp_forum_subforum_count":0,"footnotes":""},"categories":[103,7],"tags":[127,117,138],"class_list":["post-1227","post","type-post","status-publish","format-standard","has-post-thumbnail","hentry","category-actualitat","category-eso-4","tag-4t-deso","tag-curs-2018-2019","tag-servei-comunitari"],"post_mailing_queue_ids":[],"_links":{"self":[{"href":"https:\/\/agora.xtec.cat\/iesdecelra\/wp-json\/wp\/v2\/posts\/1227","targetHints":{"allow":["GET"]}}],"collection":[{"href":"https:\/\/agora.xtec.cat\/iesdecelra\/wp-json\/wp\/v2\/posts"}],"about":[{"href":"https:\/\/agora.xtec.cat\/iesdecelra\/wp-json\/wp\/v2\/types\/post"}],"author":[{"embeddable":true,"href":"https:\/\/agora.xtec.cat\/iesdecelra\/wp-json\/wp\/v2\/users\/1"}],"replies":[{"embeddable":true,"href":"https:\/\/agora.xtec.cat\/iesdecelra\/wp-json\/wp\/v2\/comments?post=1227"}],"version-history":[{"count":2,"href":"https:\/\/agora.xtec.cat\/iesdecelra\/wp-json\/wp\/v2\/posts\/1227\/revisions"}],"predecessor-version":[{"id":1299,"href":"https:\/\/agora.xtec.cat\/iesdecelra\/wp-json\/wp\/v2\/posts\/1227\/revisions\/1299"}],"wp:featuredmedia":[{"embeddable":true,"href":"https:\/\/agora.xtec.cat\/iesdecelra\/wp-json\/wp\/v2\/media\/1229"}],"wp:attachment":[{"href":"https:\/\/agora.xtec.cat\/iesdecelra\/wp-json\/wp\/v2\/media?parent=1227"}],"wp:term":[{"taxonomy":"category","embeddable":true,"href":"https:\/\/agora.xtec.cat\/iesdecelra\/wp-json\/wp\/v2\/categories?post=1227"},{"taxonomy":"post_tag","embeddable":true,"href":"https:\/\/agora.xtec.cat\/iesdecelra\/wp-json\/wp\/v2\/tags?post=1227"}],"curies":[{"name":"wp","href":"https:\/\/api.w.org\/{rel}","templated":true}]}}