{"id":12256,"date":"2025-04-28T21:54:13","date_gmt":"2025-04-28T19:54:13","guid":{"rendered":"https:\/\/agora.xtec.cat\/iesdecelra\/?p=12256"},"modified":"2025-04-28T21:54:13","modified_gmt":"2025-04-28T19:54:13","slug":"diada-de-sant-jordi-2025","status":"publish","type":"post","link":"https:\/\/agora.xtec.cat\/iesdecelra\/actualitat\/diada-de-sant-jordi-2025\/","title":{"rendered":"DIADA DE SANT JORDI 2025"},"content":{"rendered":"<p class=\"\" style=\"text-align: justify;\" data-start=\"191\" data-end=\"668\">Enguany, amb motiu de la diada de <strong>Sant Jordi<\/strong>, tot l\u2019institut s&#8217;ha implicat activament en la celebraci\u00f3 d&#8217;aquesta festa col\u00b7lectiva per reivindicar la cultura i la llengua catalanes. Per aquest motiu, unes setmanes enrere, durant les hores de tutoria i de la mat\u00e8ria de Catal\u00e0, es va proposar una aturada de centre amb l&#8217;objectiu de dedicar un temps compartit a l\u2019escriptura i a l\u2019expressi\u00f3 creativa, tot basant-nos en el lema d&#8217;aquest curs: <strong data-start=\"632\" data-end=\"667\">Activa la intel\u00b7lig\u00e8ncia humana<\/strong>.<\/p>\n<p class=\"\" style=\"text-align: justify;\" data-start=\"670\" data-end=\"1046\">El resultat d\u2019aquesta iniciativa ha estat una producci\u00f3 excepcional de textos po\u00e8tics i narratius, que un grup de professors dels diferents equips docents ha llegit i valorat tenint en compte la seva qualitat liter\u00e0ria. A partir d\u2019aquesta selecci\u00f3, s\u2019han atorgat premis a dos alumnes de cada curs, independentment de la modalitat \u2014poesia o prosa\u2014 en la qual s&#8217;hagi participat.<\/p>\n<p class=\"\" style=\"text-align: justify;\" data-start=\"1048\" data-end=\"1622\">Per tal de donar a con\u00e8ixer les <strong>creacions finalistes<\/strong>, es va organitzar una <strong>ruta liter\u00e0ria<\/strong> dinamitzada pels diferents cursos d&#8217;ESO. Repartides per diversos espais de Celr\u00e0, s\u2019hi podien descobrir les obres de prosa i poesia seleccionades, que convidaven a aturar-se i llegir-les. Al llarg del recorregut, l\u2019alumnat va tenir l\u2019oportunitat d\u2019endinsar-se en les diferents propostes liter\u00e0ries i, finalment, a l&#8217;\u00faltima hora del dia, es va celebrar al gimn\u00e0s del centre l\u2019<strong>acte de lliurament de premis<\/strong>, durant el qual es van desvetllar els guanyadors i guanyadores d\u2019aquesta edici\u00f3.<\/p>\n<p class=\"\" style=\"text-align: justify;\" data-start=\"1624\" data-end=\"1819\">Ens omple d\u2019orgull constatar el gran nivell literari present a les nostres aules i comprovar que, quan creem espais per imaginar i escriure, l\u2019alumnat respon amb entusiasme, creativitat i talent.<\/p>\n<p style=\"text-align: justify;\">\r\n\t<div class=\"slideshow_container slideshow_container_style-light\" style=\"height: 500px; \" data-slideshow-id=\"12258\" data-style-name=\"style-light\" data-style-version=\"2.3.1\" >\r\n\r\n\t\t\t\t\t<div class=\"slideshow_loading_icon\"><\/div>\r\n\t\t\r\n\t\t<div class=\"slideshow_content\" style=\"display: none;\">\r\n\r\n\t\t\t<div class=\"slideshow_view\">\r\n\t\t\t\t<div class=\"slideshow_slide slideshow_slide_image\">\r\n\t\t\t\t\t\t\t\t\t\t\t<img src=\"https:\/\/agora.xtec.cat\/iesdecelra\/wp-content\/uploads\/usu1789\/2025\/04\/WhatsApp-Image-2025-04-26-at-18.57.47.jpeg\" alt=\"WhatsApp Image 2025-04-26 at 18.57.47\" width=\"1600\" height=\"1200\" \/>\r\n\t\t\t\t\t\t\t\t\t\t<div class=\"slideshow_description_box slideshow_transparent\">\r\n\t\t\t\t\t\t<div class=\"slideshow_title\">WhatsApp Image 2025-04-26 at 18.57.47<\/div>\t\t\t\t\t\t\t\t\t\t\t<\/div>\r\n\t\t\t\t<\/div>\r\n\r\n\t\t\t\t\t\t<div style=\"clear: both;\"><\/div><\/div><div class=\"slideshow_view\">\r\n\t\t\t\t<div class=\"slideshow_slide slideshow_slide_image\">\r\n\t\t\t\t\t\t\t\t\t\t\t<img src=\"https:\/\/agora.xtec.cat\/iesdecelra\/wp-content\/uploads\/usu1789\/2025\/04\/WhatsApp-Image-2025-04-26-at-18.57.48.jpeg\" alt=\"WhatsApp Image 2025-04-26 at 18.57.48\" width=\"1200\" height=\"1600\" \/>\r\n\t\t\t\t\t\t\t\t\t\t<div class=\"slideshow_description_box slideshow_transparent\">\r\n\t\t\t\t\t\t<div class=\"slideshow_title\">WhatsApp Image 2025-04-26 at 18.57.48<\/div>\t\t\t\t\t\t\t\t\t\t\t<\/div>\r\n\t\t\t\t<\/div>\r\n\r\n\t\t\t\t\t\t<div style=\"clear: both;\"><\/div><\/div><div class=\"slideshow_view\">\r\n\t\t\t\t<div class=\"slideshow_slide slideshow_slide_image\">\r\n\t\t\t\t\t\t\t\t\t\t\t<img src=\"https:\/\/agora.xtec.cat\/iesdecelra\/wp-content\/uploads\/usu1789\/2025\/04\/WhatsApp-Image-2025-04-26-at-18.58.10.jpeg\" alt=\"WhatsApp Image 2025-04-26 at 18.58.10\" width=\"1200\" height=\"1600\" \/>\r\n\t\t\t\t\t\t\t\t\t\t<div class=\"slideshow_description_box slideshow_transparent\">\r\n\t\t\t\t\t\t<div class=\"slideshow_title\">WhatsApp Image 2025-04-26 at 18.58.10<\/div>\t\t\t\t\t\t\t\t\t\t\t<\/div>\r\n\t\t\t\t<\/div>\r\n\r\n\t\t\t\t\t\t<div style=\"clear: both;\"><\/div><\/div><div class=\"slideshow_view\">\r\n\t\t\t\t<div class=\"slideshow_slide slideshow_slide_image\">\r\n\t\t\t\t\t\t\t\t\t\t\t<img src=\"https:\/\/agora.xtec.cat\/iesdecelra\/wp-content\/uploads\/usu1789\/2025\/04\/WhatsApp-Image-2025-04-26-at-18.58.33.jpeg\" alt=\"WhatsApp Image 2025-04-26 at 18.58.33\" width=\"1063\" height=\"1600\" \/>\r\n\t\t\t\t\t\t\t\t\t\t<div class=\"slideshow_description_box slideshow_transparent\">\r\n\t\t\t\t\t\t<div class=\"slideshow_title\">WhatsApp Image 2025-04-26 at 18.58.33<\/div>\t\t\t\t\t\t\t\t\t\t\t<\/div>\r\n\t\t\t\t<\/div>\r\n\r\n\t\t\t\t\t\t<div style=\"clear: both;\"><\/div><\/div><div class=\"slideshow_view\">\r\n\t\t\t\t<div class=\"slideshow_slide slideshow_slide_image\">\r\n\t\t\t\t\t\t\t\t\t\t\t<img src=\"https:\/\/agora.xtec.cat\/iesdecelra\/wp-content\/uploads\/usu1789\/2025\/04\/WhatsApp-Image-2025-04-26-at-18.58.33-2.jpeg\" alt=\"WhatsApp Image 2025-04-26 at 18.58.33-2\" width=\"952\" height=\"1600\" \/>\r\n\t\t\t\t\t\t\t\t\t\t<div class=\"slideshow_description_box slideshow_transparent\">\r\n\t\t\t\t\t\t<div class=\"slideshow_title\">WhatsApp Image 2025-04-26 at 18.58.33-2<\/div>\t\t\t\t\t\t\t\t\t\t\t<\/div>\r\n\t\t\t\t<\/div>\r\n\r\n\t\t\t\t\t\t<div style=\"clear: both;\"><\/div><\/div><div class=\"slideshow_view\">\r\n\t\t\t\t<div class=\"slideshow_slide slideshow_slide_image\">\r\n\t\t\t\t\t\t\t\t\t\t\t<img src=\"https:\/\/agora.xtec.cat\/iesdecelra\/wp-content\/uploads\/usu1789\/2025\/04\/WhatsApp-Image-2025-04-26-at-18.58.34.jpeg\" alt=\"WhatsApp Image 2025-04-26 at 18.58.34\" width=\"1200\" height=\"1600\" \/>\r\n\t\t\t\t\t\t\t\t\t\t<div class=\"slideshow_description_box slideshow_transparent\">\r\n\t\t\t\t\t\t<div class=\"slideshow_title\">WhatsApp Image 2025-04-26 at 18.58.34<\/div>\t\t\t\t\t\t\t\t\t\t\t<\/div>\r\n\t\t\t\t<\/div>\r\n\r\n\t\t\t\t\t\t<div style=\"clear: both;\"><\/div><\/div><div class=\"slideshow_view\">\r\n\t\t\t\t<div class=\"slideshow_slide slideshow_slide_image\">\r\n\t\t\t\t\t\t\t\t\t\t\t<img src=\"https:\/\/agora.xtec.cat\/iesdecelra\/wp-content\/uploads\/usu1789\/2025\/04\/WhatsApp-Image-2025-04-26-at-18.58.35.jpeg\" alt=\"WhatsApp Image 2025-04-26 at 18.58.35\" width=\"1200\" height=\"1600\" \/>\r\n\t\t\t\t\t\t\t\t\t\t<div class=\"slideshow_description_box slideshow_transparent\">\r\n\t\t\t\t\t\t<div class=\"slideshow_title\">WhatsApp Image 2025-04-26 at 18.58.35<\/div>\t\t\t\t\t\t\t\t\t\t\t<\/div>\r\n\t\t\t\t<\/div>\r\n\r\n\t\t\t\t\t\t<div style=\"clear: both;\"><\/div><\/div><div class=\"slideshow_view\">\r\n\t\t\t\t<div class=\"slideshow_slide slideshow_slide_image\">\r\n\t\t\t\t\t\t\t\t\t\t\t<img src=\"https:\/\/agora.xtec.cat\/iesdecelra\/wp-content\/uploads\/usu1789\/2025\/04\/WhatsApp-Image-2025-04-26-at-18.58.35-2.jpeg\" alt=\"WhatsApp Image 2025-04-26 at 18.58.35-2\" width=\"1200\" height=\"1600\" \/>\r\n\t\t\t\t\t\t\t\t\t\t<div class=\"slideshow_description_box slideshow_transparent\">\r\n\t\t\t\t\t\t<div class=\"slideshow_title\">WhatsApp Image 2025-04-26 at 18.58.35-2<\/div>\t\t\t\t\t\t\t\t\t\t\t<\/div>\r\n\t\t\t\t<\/div>\r\n\r\n\t\t\t\t\t\t<div style=\"clear: both;\"><\/div><\/div><div class=\"slideshow_view\">\r\n\t\t\t\t<div class=\"slideshow_slide slideshow_slide_image\">\r\n\t\t\t\t\t\t\t\t\t\t\t<img src=\"https:\/\/agora.xtec.cat\/iesdecelra\/wp-content\/uploads\/usu1789\/2025\/04\/WhatsApp-Image-2025-04-26-at-18.58.36.jpeg\" alt=\"WhatsApp Image 2025-04-26 at 18.58.36\" width=\"1200\" height=\"1600\" \/>\r\n\t\t\t\t\t\t\t\t\t\t<div class=\"slideshow_description_box slideshow_transparent\">\r\n\t\t\t\t\t\t<div class=\"slideshow_title\">WhatsApp Image 2025-04-26 at 18.58.36<\/div>\t\t\t\t\t\t\t\t\t\t\t<\/div>\r\n\t\t\t\t<\/div>\r\n\r\n\t\t\t\t\t\t<div style=\"clear: both;\"><\/div><\/div><div class=\"slideshow_view\">\r\n\t\t\t\t<div class=\"slideshow_slide slideshow_slide_image\">\r\n\t\t\t\t\t\t\t\t\t\t\t<img src=\"https:\/\/agora.xtec.cat\/iesdecelra\/wp-content\/uploads\/usu1789\/2025\/04\/WhatsApp-Image-2025-04-26-at-18.58.36-2.jpeg\" alt=\"WhatsApp Image 2025-04-26 at 18.58.36-2\" width=\"1200\" height=\"1600\" \/>\r\n\t\t\t\t\t\t\t\t\t\t<div class=\"slideshow_description_box slideshow_transparent\">\r\n\t\t\t\t\t\t<div class=\"slideshow_title\">WhatsApp Image 2025-04-26 at 18.58.36-2<\/div>\t\t\t\t\t\t\t\t\t\t\t<\/div>\r\n\t\t\t\t<\/div>\r\n\r\n\t\t\t\t\t\t<div style=\"clear: both;\"><\/div><\/div><div class=\"slideshow_view\">\r\n\t\t\t\t<div class=\"slideshow_slide slideshow_slide_image\">\r\n\t\t\t\t\t\t\t\t\t\t\t<img src=\"https:\/\/agora.xtec.cat\/iesdecelra\/wp-content\/uploads\/usu1789\/2025\/04\/WhatsApp-Image-2025-04-26-at-18.58.37.jpeg\" alt=\"WhatsApp Image 2025-04-26 at 18.58.37\" width=\"1200\" height=\"1600\" \/>\r\n\t\t\t\t\t\t\t\t\t\t<div class=\"slideshow_description_box slideshow_transparent\">\r\n\t\t\t\t\t\t<div class=\"slideshow_title\">WhatsApp Image 2025-04-26 at 18.58.37<\/div>\t\t\t\t\t\t\t\t\t\t\t<\/div>\r\n\t\t\t\t<\/div>\r\n\r\n\t\t\t\t\t\t<div style=\"clear: both;\"><\/div><\/div>\r\n\t\t<\/div>\r\n\r\n\t\t<div class=\"slideshow_controlPanel slideshow_transparent\" style=\"display: none;\"><ul><li class=\"slideshow_togglePlay\" data-play-text=\"Visualitza\" data-pause-text=\"Pausa\"><\/li><\/ul><\/div>\r\n\r\n\t\t<div class=\"slideshow_button slideshow_previous slideshow_transparent\" role=\"button\" data-previous-text=\"Anterior\" style=\"display: none;\"><\/div>\r\n\t\t<div class=\"slideshow_button slideshow_next slideshow_transparent\" role=\"button\" data-next-text=\"Seg\u00fcent\" style=\"display: none;\"><\/div>\r\n\r\n\t\t<div class=\"slideshow_pagination\" style=\"display: none;\" data-go-to-text=\"V\u00e9s a la diapositiva\"><div class=\"slideshow_pagination_center\"><\/div><\/div>\r\n\r\n\t\t<!-- WordPress Slideshow Version 2.3.1 -->\r\n\r\n\t\t\t<\/div>\r\n\r\n<\/p>\n","protected":false},"excerpt":{"rendered":"<p>Enguany, amb motiu de la diada de Sant Jordi, tot l\u2019institut s&#8217;ha implicat activament en la celebraci\u00f3 d&#8217;aquesta festa col\u00b7lectiva per reivindicar la cultura i la llengua catalanes. Per aquest motiu, unes setmanes enrere, durant les hores de tutoria i de la mat\u00e8ria de Catal\u00e0,&hellip;  <a href=\"https:\/\/agora.xtec.cat\/iesdecelra\/actualitat\/diada-de-sant-jordi-2025\/\" title=\"Read DIADA DE SANT JORDI 2025\">Llegeix m\u00e9s\u00bb<\/a><\/p>\n","protected":false},"author":1,"featured_media":12269,"comment_status":"open","ping_status":"closed","sticky":false,"template":"","format":"standard","meta":{"_bbp_topic_count":0,"_bbp_reply_count":0,"_bbp_total_topic_count":0,"_bbp_total_reply_count":0,"_bbp_voice_count":0,"_bbp_anonymous_reply_count":0,"_bbp_topic_count_hidden":0,"_bbp_reply_count_hidden":0,"_bbp_forum_subforum_count":0,"footnotes":""},"categories":[103,218],"tags":[469,465,467,466,468,38,470],"class_list":["post-12256","post","type-post","status-publish","format-standard","has-post-thumbnail","hentry","category-actualitat","category-concursos-i-premis","tag-concurs-literari","tag-diada-catalunya","tag-llibre","tag-rosa","tag-ruta-literaria","tag-sant-jordi","tag-ulae"],"post_mailing_queue_ids":[],"_links":{"self":[{"href":"https:\/\/agora.xtec.cat\/iesdecelra\/wp-json\/wp\/v2\/posts\/12256","targetHints":{"allow":["GET"]}}],"collection":[{"href":"https:\/\/agora.xtec.cat\/iesdecelra\/wp-json\/wp\/v2\/posts"}],"about":[{"href":"https:\/\/agora.xtec.cat\/iesdecelra\/wp-json\/wp\/v2\/types\/post"}],"author":[{"embeddable":true,"href":"https:\/\/agora.xtec.cat\/iesdecelra\/wp-json\/wp\/v2\/users\/1"}],"replies":[{"embeddable":true,"href":"https:\/\/agora.xtec.cat\/iesdecelra\/wp-json\/wp\/v2\/comments?post=12256"}],"version-history":[{"count":6,"href":"https:\/\/agora.xtec.cat\/iesdecelra\/wp-json\/wp\/v2\/posts\/12256\/revisions"}],"predecessor-version":[{"id":12277,"href":"https:\/\/agora.xtec.cat\/iesdecelra\/wp-json\/wp\/v2\/posts\/12256\/revisions\/12277"}],"wp:featuredmedia":[{"embeddable":true,"href":"https:\/\/agora.xtec.cat\/iesdecelra\/wp-json\/wp\/v2\/media\/12269"}],"wp:attachment":[{"href":"https:\/\/agora.xtec.cat\/iesdecelra\/wp-json\/wp\/v2\/media?parent=12256"}],"wp:term":[{"taxonomy":"category","embeddable":true,"href":"https:\/\/agora.xtec.cat\/iesdecelra\/wp-json\/wp\/v2\/categories?post=12256"},{"taxonomy":"post_tag","embeddable":true,"href":"https:\/\/agora.xtec.cat\/iesdecelra\/wp-json\/wp\/v2\/tags?post=12256"}],"curies":[{"name":"wp","href":"https:\/\/api.w.org\/{rel}","templated":true}]}}