{"id":12159,"date":"2025-04-07T18:04:00","date_gmt":"2025-04-07T16:04:00","guid":{"rendered":"https:\/\/agora.xtec.cat\/iesdecelra\/?p=12159"},"modified":"2025-04-07T18:04:00","modified_gmt":"2025-04-07T16:04:00","slug":"xerrada-prevencio-del-racisme","status":"publish","type":"post","link":"https:\/\/agora.xtec.cat\/iesdecelra\/cursos\/eso\/eso-3\/xerrada-prevencio-del-racisme\/","title":{"rendered":"XERRADA PREVENCI\u00d3 DEL RACISME"},"content":{"rendered":"<p>Durant el mes de mar\u00e7 vam rebre la visita de l&#8217;Aliou Diallo, jurista i polit\u00f2leg, professor a la Universitat de Girona. L&#8217;Alliou\u00a0 va desenvolupar una xerrada sobre prevenci\u00f3 del racisme amb l&#8217;alumnat de 3r d&#8217;ESO, en el marc de la mat\u00e8ria d&#8217;OTA.<img loading=\"lazy\" decoding=\"async\" class=\"aligncenter size-full wp-image-12160\" src=\"https:\/\/agora.xtec.cat\/iesdecelra\/wp-content\/uploads\/usu1789\/2025\/04\/IMG_0695-scaled.jpg\" alt=\"\" width=\"2560\" height=\"1920\" srcset=\"https:\/\/agora.xtec.cat\/iesdecelra\/wp-content\/uploads\/usu1789\/2025\/04\/IMG_0695-scaled.jpg 2560w, https:\/\/agora.xtec.cat\/iesdecelra\/wp-content\/uploads\/usu1789\/2025\/04\/IMG_0695-300x225.jpg 300w, https:\/\/agora.xtec.cat\/iesdecelra\/wp-content\/uploads\/usu1789\/2025\/04\/IMG_0695-1024x768.jpg 1024w, https:\/\/agora.xtec.cat\/iesdecelra\/wp-content\/uploads\/usu1789\/2025\/04\/IMG_0695-768x576.jpg 768w, https:\/\/agora.xtec.cat\/iesdecelra\/wp-content\/uploads\/usu1789\/2025\/04\/IMG_0695-1536x1152.jpg 1536w, https:\/\/agora.xtec.cat\/iesdecelra\/wp-content\/uploads\/usu1789\/2025\/04\/IMG_0695-2048x1536.jpg 2048w, https:\/\/agora.xtec.cat\/iesdecelra\/wp-content\/uploads\/usu1789\/2025\/04\/IMG_0695-200x150.jpg 200w\" sizes=\"auto, (max-width: 2560px) 100vw, 2560px\" \/><\/p>\n","protected":false},"excerpt":{"rendered":"<p>Durant el mes de mar\u00e7 vam rebre la visita de l&#8217;Aliou Diallo, jurista i polit\u00f2leg, professor a la Universitat de Girona. L&#8217;Alliou\u00a0 va desenvolupar una xerrada sobre prevenci\u00f3 del racisme amb l&#8217;alumnat de 3r d&#8217;ESO, en el marc de la mat\u00e8ria d&#8217;OTA.<\/p>\n","protected":false},"author":1,"featured_media":12160,"comment_status":"open","ping_status":"closed","sticky":false,"template":"","format":"standard","meta":{"_bbp_topic_count":0,"_bbp_reply_count":0,"_bbp_total_topic_count":0,"_bbp_total_reply_count":0,"_bbp_voice_count":0,"_bbp_anonymous_reply_count":0,"_bbp_topic_count_hidden":0,"_bbp_reply_count_hidden":0,"_bbp_forum_subforum_count":0,"footnotes":""},"categories":[103,6],"tags":[370,444,443],"class_list":["post-12159","post","type-post","status-publish","format-standard","has-post-thumbnail","hentry","category-actualitat","category-eso-3","tag-curs-2024-2025","tag-departament-dorientacio","tag-ota"],"post_mailing_queue_ids":[],"_links":{"self":[{"href":"https:\/\/agora.xtec.cat\/iesdecelra\/wp-json\/wp\/v2\/posts\/12159","targetHints":{"allow":["GET"]}}],"collection":[{"href":"https:\/\/agora.xtec.cat\/iesdecelra\/wp-json\/wp\/v2\/posts"}],"about":[{"href":"https:\/\/agora.xtec.cat\/iesdecelra\/wp-json\/wp\/v2\/types\/post"}],"author":[{"embeddable":true,"href":"https:\/\/agora.xtec.cat\/iesdecelra\/wp-json\/wp\/v2\/users\/1"}],"replies":[{"embeddable":true,"href":"https:\/\/agora.xtec.cat\/iesdecelra\/wp-json\/wp\/v2\/comments?post=12159"}],"version-history":[{"count":2,"href":"https:\/\/agora.xtec.cat\/iesdecelra\/wp-json\/wp\/v2\/posts\/12159\/revisions"}],"predecessor-version":[{"id":12183,"href":"https:\/\/agora.xtec.cat\/iesdecelra\/wp-json\/wp\/v2\/posts\/12159\/revisions\/12183"}],"wp:featuredmedia":[{"embeddable":true,"href":"https:\/\/agora.xtec.cat\/iesdecelra\/wp-json\/wp\/v2\/media\/12160"}],"wp:attachment":[{"href":"https:\/\/agora.xtec.cat\/iesdecelra\/wp-json\/wp\/v2\/media?parent=12159"}],"wp:term":[{"taxonomy":"category","embeddable":true,"href":"https:\/\/agora.xtec.cat\/iesdecelra\/wp-json\/wp\/v2\/categories?post=12159"},{"taxonomy":"post_tag","embeddable":true,"href":"https:\/\/agora.xtec.cat\/iesdecelra\/wp-json\/wp\/v2\/tags?post=12159"}],"curies":[{"name":"wp","href":"https:\/\/api.w.org\/{rel}","templated":true}]}}