{"id":12157,"date":"2025-04-09T09:39:32","date_gmt":"2025-04-09T07:39:32","guid":{"rendered":"https:\/\/agora.xtec.cat\/iesdecelra\/?p=12157"},"modified":"2025-04-09T09:40:33","modified_gmt":"2025-04-09T07:40:33","slug":"exit-de-la-parada-cooperativa","status":"publish","type":"post","link":"https:\/\/agora.xtec.cat\/iesdecelra\/cursos\/eso\/eso-4\/exit-de-la-parada-cooperativa\/","title":{"rendered":"EXIT DE LA PARADA COOPERATIVA"},"content":{"rendered":"<p dir=\"ltr\">El divendres 28 de mar\u00e7 els alumnes de la cooperativa 460 vam fer una parada a l&#8217;hora del pati on vam vendre diversos productes de proximitat i tamb\u00e9 alguns d&#8217;elaborats per nosaltres mateixos. A causa de la pluja no vam poder muntar la parada al mercat de Celr\u00e0 com ten\u00edem previst, per\u00f2, tot i aix\u00f2, estem satisfets de com va anar. Podeu veure&#8217;n un v\u00eddeo en aquest <a href=\"https:\/\/drive.google.com\/file\/d\/1SvSJqbsQZKAxaNGCzaJQGVhE9Wv3QfRU\/view?usp=sharing\" target=\"_blank\" rel=\"noopener\" data-saferedirecturl=\"https:\/\/www.google.com\/url?q=https:\/\/drive.google.com\/file\/d\/1SvSJqbsQZKAxaNGCzaJQGVhE9Wv3QfRU\/view?usp%3Dsharing&amp;source=gmail&amp;ust=1744208243106000&amp;usg=AOvVaw0A0f1ep8T8UQ8Ki5PZPiRd\">enlla\u00e7<\/a>.<\/p>\n<p>Per Sant Jordi tornarem a muntar la parada. Us hi esperem!<\/p>\n","protected":false},"excerpt":{"rendered":"<p>El divendres 28 de mar\u00e7 els alumnes de la cooperativa 460 vam fer una parada a l&#8217;hora del pati on vam vendre diversos productes de proximitat i tamb\u00e9 alguns d&#8217;elaborats per nosaltres mateixos. A causa de la pluja no vam poder muntar la parada al&hellip;  <a href=\"https:\/\/agora.xtec.cat\/iesdecelra\/cursos\/eso\/eso-4\/exit-de-la-parada-cooperativa\/\" title=\"Read EXIT DE LA PARADA COOPERATIVA\">Llegeix m\u00e9s\u00bb<\/a><\/p>\n","protected":false},"author":1,"featured_media":12187,"comment_status":"open","ping_status":"closed","sticky":false,"template":"","format":"standard","meta":{"_bbp_topic_count":0,"_bbp_reply_count":0,"_bbp_total_topic_count":0,"_bbp_total_reply_count":0,"_bbp_voice_count":0,"_bbp_anonymous_reply_count":0,"_bbp_topic_count_hidden":0,"_bbp_reply_count_hidden":0,"_bbp_forum_subforum_count":0,"footnotes":""},"categories":[103,347,7],"tags":[179,370],"class_list":["post-12157","post","type-post","status-publish","format-standard","has-post-thumbnail","hentry","category-actualitat","category-cooperativa","category-eso-4","tag-cooperativa","tag-curs-2024-2025"],"post_mailing_queue_ids":[],"_links":{"self":[{"href":"https:\/\/agora.xtec.cat\/iesdecelra\/wp-json\/wp\/v2\/posts\/12157","targetHints":{"allow":["GET"]}}],"collection":[{"href":"https:\/\/agora.xtec.cat\/iesdecelra\/wp-json\/wp\/v2\/posts"}],"about":[{"href":"https:\/\/agora.xtec.cat\/iesdecelra\/wp-json\/wp\/v2\/types\/post"}],"author":[{"embeddable":true,"href":"https:\/\/agora.xtec.cat\/iesdecelra\/wp-json\/wp\/v2\/users\/1"}],"replies":[{"embeddable":true,"href":"https:\/\/agora.xtec.cat\/iesdecelra\/wp-json\/wp\/v2\/comments?post=12157"}],"version-history":[{"count":2,"href":"https:\/\/agora.xtec.cat\/iesdecelra\/wp-json\/wp\/v2\/posts\/12157\/revisions"}],"predecessor-version":[{"id":12188,"href":"https:\/\/agora.xtec.cat\/iesdecelra\/wp-json\/wp\/v2\/posts\/12157\/revisions\/12188"}],"wp:featuredmedia":[{"embeddable":true,"href":"https:\/\/agora.xtec.cat\/iesdecelra\/wp-json\/wp\/v2\/media\/12187"}],"wp:attachment":[{"href":"https:\/\/agora.xtec.cat\/iesdecelra\/wp-json\/wp\/v2\/media?parent=12157"}],"wp:term":[{"taxonomy":"category","embeddable":true,"href":"https:\/\/agora.xtec.cat\/iesdecelra\/wp-json\/wp\/v2\/categories?post=12157"},{"taxonomy":"post_tag","embeddable":true,"href":"https:\/\/agora.xtec.cat\/iesdecelra\/wp-json\/wp\/v2\/tags?post=12157"}],"curies":[{"name":"wp","href":"https:\/\/api.w.org\/{rel}","templated":true}]}}