{"id":12149,"date":"2025-04-04T12:51:15","date_gmt":"2025-04-04T10:51:15","guid":{"rendered":"https:\/\/agora.xtec.cat\/iesdecelra\/?p=12149"},"modified":"2025-04-04T12:51:15","modified_gmt":"2025-04-04T10:51:15","slug":"youth-for-sdgs","status":"publish","type":"post","link":"https:\/\/agora.xtec.cat\/iesdecelra\/cursos\/batxillerat\/youth-for-sdgs\/","title":{"rendered":"YOUTH FOR SDGs"},"content":{"rendered":"<div>\n<p dir=\"ltr\">During the last month of March, the students of the elective subject of First Certificate in English in 1st year Batxillerat have created posters and videos about the SDGs. These are presented by the United Nations, and they are related to sustainable development. Some are: ensuring quality education, ending poverty, achieving gender equality, among others.<\/p>\n<p dir=\"ltr\">These posters will be shown in the hall of our school and will be part of a travelling exhibition together with the work of other schools. In Celr\u00e0 we will be able to find them at the F\u00e0brica from the 22nd to 27th April. We encourage you to take a look at them and learn about some of these objectives.<\/p>\n<p>______________________________<wbr \/>______<\/p>\n<\/div>\n<div>\n<p dir=\"ltr\">Els alumnes de l\u2019optativa del First Certificate in English de 1r de Batxillerat durant el darrer mes de mar\u00e7 han elaborat cartells informatius i v\u00eddeos sobre els ODS. Aquests s\u00f3n presentats per l&#8217;Organitzaci\u00f3 de les Nacions Unides i s\u00f3n disset objectius relacionats amb el desenvolupament sostenible. Alguns s\u00f3n: garantir l\u2019educaci\u00f3 de qualitat, posar fi a la pobresa, aconseguir la igualtat de g\u00e8nere, entre altres.<\/p>\n<p dir=\"ltr\">Aquests cartells estaran exposats al hall de l\u2019institut i formaran part d&#8217;una exposici\u00f3 itinerant juntament amb els treballs d&#8217;altres instituts. A Celr\u00e0 els podrem trobar a la F\u00e0brica durant la setmana del 22 al 27 d&#8217;abril. Us animem a fer-hi una ullada i aprendre sobre alguns d\u2019aquests objectius.<\/p>\n<p dir=\"ltr\"><img loading=\"lazy\" decoding=\"async\" class=\"aligncenter size-full wp-image-12152\" src=\"https:\/\/agora.xtec.cat\/iesdecelra\/wp-content\/uploads\/usu1789\/2025\/04\/Eng.jpg\" alt=\"\" width=\"2000\" height=\"1389\" srcset=\"https:\/\/agora.xtec.cat\/iesdecelra\/wp-content\/uploads\/usu1789\/2025\/04\/Eng.jpg 2000w, https:\/\/agora.xtec.cat\/iesdecelra\/wp-content\/uploads\/usu1789\/2025\/04\/Eng-300x208.jpg 300w, https:\/\/agora.xtec.cat\/iesdecelra\/wp-content\/uploads\/usu1789\/2025\/04\/Eng-1024x711.jpg 1024w, https:\/\/agora.xtec.cat\/iesdecelra\/wp-content\/uploads\/usu1789\/2025\/04\/Eng-768x533.jpg 768w, https:\/\/agora.xtec.cat\/iesdecelra\/wp-content\/uploads\/usu1789\/2025\/04\/Eng-1536x1067.jpg 1536w\" sizes=\"auto, (max-width: 2000px) 100vw, 2000px\" \/><\/p>\n<p dir=\"ltr\"><img loading=\"lazy\" decoding=\"async\" class=\"aligncenter size-full wp-image-12151\" src=\"https:\/\/agora.xtec.cat\/iesdecelra\/wp-content\/uploads\/usu1789\/2025\/04\/Captura-de-pantalla-2025-04-04-124837.png\" alt=\"\" width=\"1088\" height=\"851\" srcset=\"https:\/\/agora.xtec.cat\/iesdecelra\/wp-content\/uploads\/usu1789\/2025\/04\/Captura-de-pantalla-2025-04-04-124837.png 1088w, https:\/\/agora.xtec.cat\/iesdecelra\/wp-content\/uploads\/usu1789\/2025\/04\/Captura-de-pantalla-2025-04-04-124837-300x235.png 300w, https:\/\/agora.xtec.cat\/iesdecelra\/wp-content\/uploads\/usu1789\/2025\/04\/Captura-de-pantalla-2025-04-04-124837-1024x801.png 1024w, https:\/\/agora.xtec.cat\/iesdecelra\/wp-content\/uploads\/usu1789\/2025\/04\/Captura-de-pantalla-2025-04-04-124837-768x601.png 768w\" sizes=\"auto, (max-width: 1088px) 100vw, 1088px\" \/><\/p>\n<\/div>\n","protected":false},"excerpt":{"rendered":"<p>During the last month of March, the students of the elective subject of First Certificate in English in 1st year Batxillerat have created posters and videos about the SDGs. These are presented by the United Nations, and they are related to sustainable development. Some are:&hellip;  <a href=\"https:\/\/agora.xtec.cat\/iesdecelra\/cursos\/batxillerat\/youth-for-sdgs\/\" title=\"Read YOUTH FOR SDGs\">Llegeix m\u00e9s\u00bb<\/a><\/p>\n","protected":false},"author":1,"featured_media":12152,"comment_status":"open","ping_status":"closed","sticky":false,"template":"","format":"standard","meta":{"_bbp_topic_count":0,"_bbp_reply_count":0,"_bbp_total_topic_count":0,"_bbp_total_reply_count":0,"_bbp_voice_count":0,"_bbp_anonymous_reply_count":0,"_bbp_topic_count_hidden":0,"_bbp_reply_count_hidden":0,"_bbp_forum_subforum_count":0,"footnotes":""},"categories":[103,8],"tags":[370,160],"class_list":["post-12149","post","type-post","status-publish","format-standard","has-post-thumbnail","hentry","category-actualitat","category-batxillerat","tag-curs-2024-2025","tag-departament-llengues-estrangeres"],"post_mailing_queue_ids":[],"_links":{"self":[{"href":"https:\/\/agora.xtec.cat\/iesdecelra\/wp-json\/wp\/v2\/posts\/12149","targetHints":{"allow":["GET"]}}],"collection":[{"href":"https:\/\/agora.xtec.cat\/iesdecelra\/wp-json\/wp\/v2\/posts"}],"about":[{"href":"https:\/\/agora.xtec.cat\/iesdecelra\/wp-json\/wp\/v2\/types\/post"}],"author":[{"embeddable":true,"href":"https:\/\/agora.xtec.cat\/iesdecelra\/wp-json\/wp\/v2\/users\/1"}],"replies":[{"embeddable":true,"href":"https:\/\/agora.xtec.cat\/iesdecelra\/wp-json\/wp\/v2\/comments?post=12149"}],"version-history":[{"count":2,"href":"https:\/\/agora.xtec.cat\/iesdecelra\/wp-json\/wp\/v2\/posts\/12149\/revisions"}],"predecessor-version":[{"id":12153,"href":"https:\/\/agora.xtec.cat\/iesdecelra\/wp-json\/wp\/v2\/posts\/12149\/revisions\/12153"}],"wp:featuredmedia":[{"embeddable":true,"href":"https:\/\/agora.xtec.cat\/iesdecelra\/wp-json\/wp\/v2\/media\/12152"}],"wp:attachment":[{"href":"https:\/\/agora.xtec.cat\/iesdecelra\/wp-json\/wp\/v2\/media?parent=12149"}],"wp:term":[{"taxonomy":"category","embeddable":true,"href":"https:\/\/agora.xtec.cat\/iesdecelra\/wp-json\/wp\/v2\/categories?post=12149"},{"taxonomy":"post_tag","embeddable":true,"href":"https:\/\/agora.xtec.cat\/iesdecelra\/wp-json\/wp\/v2\/tags?post=12149"}],"curies":[{"name":"wp","href":"https:\/\/api.w.org\/{rel}","templated":true}]}}