{"id":12129,"date":"2025-04-03T10:42:09","date_gmt":"2025-04-03T08:42:09","guid":{"rendered":"https:\/\/agora.xtec.cat\/iesdecelra\/?p=12129"},"modified":"2025-04-07T18:13:25","modified_gmt":"2025-04-07T16:13:25","slug":"congres-cracs-2025","status":"publish","type":"post","link":"https:\/\/agora.xtec.cat\/iesdecelra\/cursos\/batxillerat\/congres-cracs-2025\/","title":{"rendered":"CONGR\u00c9S CRACS 2025"},"content":{"rendered":"<p>La nostra alumna de 2n de batxillerat Maria Giron\u00e8s ha estat guardonada amb el premi a <b>LA MILLOR RECERCA EN PERSPECTIVA DE G\u00c8NERE<\/b>\u00a0en el marc del congr\u00e9s\u00a0<b>CRACS <\/b>(<a href=\"https:\/\/www.udg.edu\/en\/secundaria\/cracs\">Congr\u00e9s de Recerca d&#8217;Alumnes de Centres de Secund\u00e0ria<\/a>) organitzat per la Universitat de Girona amb el TdR CELIAQUIA I DONA: impacte de la malaltia en la salut femenina. A m\u00e9s, l\u2019alumna Martina Casellas tamb\u00e9 ha estat finalista en aquesta edici\u00f3 del certamen amb el treball Desxifrant la durabilitat dels aliments amb les matem\u00e0tiques &#8220;Bases per reduir el malbaratament alimentari a casa\u201d.<\/p>\n<p>El congr\u00e9s CRACS \u00e9s una iniciativa de la UdG que premia els millors treballs de recerca d&#8217;estudiants de batxillerat i cicles formatius, fomentant la investigaci\u00f3 i el pensament cr\u00edtic en diverses disciplines. Els participants presenten les seves recerques davant d\u2019un jurat format per experts acad\u00e8mics i professionals.<\/p>\n<p>En aquest\u00a0\u00a0<a href=\"https:\/\/www.youtube.com\/watch?v=rmbVFIq1kaw\" target=\"_blank\" rel=\"noopener\" data-saferedirecturl=\"https:\/\/www.google.com\/url?q=https:\/\/www.youtube.com\/watch?v%3DrmbVFIq1kaw&amp;source=gmail&amp;ust=1743595986941000&amp;usg=AOvVaw1UU6uou45y03CgPWbkVJyj\">v\u00eddeo<\/a>,\u00a0a m\u00e9s de\u00a0l&#8217;acte, hi trobareu els seus v\u00eddeos de presentaci\u00f3 dels Treballs de Recerca que han estat seleccionats entre molts candidats.<\/p>\n<p>Des del centre, felicitem les dues alumnes per la seva participaci\u00f3 i reconeixement en aquest certamen.<\/p>\n\r\n\t<div class=\"slideshow_container slideshow_container_style-light\" style=\"height: 500px; \" data-slideshow-id=\"12132\" data-style-name=\"style-light\" data-style-version=\"2.3.1\" >\r\n\r\n\t\t\t\t\t<div class=\"slideshow_loading_icon\"><\/div>\r\n\t\t\r\n\t\t<div class=\"slideshow_content\" style=\"display: none;\">\r\n\r\n\t\t\t<div class=\"slideshow_view\">\r\n\t\t\t\t<div class=\"slideshow_slide slideshow_slide_image\">\r\n\t\t\t\t\t\t\t\t\t\t\t<img src=\"https:\/\/agora.xtec.cat\/iesdecelra\/wp-content\/uploads\/usu1789\/2025\/04\/54400836290_4de4feb567_o-scaled.jpg\" alt=\"54400836290_4de4feb567_o\" width=\"2560\" height=\"1707\" \/>\r\n\t\t\t\t\t\t\t\t\t\t<div class=\"slideshow_description_box slideshow_transparent\">\r\n\t\t\t\t\t\t<div class=\"slideshow_title\">54400836290_4de4feb567_o<\/div>\t\t\t\t\t\t\t\t\t\t\t<\/div>\r\n\t\t\t\t<\/div>\r\n\r\n\t\t\t\t\t\t<div style=\"clear: both;\"><\/div><\/div><div class=\"slideshow_view\">\r\n\t\t\t\t<div class=\"slideshow_slide slideshow_slide_image\">\r\n\t\t\t\t\t\t\t\t\t\t\t<img src=\"https:\/\/agora.xtec.cat\/iesdecelra\/wp-content\/uploads\/usu1789\/2025\/04\/54400705638_19b88b93d0_o-scaled.jpg\" alt=\"54400705638_19b88b93d0_o\" width=\"2560\" height=\"1707\" \/>\r\n\t\t\t\t\t\t\t\t\t\t<div class=\"slideshow_description_box slideshow_transparent\">\r\n\t\t\t\t\t\t<div class=\"slideshow_title\">54400705638_19b88b93d0_o<\/div>\t\t\t\t\t\t\t\t\t\t\t<\/div>\r\n\t\t\t\t<\/div>\r\n\r\n\t\t\t\t\t\t<div style=\"clear: both;\"><\/div><\/div><div class=\"slideshow_view\">\r\n\t\t\t\t<div class=\"slideshow_slide slideshow_slide_image\">\r\n\t\t\t\t\t\t\t\t\t\t\t<img src=\"https:\/\/agora.xtec.cat\/iesdecelra\/wp-content\/uploads\/usu1789\/2025\/04\/54400472841_cb6b34f465_o-scaled.jpg\" alt=\"54400472841_cb6b34f465_o\" width=\"1707\" height=\"2560\" \/>\r\n\t\t\t\t\t\t\t\t\t\t<div class=\"slideshow_description_box slideshow_transparent\">\r\n\t\t\t\t\t\t<div class=\"slideshow_title\">54400472841_cb6b34f465_o<\/div>\t\t\t\t\t\t\t\t\t\t\t<\/div>\r\n\t\t\t\t<\/div>\r\n\r\n\t\t\t\t\t\t<div style=\"clear: both;\"><\/div><\/div><div class=\"slideshow_view\">\r\n\t\t\t\t<div class=\"slideshow_slide slideshow_slide_image\">\r\n\t\t\t\t\t\t\t\t\t\t\t<img src=\"https:\/\/agora.xtec.cat\/iesdecelra\/wp-content\/uploads\/usu1789\/2025\/04\/54400472871_51b67633f4_o-scaled.jpg\" alt=\"54400472871_51b67633f4_o\" width=\"2560\" height=\"1707\" \/>\r\n\t\t\t\t\t\t\t\t\t\t<div class=\"slideshow_description_box slideshow_transparent\">\r\n\t\t\t\t\t\t<div class=\"slideshow_title\">54400472871_51b67633f4_o<\/div>\t\t\t\t\t\t\t\t\t\t\t<\/div>\r\n\t\t\t\t<\/div>\r\n\r\n\t\t\t\t\t\t<div style=\"clear: both;\"><\/div><\/div><div class=\"slideshow_view\">\r\n\t\t\t\t<div class=\"slideshow_slide slideshow_slide_image\">\r\n\t\t\t\t\t\t\t\t\t\t\t<img src=\"https:\/\/agora.xtec.cat\/iesdecelra\/wp-content\/uploads\/usu1789\/2025\/04\/54400705443_b011be332a_o-scaled.jpg\" alt=\"54400705443_b011be332a_o\" width=\"2560\" height=\"1707\" \/>\r\n\t\t\t\t\t\t\t\t\t\t<div class=\"slideshow_description_box slideshow_transparent\">\r\n\t\t\t\t\t\t<div class=\"slideshow_title\">54400705443_b011be332a_o<\/div>\t\t\t\t\t\t\t\t\t\t\t<\/div>\r\n\t\t\t\t<\/div>\r\n\r\n\t\t\t\t\t\t<div style=\"clear: both;\"><\/div><\/div>\r\n\t\t<\/div>\r\n\r\n\t\t<div class=\"slideshow_controlPanel slideshow_transparent\" style=\"display: none;\"><ul><li class=\"slideshow_togglePlay\" data-play-text=\"Visualitza\" data-pause-text=\"Pausa\"><\/li><\/ul><\/div>\r\n\r\n\t\t<div class=\"slideshow_button slideshow_previous slideshow_transparent\" role=\"button\" data-previous-text=\"Anterior\" style=\"display: none;\"><\/div>\r\n\t\t<div class=\"slideshow_button slideshow_next slideshow_transparent\" role=\"button\" data-next-text=\"Seg\u00fcent\" style=\"display: none;\"><\/div>\r\n\r\n\t\t<div class=\"slideshow_pagination\" style=\"display: none;\" data-go-to-text=\"V\u00e9s a la diapositiva\"><div class=\"slideshow_pagination_center\"><\/div><\/div>\r\n\r\n\t\t<!-- WordPress Slideshow Version 2.3.1 -->\r\n\r\n\t\t\t<\/div>\r\n\r\n\n","protected":false},"excerpt":{"rendered":"<p>La nostra alumna de 2n de batxillerat Maria Giron\u00e8s ha estat guardonada amb el premi a LA MILLOR RECERCA EN PERSPECTIVA DE G\u00c8NERE\u00a0en el marc del congr\u00e9s\u00a0CRACS (<a href=\"https:\/\/www.udg.edu\/en\/secundaria\/cracs\">Congr\u00e9s de Recerca d&#8217;Alumnes de Centres de Secund\u00e0ria<\/a>) organitzat per la Universitat de Girona amb el TdR&hellip;  <a href=\"https:\/\/agora.xtec.cat\/iesdecelra\/cursos\/batxillerat\/congres-cracs-2025\/\" title=\"Read CONGR\u00c9S CRACS 2025\">Llegeix m\u00e9s\u00bb<\/a><\/p>\n","protected":false},"author":1,"featured_media":12136,"comment_status":"open","ping_status":"closed","sticky":false,"template":"","format":"standard","meta":{"_bbp_topic_count":0,"_bbp_reply_count":0,"_bbp_total_topic_count":0,"_bbp_total_reply_count":0,"_bbp_voice_count":0,"_bbp_anonymous_reply_count":0,"_bbp_topic_count_hidden":0,"_bbp_reply_count_hidden":0,"_bbp_forum_subforum_count":0,"footnotes":""},"categories":[103,8],"tags":[115,186,116,187],"class_list":["post-12129","post","type-post","status-publish","format-standard","has-post-thumbnail","hentry","category-actualitat","category-batxillerat","tag-batxillerat","tag-cracs","tag-treball-de-recerca","tag-udg"],"post_mailing_queue_ids":[],"_links":{"self":[{"href":"https:\/\/agora.xtec.cat\/iesdecelra\/wp-json\/wp\/v2\/posts\/12129","targetHints":{"allow":["GET"]}}],"collection":[{"href":"https:\/\/agora.xtec.cat\/iesdecelra\/wp-json\/wp\/v2\/posts"}],"about":[{"href":"https:\/\/agora.xtec.cat\/iesdecelra\/wp-json\/wp\/v2\/types\/post"}],"author":[{"embeddable":true,"href":"https:\/\/agora.xtec.cat\/iesdecelra\/wp-json\/wp\/v2\/users\/1"}],"replies":[{"embeddable":true,"href":"https:\/\/agora.xtec.cat\/iesdecelra\/wp-json\/wp\/v2\/comments?post=12129"}],"version-history":[{"count":5,"href":"https:\/\/agora.xtec.cat\/iesdecelra\/wp-json\/wp\/v2\/posts\/12129\/revisions"}],"predecessor-version":[{"id":12163,"href":"https:\/\/agora.xtec.cat\/iesdecelra\/wp-json\/wp\/v2\/posts\/12129\/revisions\/12163"}],"wp:featuredmedia":[{"embeddable":true,"href":"https:\/\/agora.xtec.cat\/iesdecelra\/wp-json\/wp\/v2\/media\/12136"}],"wp:attachment":[{"href":"https:\/\/agora.xtec.cat\/iesdecelra\/wp-json\/wp\/v2\/media?parent=12129"}],"wp:term":[{"taxonomy":"category","embeddable":true,"href":"https:\/\/agora.xtec.cat\/iesdecelra\/wp-json\/wp\/v2\/categories?post=12129"},{"taxonomy":"post_tag","embeddable":true,"href":"https:\/\/agora.xtec.cat\/iesdecelra\/wp-json\/wp\/v2\/tags?post=12129"}],"curies":[{"name":"wp","href":"https:\/\/api.w.org\/{rel}","templated":true}]}}