{"id":12120,"date":"2025-03-27T20:55:17","date_gmt":"2025-03-27T19:55:17","guid":{"rendered":"https:\/\/agora.xtec.cat\/iesdecelra\/?p=12120"},"modified":"2025-03-27T20:57:26","modified_gmt":"2025-03-27T19:57:26","slug":"rodajocs","status":"publish","type":"post","link":"https:\/\/agora.xtec.cat\/iesdecelra\/cursos\/eso\/eso-4\/rodajocs\/","title":{"rendered":"RODAJOCS"},"content":{"rendered":"<p><span style=\"font-weight: 400;\">Alumnes de 4t d\u2019ESO de l\u2019institut van participar el dimecres 26 de mar\u00e7 a l\u2019activitat del <em>Rodajocs<\/em> que s\u2019organitza cada any a diferents poblacions de l\u2019entorn de Celr\u00e0.<\/span><\/p>\n<p><span style=\"font-weight: 400;\">L\u2019edici\u00f3 d\u2019enguany s\u2019ha celebrat a Bordils. Hi han participat uns 250 alumnes de 3r de prim\u00e0ria i ha estat dinamitzat per un grup de 35 alumnes de 4t d\u2019ESO del nostre centre.<\/span><\/p>\n<p><span style=\"font-weight: 400;\">Pr\u00e8viament, els alumnes van rebre una formaci\u00f3 per part de les professionals del <em>Consell Esportiu del Giron\u00e8s<\/em>.<\/span><\/p>\n<p><span style=\"font-weight: 400;\">Cada parella d\u2019alumnes era responsable d\u2019un joc, i grups de 15 alumnes de prim\u00e0ria anaven passant per practicar-lo. Els nostres alumnes s\u2019encarregaven d\u2019explicar el joc i anar fent les variants pertinents per tal que els m\u00e9s petits gaudissin en tot moment de l&#8217;activitat.<\/span><\/p>\n<p><span style=\"font-weight: 400;\">Ha estat una bona experi\u00e8ncia i aprenentatge per l&#8217;alumnat de 4t, han hagut de demostrar responsabilitat, empatia i capacitat per resoldre situacions imprevistes.<\/span><\/p>\n<p><span style=\"font-weight: 400;\">Esperem poder-ho repetir alguna altra vegada!<\/span><\/p>\n<p><img loading=\"lazy\" decoding=\"async\" class=\"aligncenter size-full wp-image-12121\" src=\"https:\/\/agora.xtec.cat\/iesdecelra\/wp-content\/uploads\/usu1789\/2025\/03\/presentacio-scaled.jpg\" alt=\"\" width=\"2560\" height=\"1920\" srcset=\"https:\/\/agora.xtec.cat\/iesdecelra\/wp-content\/uploads\/usu1789\/2025\/03\/presentacio-scaled.jpg 2560w, https:\/\/agora.xtec.cat\/iesdecelra\/wp-content\/uploads\/usu1789\/2025\/03\/presentacio-300x225.jpg 300w, https:\/\/agora.xtec.cat\/iesdecelra\/wp-content\/uploads\/usu1789\/2025\/03\/presentacio-1024x768.jpg 1024w, https:\/\/agora.xtec.cat\/iesdecelra\/wp-content\/uploads\/usu1789\/2025\/03\/presentacio-768x576.jpg 768w, https:\/\/agora.xtec.cat\/iesdecelra\/wp-content\/uploads\/usu1789\/2025\/03\/presentacio-1536x1152.jpg 1536w, https:\/\/agora.xtec.cat\/iesdecelra\/wp-content\/uploads\/usu1789\/2025\/03\/presentacio-2048x1536.jpg 2048w, https:\/\/agora.xtec.cat\/iesdecelra\/wp-content\/uploads\/usu1789\/2025\/03\/presentacio-200x150.jpg 200w\" sizes=\"auto, (max-width: 2560px) 100vw, 2560px\" \/> <img loading=\"lazy\" decoding=\"async\" class=\"aligncenter size-full wp-image-12122\" src=\"https:\/\/agora.xtec.cat\/iesdecelra\/wp-content\/uploads\/usu1789\/2025\/03\/alumnes-arc-scaled.jpg\" alt=\"\" width=\"2560\" height=\"1928\" \/><\/p>\n","protected":false},"excerpt":{"rendered":"<p>Alumnes de 4t d\u2019ESO de l\u2019institut van participar el dimecres 26 de mar\u00e7 a l\u2019activitat del Rodajocs que s\u2019organitza cada any a diferents poblacions de l\u2019entorn de Celr\u00e0.<br \/>\nL\u2019edici\u00f3 d\u2019enguany s\u2019ha celebrat a Bordils. Hi han participat uns 250 alumnes de 3r de prim\u00e0ria i ha&hellip;  <a href=\"https:\/\/agora.xtec.cat\/iesdecelra\/cursos\/eso\/eso-4\/rodajocs\/\" title=\"Read RODAJOCS\">Llegeix m\u00e9s\u00bb<\/a><\/p>\n","protected":false},"author":1,"featured_media":12122,"comment_status":"open","ping_status":"closed","sticky":false,"template":"","format":"standard","meta":{"_bbp_topic_count":0,"_bbp_reply_count":0,"_bbp_total_topic_count":0,"_bbp_total_reply_count":0,"_bbp_voice_count":0,"_bbp_anonymous_reply_count":0,"_bbp_topic_count_hidden":0,"_bbp_reply_count_hidden":0,"_bbp_forum_subforum_count":0,"footnotes":""},"categories":[103,7],"tags":[127,459,134,458,457],"class_list":["post-12120","post","type-post","status-publish","format-standard","has-post-thumbnail","hentry","category-actualitat","category-eso-4","tag-4t-deso","tag-consell-esportiu-girones","tag-departament-deducacio-fisica","tag-jocs","tag-rodajocs"],"post_mailing_queue_ids":[],"_links":{"self":[{"href":"https:\/\/agora.xtec.cat\/iesdecelra\/wp-json\/wp\/v2\/posts\/12120","targetHints":{"allow":["GET"]}}],"collection":[{"href":"https:\/\/agora.xtec.cat\/iesdecelra\/wp-json\/wp\/v2\/posts"}],"about":[{"href":"https:\/\/agora.xtec.cat\/iesdecelra\/wp-json\/wp\/v2\/types\/post"}],"author":[{"embeddable":true,"href":"https:\/\/agora.xtec.cat\/iesdecelra\/wp-json\/wp\/v2\/users\/1"}],"replies":[{"embeddable":true,"href":"https:\/\/agora.xtec.cat\/iesdecelra\/wp-json\/wp\/v2\/comments?post=12120"}],"version-history":[{"count":2,"href":"https:\/\/agora.xtec.cat\/iesdecelra\/wp-json\/wp\/v2\/posts\/12120\/revisions"}],"predecessor-version":[{"id":12124,"href":"https:\/\/agora.xtec.cat\/iesdecelra\/wp-json\/wp\/v2\/posts\/12120\/revisions\/12124"}],"wp:featuredmedia":[{"embeddable":true,"href":"https:\/\/agora.xtec.cat\/iesdecelra\/wp-json\/wp\/v2\/media\/12122"}],"wp:attachment":[{"href":"https:\/\/agora.xtec.cat\/iesdecelra\/wp-json\/wp\/v2\/media?parent=12120"}],"wp:term":[{"taxonomy":"category","embeddable":true,"href":"https:\/\/agora.xtec.cat\/iesdecelra\/wp-json\/wp\/v2\/categories?post=12120"},{"taxonomy":"post_tag","embeddable":true,"href":"https:\/\/agora.xtec.cat\/iesdecelra\/wp-json\/wp\/v2\/tags?post=12120"}],"curies":[{"name":"wp","href":"https:\/\/api.w.org\/{rel}","templated":true}]}}