{"id":12096,"date":"2025-03-26T09:23:37","date_gmt":"2025-03-26T08:23:37","guid":{"rendered":"https:\/\/agora.xtec.cat\/iesdecelra\/?p=12096"},"modified":"2025-03-26T09:27:55","modified_gmt":"2025-03-26T08:27:55","slug":"erasmus-a-alemanya","status":"publish","type":"post","link":"https:\/\/agora.xtec.cat\/iesdecelra\/cursos\/eso\/eso-4\/erasmus-a-alemanya\/","title":{"rendered":"ERASMUS+ A ALEMANYA"},"content":{"rendered":"<p>Els alumnes d&#8217;Emprenedoria Europea de 4t d&#8217;ESO ja s\u00f3n a Alemanya!<\/p>\n<p>Durant aquesta setmana participen d&#8217;una mobilitat vinculada al projecte Erasmus KA121 Be W.I.S.E. amb l&#8217;institut Josef Hofmiller Gymnasium de Freising on s\u00f3n acollits per les fam\u00edlies locals i realitzen activitats vinculades a com promoure la sostenibilitat, la inclusi\u00f3, el benestar i els projectes europeus en els centres educatius de secund\u00e0ria. Una experi\u00e8ncia enriquidora i plena d&#8217;aprenentatges!<\/p>\n<p><img loading=\"lazy\" decoding=\"async\" class=\"aligncenter size-full wp-image-12097\" src=\"https:\/\/agora.xtec.cat\/iesdecelra\/wp-content\/uploads\/usu1789\/2025\/03\/IMG-20250325-WA0023-1.jpg\" alt=\"\" width=\"2016\" height=\"1134\" srcset=\"https:\/\/agora.xtec.cat\/iesdecelra\/wp-content\/uploads\/usu1789\/2025\/03\/IMG-20250325-WA0023-1.jpg 2016w, https:\/\/agora.xtec.cat\/iesdecelra\/wp-content\/uploads\/usu1789\/2025\/03\/IMG-20250325-WA0023-1-300x169.jpg 300w, https:\/\/agora.xtec.cat\/iesdecelra\/wp-content\/uploads\/usu1789\/2025\/03\/IMG-20250325-WA0023-1-1024x576.jpg 1024w, https:\/\/agora.xtec.cat\/iesdecelra\/wp-content\/uploads\/usu1789\/2025\/03\/IMG-20250325-WA0023-1-768x432.jpg 768w, https:\/\/agora.xtec.cat\/iesdecelra\/wp-content\/uploads\/usu1789\/2025\/03\/IMG-20250325-WA0023-1-1536x864.jpg 1536w\" sizes=\"auto, (max-width: 2016px) 100vw, 2016px\" \/><\/p>\n","protected":false},"excerpt":{"rendered":"<p>Els alumnes d&#8217;Emprenedoria Europea de 4t d&#8217;ESO ja s\u00f3n a Alemanya!<br \/>\nDurant aquesta setmana participen d&#8217;una mobilitat vinculada al projecte Erasmus KA121 Be W.I.S.E. amb l&#8217;institut Josef Hofmiller Gymnasium de Freising on s\u00f3n acollits per les fam\u00edlies locals i realitzen activitats vinculades a com promoure la&hellip;  <a href=\"https:\/\/agora.xtec.cat\/iesdecelra\/cursos\/eso\/eso-4\/erasmus-a-alemanya\/\" title=\"Read ERASMUS+ A ALEMANYA\">Llegeix m\u00e9s\u00bb<\/a><\/p>\n","protected":false},"author":1,"featured_media":12097,"comment_status":"open","ping_status":"closed","sticky":false,"template":"","format":"standard","meta":{"_bbp_topic_count":0,"_bbp_reply_count":0,"_bbp_total_topic_count":0,"_bbp_total_reply_count":0,"_bbp_voice_count":0,"_bbp_anonymous_reply_count":0,"_bbp_topic_count_hidden":0,"_bbp_reply_count_hidden":0,"_bbp_forum_subforum_count":0,"footnotes":""},"categories":[342,7,156],"tags":[370,245,262],"class_list":["post-12096","post","type-post","status-publish","format-standard","has-post-thumbnail","hentry","category-erasmus","category-eso-4","category-european-projects","tag-curs-2024-2025","tag-erasmus","tag-intercanvi"],"post_mailing_queue_ids":[],"_links":{"self":[{"href":"https:\/\/agora.xtec.cat\/iesdecelra\/wp-json\/wp\/v2\/posts\/12096","targetHints":{"allow":["GET"]}}],"collection":[{"href":"https:\/\/agora.xtec.cat\/iesdecelra\/wp-json\/wp\/v2\/posts"}],"about":[{"href":"https:\/\/agora.xtec.cat\/iesdecelra\/wp-json\/wp\/v2\/types\/post"}],"author":[{"embeddable":true,"href":"https:\/\/agora.xtec.cat\/iesdecelra\/wp-json\/wp\/v2\/users\/1"}],"replies":[{"embeddable":true,"href":"https:\/\/agora.xtec.cat\/iesdecelra\/wp-json\/wp\/v2\/comments?post=12096"}],"version-history":[{"count":1,"href":"https:\/\/agora.xtec.cat\/iesdecelra\/wp-json\/wp\/v2\/posts\/12096\/revisions"}],"predecessor-version":[{"id":12098,"href":"https:\/\/agora.xtec.cat\/iesdecelra\/wp-json\/wp\/v2\/posts\/12096\/revisions\/12098"}],"wp:featuredmedia":[{"embeddable":true,"href":"https:\/\/agora.xtec.cat\/iesdecelra\/wp-json\/wp\/v2\/media\/12097"}],"wp:attachment":[{"href":"https:\/\/agora.xtec.cat\/iesdecelra\/wp-json\/wp\/v2\/media?parent=12096"}],"wp:term":[{"taxonomy":"category","embeddable":true,"href":"https:\/\/agora.xtec.cat\/iesdecelra\/wp-json\/wp\/v2\/categories?post=12096"},{"taxonomy":"post_tag","embeddable":true,"href":"https:\/\/agora.xtec.cat\/iesdecelra\/wp-json\/wp\/v2\/tags?post=12096"}],"curies":[{"name":"wp","href":"https:\/\/api.w.org\/{rel}","templated":true}]}}