{"id":12092,"date":"2025-03-24T10:14:58","date_gmt":"2025-03-24T09:14:58","guid":{"rendered":"https:\/\/agora.xtec.cat\/iesdecelra\/?p=12092"},"modified":"2025-03-24T10:14:58","modified_gmt":"2025-03-24T09:14:58","slug":"xerrades-dexalumnes","status":"publish","type":"post","link":"https:\/\/agora.xtec.cat\/iesdecelra\/cursos\/eso\/eso-4\/xerrades-dexalumnes\/","title":{"rendered":"XERRADES D&#8217;EXALUMNES"},"content":{"rendered":"<p>Aquest mes de mar\u00e7, en el marc de les activitats d\u2019orientaci\u00f3 acad\u00e8mica per a alumnes de 4t d\u2019ESO, diversos exalumnes del centre que actualment cursen cicles formatius van participar com a ponents en una sessi\u00f3 informativa sobre diferents cicles de grau mitj\u00e0.<\/p>\n<p>Cada un d\u2019ells va compartir, des de la seva experi\u00e8ncia personal i acad\u00e8mica, com \u00e9s estudiar aquests cicles, aix\u00ed com els dubtes i inquietuds que van tenir a l\u2019hora de fer la seva tria.<\/p>\n<p>La sessi\u00f3 va concloure amb un torn de preguntes, on els assistents van poder resoldre dubtes i obtenir informaci\u00f3 de primera m\u00e0.<\/p>\n<p><img loading=\"lazy\" decoding=\"async\" class=\"aligncenter size-full wp-image-12093\" src=\"https:\/\/agora.xtec.cat\/iesdecelra\/wp-content\/uploads\/usu1789\/2025\/03\/1742760369279.jpg\" alt=\"\" width=\"2000\" height=\"1500\" srcset=\"https:\/\/agora.xtec.cat\/iesdecelra\/wp-content\/uploads\/usu1789\/2025\/03\/1742760369279.jpg 2000w, https:\/\/agora.xtec.cat\/iesdecelra\/wp-content\/uploads\/usu1789\/2025\/03\/1742760369279-300x225.jpg 300w, https:\/\/agora.xtec.cat\/iesdecelra\/wp-content\/uploads\/usu1789\/2025\/03\/1742760369279-1024x768.jpg 1024w, https:\/\/agora.xtec.cat\/iesdecelra\/wp-content\/uploads\/usu1789\/2025\/03\/1742760369279-768x576.jpg 768w, https:\/\/agora.xtec.cat\/iesdecelra\/wp-content\/uploads\/usu1789\/2025\/03\/1742760369279-1536x1152.jpg 1536w, https:\/\/agora.xtec.cat\/iesdecelra\/wp-content\/uploads\/usu1789\/2025\/03\/1742760369279-200x150.jpg 200w\" sizes=\"auto, (max-width: 2000px) 100vw, 2000px\" \/><\/p>\n","protected":false},"excerpt":{"rendered":"<p>Aquest mes de mar\u00e7, en el marc de les activitats d\u2019orientaci\u00f3 acad\u00e8mica per a alumnes de 4t d\u2019ESO, diversos exalumnes del centre que actualment cursen cicles formatius van participar com a ponents en una sessi\u00f3 informativa sobre diferents cicles de grau mitj\u00e0.<br \/>\nCada un d\u2019ells va&hellip;  <a href=\"https:\/\/agora.xtec.cat\/iesdecelra\/cursos\/eso\/eso-4\/xerrades-dexalumnes\/\" title=\"Read XERRADES D&#8217;EXALUMNES\">Llegeix m\u00e9s\u00bb<\/a><\/p>\n","protected":false},"author":1,"featured_media":12094,"comment_status":"open","ping_status":"closed","sticky":false,"template":"","format":"standard","meta":{"_bbp_topic_count":0,"_bbp_reply_count":0,"_bbp_total_topic_count":0,"_bbp_total_reply_count":0,"_bbp_voice_count":0,"_bbp_anonymous_reply_count":0,"_bbp_topic_count_hidden":0,"_bbp_reply_count_hidden":0,"_bbp_forum_subforum_count":0,"footnotes":""},"categories":[103,7],"tags":[370,202],"class_list":["post-12092","post","type-post","status-publish","format-standard","has-post-thumbnail","hentry","category-actualitat","category-eso-4","tag-curs-2024-2025","tag-orientacio"],"post_mailing_queue_ids":[],"_links":{"self":[{"href":"https:\/\/agora.xtec.cat\/iesdecelra\/wp-json\/wp\/v2\/posts\/12092","targetHints":{"allow":["GET"]}}],"collection":[{"href":"https:\/\/agora.xtec.cat\/iesdecelra\/wp-json\/wp\/v2\/posts"}],"about":[{"href":"https:\/\/agora.xtec.cat\/iesdecelra\/wp-json\/wp\/v2\/types\/post"}],"author":[{"embeddable":true,"href":"https:\/\/agora.xtec.cat\/iesdecelra\/wp-json\/wp\/v2\/users\/1"}],"replies":[{"embeddable":true,"href":"https:\/\/agora.xtec.cat\/iesdecelra\/wp-json\/wp\/v2\/comments?post=12092"}],"version-history":[{"count":1,"href":"https:\/\/agora.xtec.cat\/iesdecelra\/wp-json\/wp\/v2\/posts\/12092\/revisions"}],"predecessor-version":[{"id":12095,"href":"https:\/\/agora.xtec.cat\/iesdecelra\/wp-json\/wp\/v2\/posts\/12092\/revisions\/12095"}],"wp:featuredmedia":[{"embeddable":true,"href":"https:\/\/agora.xtec.cat\/iesdecelra\/wp-json\/wp\/v2\/media\/12094"}],"wp:attachment":[{"href":"https:\/\/agora.xtec.cat\/iesdecelra\/wp-json\/wp\/v2\/media?parent=12092"}],"wp:term":[{"taxonomy":"category","embeddable":true,"href":"https:\/\/agora.xtec.cat\/iesdecelra\/wp-json\/wp\/v2\/categories?post=12092"},{"taxonomy":"post_tag","embeddable":true,"href":"https:\/\/agora.xtec.cat\/iesdecelra\/wp-json\/wp\/v2\/tags?post=12092"}],"curies":[{"name":"wp","href":"https:\/\/api.w.org\/{rel}","templated":true}]}}