{"id":12079,"date":"2025-03-18T12:17:17","date_gmt":"2025-03-18T11:17:17","guid":{"rendered":"https:\/\/agora.xtec.cat\/iesdecelra\/?p=12079"},"modified":"2025-03-18T12:21:20","modified_gmt":"2025-03-18T11:21:20","slug":"programa-escola-i-empresa-xerrada-sobre-lempresa-tesa-tape-s-a","status":"publish","type":"post","link":"https:\/\/agora.xtec.cat\/iesdecelra\/cursos\/batxillerat\/programa-escola-i-empresa-xerrada-sobre-lempresa-tesa-tape-s-a\/","title":{"rendered":"PROGRAMA ESCOLA I EMPRESA: XERRADA SOBRE L\u2019EMPRESA TESA TAPE, S.A."},"content":{"rendered":"<p><span style=\"font-weight: 400;\">El passat divendres 14 de mar\u00e7 el director general de l\u2019empresa TESA TAPE, Jordi Senespleda i Ravent\u00f3s, va impartir una xerrada als alumnes de primer de batxillerat de la modalitat human\u00edstic i social. Aquesta empresa alemanya \u00e9s l\u00edder a Europa en la fabricaci\u00f3 i comercialitzaci\u00f3 de cintes adhesives oferint solucions per al m\u00f3n de la ind\u00fastria en mercats com les arts gr\u00e0fiques, automoci\u00f3, aviaci\u00f3, electr\u00f2nica, construcci\u00f3\u2026 i tamb\u00e9 pel mercat de consum dels particulars en solucions per a la llar. L\u2019empresa compta amb un equip de 150 empleats a Espanya i 6.000 al m\u00f3n en 85 pa\u00efsos.<\/span><\/p>\n<p><span style=\"font-weight: 400;\">Aquesta xerrada forma part del cicle de confer\u00e8ncies que organitza\u00a0 el programa Escola i Empresa de la fundaci\u00f3 FEMCAT. Aquest programa se centra en la trobada entre l\u2019alumnat de batxillerat i una persona que dirigeix una empresa i que els explica la seva viv\u00e8ncia, la seva motivaci\u00f3 i el seu dia a dia per tal d\u2019ajudar els estudiants a visualitzar aspectes de la vida de l\u2019empresa i del seu paper en la societat, des d\u2019una perspectiva diferent de l&#8217;habitual.<\/span><\/p>\n<p><img loading=\"lazy\" decoding=\"async\" class=\"aligncenter  wp-image-12089\" src=\"https:\/\/agora.xtec.cat\/iesdecelra\/wp-content\/uploads\/usu1789\/2025\/03\/Escola-empresa-scaled.jpg\" alt=\"\" width=\"822\" height=\"616\" srcset=\"https:\/\/agora.xtec.cat\/iesdecelra\/wp-content\/uploads\/usu1789\/2025\/03\/Escola-empresa-scaled.jpg 2560w, https:\/\/agora.xtec.cat\/iesdecelra\/wp-content\/uploads\/usu1789\/2025\/03\/Escola-empresa-300x225.jpg 300w, https:\/\/agora.xtec.cat\/iesdecelra\/wp-content\/uploads\/usu1789\/2025\/03\/Escola-empresa-1024x768.jpg 1024w, https:\/\/agora.xtec.cat\/iesdecelra\/wp-content\/uploads\/usu1789\/2025\/03\/Escola-empresa-768x576.jpg 768w, https:\/\/agora.xtec.cat\/iesdecelra\/wp-content\/uploads\/usu1789\/2025\/03\/Escola-empresa-1536x1152.jpg 1536w, https:\/\/agora.xtec.cat\/iesdecelra\/wp-content\/uploads\/usu1789\/2025\/03\/Escola-empresa-2048x1536.jpg 2048w, https:\/\/agora.xtec.cat\/iesdecelra\/wp-content\/uploads\/usu1789\/2025\/03\/Escola-empresa-200x150.jpg 200w\" sizes=\"auto, (max-width: 822px) 100vw, 822px\" \/><\/p>\n","protected":false},"excerpt":{"rendered":"<p>El passat divendres 14 de mar\u00e7 el director general de l\u2019empresa TESA TAPE, Jordi Senespleda i Ravent\u00f3s, va impartir una xerrada als alumnes de primer de batxillerat de la modalitat human\u00edstic i social. Aquesta empresa alemanya \u00e9s l\u00edder a Europa en la fabricaci\u00f3 i comercialitzaci\u00f3&hellip;  <a href=\"https:\/\/agora.xtec.cat\/iesdecelra\/cursos\/batxillerat\/programa-escola-i-empresa-xerrada-sobre-lempresa-tesa-tape-s-a\/\" title=\"Read PROGRAMA ESCOLA I EMPRESA: XERRADA SOBRE L\u2019EMPRESA TESA TAPE, S.A.\">Llegeix m\u00e9s\u00bb<\/a><\/p>\n","protected":false},"author":1,"featured_media":12087,"comment_status":"open","ping_status":"closed","sticky":false,"template":"","format":"standard","meta":{"_bbp_topic_count":0,"_bbp_reply_count":0,"_bbp_total_topic_count":0,"_bbp_total_reply_count":0,"_bbp_voice_count":0,"_bbp_anonymous_reply_count":0,"_bbp_topic_count_hidden":0,"_bbp_reply_count_hidden":0,"_bbp_forum_subforum_count":0,"footnotes":""},"categories":[8],"tags":[370,343],"class_list":["post-12079","post","type-post","status-publish","format-standard","has-post-thumbnail","hentry","category-batxillerat","tag-curs-2024-2025","tag-empresa"],"post_mailing_queue_ids":[],"_links":{"self":[{"href":"https:\/\/agora.xtec.cat\/iesdecelra\/wp-json\/wp\/v2\/posts\/12079","targetHints":{"allow":["GET"]}}],"collection":[{"href":"https:\/\/agora.xtec.cat\/iesdecelra\/wp-json\/wp\/v2\/posts"}],"about":[{"href":"https:\/\/agora.xtec.cat\/iesdecelra\/wp-json\/wp\/v2\/types\/post"}],"author":[{"embeddable":true,"href":"https:\/\/agora.xtec.cat\/iesdecelra\/wp-json\/wp\/v2\/users\/1"}],"replies":[{"embeddable":true,"href":"https:\/\/agora.xtec.cat\/iesdecelra\/wp-json\/wp\/v2\/comments?post=12079"}],"version-history":[{"count":3,"href":"https:\/\/agora.xtec.cat\/iesdecelra\/wp-json\/wp\/v2\/posts\/12079\/revisions"}],"predecessor-version":[{"id":12090,"href":"https:\/\/agora.xtec.cat\/iesdecelra\/wp-json\/wp\/v2\/posts\/12079\/revisions\/12090"}],"wp:featuredmedia":[{"embeddable":true,"href":"https:\/\/agora.xtec.cat\/iesdecelra\/wp-json\/wp\/v2\/media\/12087"}],"wp:attachment":[{"href":"https:\/\/agora.xtec.cat\/iesdecelra\/wp-json\/wp\/v2\/media?parent=12079"}],"wp:term":[{"taxonomy":"category","embeddable":true,"href":"https:\/\/agora.xtec.cat\/iesdecelra\/wp-json\/wp\/v2\/categories?post=12079"},{"taxonomy":"post_tag","embeddable":true,"href":"https:\/\/agora.xtec.cat\/iesdecelra\/wp-json\/wp\/v2\/tags?post=12079"}],"curies":[{"name":"wp","href":"https:\/\/api.w.org\/{rel}","templated":true}]}}