{"id":12065,"date":"2025-03-12T09:38:15","date_gmt":"2025-03-12T08:38:15","guid":{"rendered":"https:\/\/agora.xtec.cat\/iesdecelra\/?p=12065"},"modified":"2025-03-12T09:38:15","modified_gmt":"2025-03-12T08:38:15","slug":"fomentem-el-talent-en-lescriptura","status":"publish","type":"post","link":"https:\/\/agora.xtec.cat\/iesdecelra\/cursos\/eso\/eso-2\/fomentem-el-talent-en-lescriptura\/","title":{"rendered":"FOMENTEM EL TALENT EN L&#8217;ESCRIPTURA"},"content":{"rendered":"<p>Durant els dies\u00a0 6 i 7 de mar\u00e7,\u00a0els alumnes de 2n d&#8217;ESO van participar en la <strong>47a edici\u00f3 del\u00a0Premi de Relat Breu, <\/strong>que convoca cada any <em>Coca-cola<\/em>. Una quarantena\u00a0d&#8217;alumnes del nostre centre van tenir l&#8217;oportunitat de demostrar el seu talent escrivint un relat curt,\u00a0en catal\u00e0 o castell\u00e0, guiats \u00fanicament per\u00a0la seva curiositat i creativitat. A tots ells, els volem felicitar per la feina feta i els convidem a participar en properes convocat\u00f2ries liter\u00e0ries. &#8221;<\/p>\n<p><img loading=\"lazy\" decoding=\"async\" class=\"aligncenter  wp-image-12067\" src=\"https:\/\/agora.xtec.cat\/iesdecelra\/wp-content\/uploads\/usu1789\/2025\/03\/COCACOLA-scaled.jpg\" alt=\"\" width=\"630\" height=\"474\" srcset=\"https:\/\/agora.xtec.cat\/iesdecelra\/wp-content\/uploads\/usu1789\/2025\/03\/COCACOLA-scaled.jpg 2560w, https:\/\/agora.xtec.cat\/iesdecelra\/wp-content\/uploads\/usu1789\/2025\/03\/COCACOLA-300x226.jpg 300w, https:\/\/agora.xtec.cat\/iesdecelra\/wp-content\/uploads\/usu1789\/2025\/03\/COCACOLA-1024x771.jpg 1024w, https:\/\/agora.xtec.cat\/iesdecelra\/wp-content\/uploads\/usu1789\/2025\/03\/COCACOLA-768x578.jpg 768w, https:\/\/agora.xtec.cat\/iesdecelra\/wp-content\/uploads\/usu1789\/2025\/03\/COCACOLA-1536x1157.jpg 1536w, https:\/\/agora.xtec.cat\/iesdecelra\/wp-content\/uploads\/usu1789\/2025\/03\/COCACOLA-2048x1542.jpg 2048w, https:\/\/agora.xtec.cat\/iesdecelra\/wp-content\/uploads\/usu1789\/2025\/03\/COCACOLA-200x150.jpg 200w\" sizes=\"auto, (max-width: 630px) 100vw, 630px\" \/><\/p>\n","protected":false},"excerpt":{"rendered":"<p>Durant els dies\u00a0 6 i 7 de mar\u00e7,\u00a0els alumnes de 2n d&#8217;ESO van participar en la 47a edici\u00f3 del\u00a0Premi de Relat Breu, que convoca cada any Coca-cola. Una quarantena\u00a0d&#8217;alumnes del nostre centre van tenir l&#8217;oportunitat de demostrar el seu talent escrivint un relat curt,\u00a0en catal\u00e0&hellip;  <a href=\"https:\/\/agora.xtec.cat\/iesdecelra\/cursos\/eso\/eso-2\/fomentem-el-talent-en-lescriptura\/\" title=\"Read FOMENTEM EL TALENT EN L&#8217;ESCRIPTURA\">Llegeix m\u00e9s\u00bb<\/a><\/p>\n","protected":false},"author":1,"featured_media":12067,"comment_status":"open","ping_status":"closed","sticky":false,"template":"","format":"standard","meta":{"_bbp_topic_count":0,"_bbp_reply_count":0,"_bbp_total_topic_count":0,"_bbp_total_reply_count":0,"_bbp_voice_count":0,"_bbp_anonymous_reply_count":0,"_bbp_topic_count_hidden":0,"_bbp_reply_count_hidden":0,"_bbp_forum_subforum_count":0,"footnotes":""},"categories":[103,5],"tags":[133,456,174,166,455],"class_list":["post-12065","post","type-post","status-publish","format-standard","has-post-thumbnail","hentry","category-actualitat","category-eso-2","tag-2n-deso","tag-coca-cola","tag-departament-de-castella","tag-departament-de-catala","tag-relat-breu"],"post_mailing_queue_ids":[],"_links":{"self":[{"href":"https:\/\/agora.xtec.cat\/iesdecelra\/wp-json\/wp\/v2\/posts\/12065","targetHints":{"allow":["GET"]}}],"collection":[{"href":"https:\/\/agora.xtec.cat\/iesdecelra\/wp-json\/wp\/v2\/posts"}],"about":[{"href":"https:\/\/agora.xtec.cat\/iesdecelra\/wp-json\/wp\/v2\/types\/post"}],"author":[{"embeddable":true,"href":"https:\/\/agora.xtec.cat\/iesdecelra\/wp-json\/wp\/v2\/users\/1"}],"replies":[{"embeddable":true,"href":"https:\/\/agora.xtec.cat\/iesdecelra\/wp-json\/wp\/v2\/comments?post=12065"}],"version-history":[{"count":2,"href":"https:\/\/agora.xtec.cat\/iesdecelra\/wp-json\/wp\/v2\/posts\/12065\/revisions"}],"predecessor-version":[{"id":12068,"href":"https:\/\/agora.xtec.cat\/iesdecelra\/wp-json\/wp\/v2\/posts\/12065\/revisions\/12068"}],"wp:featuredmedia":[{"embeddable":true,"href":"https:\/\/agora.xtec.cat\/iesdecelra\/wp-json\/wp\/v2\/media\/12067"}],"wp:attachment":[{"href":"https:\/\/agora.xtec.cat\/iesdecelra\/wp-json\/wp\/v2\/media?parent=12065"}],"wp:term":[{"taxonomy":"category","embeddable":true,"href":"https:\/\/agora.xtec.cat\/iesdecelra\/wp-json\/wp\/v2\/categories?post=12065"},{"taxonomy":"post_tag","embeddable":true,"href":"https:\/\/agora.xtec.cat\/iesdecelra\/wp-json\/wp\/v2\/tags?post=12065"}],"curies":[{"name":"wp","href":"https:\/\/api.w.org\/{rel}","templated":true}]}}