{"id":12057,"date":"2025-03-11T20:43:54","date_gmt":"2025-03-11T19:43:54","guid":{"rendered":"https:\/\/agora.xtec.cat\/iesdecelra\/?p=12057"},"modified":"2025-03-12T09:28:15","modified_gmt":"2025-03-12T08:28:15","slug":"8-marc-dia-internacional-de-la-dona","status":"publish","type":"post","link":"https:\/\/agora.xtec.cat\/iesdecelra\/cursos\/eso\/eso-2\/8-marc-dia-internacional-de-la-dona\/","title":{"rendered":"8 MAR\u00c7: DIA INTERNACIONAL DE LA DONA"},"content":{"rendered":"<p>L&#8217;alumnat de 2n d&#8217;ESO, des de l&#8217;assignatura d&#8217;Educaci\u00f3 Visual i Pl\u00e0stica va voler fer un petit homenatge a totes les seves \u00e0vies, dones s\u00e0vies, lluitadores i treballadores, en motiu del Dia Internacional de la Dona.<\/p>\n<p>Per a fer-ho els van fer una foto i van adjuntar-hi frases o expressions que habitualment els diuen i van decorar-les amb diferents t\u00e8cniques.<\/p>\n<p><img loading=\"lazy\" decoding=\"async\" class=\"aligncenter wp-image-12059\" src=\"https:\/\/agora.xtec.cat\/iesdecelra\/wp-content\/uploads\/usu1789\/2025\/03\/IMG_6954-scaled.jpg\" alt=\"\" width=\"440\" height=\"587\" srcset=\"https:\/\/agora.xtec.cat\/iesdecelra\/wp-content\/uploads\/usu1789\/2025\/03\/IMG_6954-scaled.jpg 1920w, https:\/\/agora.xtec.cat\/iesdecelra\/wp-content\/uploads\/usu1789\/2025\/03\/IMG_6954-225x300.jpg 225w, https:\/\/agora.xtec.cat\/iesdecelra\/wp-content\/uploads\/usu1789\/2025\/03\/IMG_6954-768x1024.jpg 768w, https:\/\/agora.xtec.cat\/iesdecelra\/wp-content\/uploads\/usu1789\/2025\/03\/IMG_6954-1152x1536.jpg 1152w, https:\/\/agora.xtec.cat\/iesdecelra\/wp-content\/uploads\/usu1789\/2025\/03\/IMG_6954-1536x2048.jpg 1536w\" sizes=\"auto, (max-width: 440px) 100vw, 440px\" \/><\/p>\n<p><img loading=\"lazy\" decoding=\"async\" class=\"aligncenter wp-image-12058\" src=\"https:\/\/agora.xtec.cat\/iesdecelra\/wp-content\/uploads\/usu1789\/2025\/03\/IMG_6955-scaled.jpg\" alt=\"\" width=\"442\" height=\"590\" srcset=\"https:\/\/agora.xtec.cat\/iesdecelra\/wp-content\/uploads\/usu1789\/2025\/03\/IMG_6955-scaled.jpg 1920w, https:\/\/agora.xtec.cat\/iesdecelra\/wp-content\/uploads\/usu1789\/2025\/03\/IMG_6955-225x300.jpg 225w, https:\/\/agora.xtec.cat\/iesdecelra\/wp-content\/uploads\/usu1789\/2025\/03\/IMG_6955-768x1024.jpg 768w, https:\/\/agora.xtec.cat\/iesdecelra\/wp-content\/uploads\/usu1789\/2025\/03\/IMG_6955-1152x1536.jpg 1152w, https:\/\/agora.xtec.cat\/iesdecelra\/wp-content\/uploads\/usu1789\/2025\/03\/IMG_6955-1536x2048.jpg 1536w\" sizes=\"auto, (max-width: 442px) 100vw, 442px\" \/><\/p>\n","protected":false},"excerpt":{"rendered":"<p>L&#8217;alumnat de 2n d&#8217;ESO, des de l&#8217;assignatura d&#8217;Educaci\u00f3 Visual i Pl\u00e0stica va voler fer un petit homenatge a totes les seves \u00e0vies, dones s\u00e0vies, lluitadores i treballadores, en motiu del Dia Internacional de la Dona.<br \/>\nPer a fer-ho els van fer una foto i van adjuntar-hi&hellip;  <a href=\"https:\/\/agora.xtec.cat\/iesdecelra\/cursos\/eso\/eso-2\/8-marc-dia-internacional-de-la-dona\/\" title=\"Read 8 MAR\u00c7: DIA INTERNACIONAL DE LA DONA\">Llegeix m\u00e9s\u00bb<\/a><\/p>\n","protected":false},"author":1,"featured_media":12059,"comment_status":"open","ping_status":"closed","sticky":false,"template":"","format":"standard","meta":{"_bbp_topic_count":0,"_bbp_reply_count":0,"_bbp_total_topic_count":0,"_bbp_total_reply_count":0,"_bbp_voice_count":0,"_bbp_anonymous_reply_count":0,"_bbp_topic_count_hidden":0,"_bbp_reply_count_hidden":0,"_bbp_forum_subforum_count":0,"footnotes":""},"categories":[103,5],"tags":[451,254,267,450,452,454,453],"class_list":["post-12057","post","type-post","status-publish","format-standard","has-post-thumbnail","hentry","category-actualitat","category-eso-2","tag-avies","tag-departament-deducacio-visual-i-plastica","tag-dia-de-la-dona","tag-dia-internacional-de-la-dona","tag-dona","tag-eivp","tag-homenatge"],"post_mailing_queue_ids":[],"_links":{"self":[{"href":"https:\/\/agora.xtec.cat\/iesdecelra\/wp-json\/wp\/v2\/posts\/12057","targetHints":{"allow":["GET"]}}],"collection":[{"href":"https:\/\/agora.xtec.cat\/iesdecelra\/wp-json\/wp\/v2\/posts"}],"about":[{"href":"https:\/\/agora.xtec.cat\/iesdecelra\/wp-json\/wp\/v2\/types\/post"}],"author":[{"embeddable":true,"href":"https:\/\/agora.xtec.cat\/iesdecelra\/wp-json\/wp\/v2\/users\/1"}],"replies":[{"embeddable":true,"href":"https:\/\/agora.xtec.cat\/iesdecelra\/wp-json\/wp\/v2\/comments?post=12057"}],"version-history":[{"count":4,"href":"https:\/\/agora.xtec.cat\/iesdecelra\/wp-json\/wp\/v2\/posts\/12057\/revisions"}],"predecessor-version":[{"id":12064,"href":"https:\/\/agora.xtec.cat\/iesdecelra\/wp-json\/wp\/v2\/posts\/12057\/revisions\/12064"}],"wp:featuredmedia":[{"embeddable":true,"href":"https:\/\/agora.xtec.cat\/iesdecelra\/wp-json\/wp\/v2\/media\/12059"}],"wp:attachment":[{"href":"https:\/\/agora.xtec.cat\/iesdecelra\/wp-json\/wp\/v2\/media?parent=12057"}],"wp:term":[{"taxonomy":"category","embeddable":true,"href":"https:\/\/agora.xtec.cat\/iesdecelra\/wp-json\/wp\/v2\/categories?post=12057"},{"taxonomy":"post_tag","embeddable":true,"href":"https:\/\/agora.xtec.cat\/iesdecelra\/wp-json\/wp\/v2\/tags?post=12057"}],"curies":[{"name":"wp","href":"https:\/\/api.w.org\/{rel}","templated":true}]}}