{"id":12011,"date":"2025-03-04T10:50:04","date_gmt":"2025-03-04T09:50:04","guid":{"rendered":"https:\/\/agora.xtec.cat\/iesdecelra\/?p=12011"},"modified":"2025-03-04T10:50:04","modified_gmt":"2025-03-04T09:50:04","slug":"reunio-de-delegats-i-delegades","status":"publish","type":"post","link":"https:\/\/agora.xtec.cat\/iesdecelra\/general\/reunio-de-delegats-i-delegades\/","title":{"rendered":"REUNI\u00d3 DE DELEGATS I DELEGADES"},"content":{"rendered":"<p>Amb la voluntat de buscar la participaci\u00f3 dels representants escolars en propostes de centre, el passat 18 de febrer va tenir lloc una reuni\u00f3 de delegats i membres del consell escolar amb la pres\u00e8ncia de direcci\u00f3, coordinaci\u00f3 pedag\u00f2gica i referent cocobe (conviv\u00e8ncia i benestar) del centre. Durant la trobada, es van recordar les funcions dels delegats d&#8217;aula aix\u00ed com les principals l\u00ednies d&#8217;actuaci\u00f3 de la nova reforma del pati, que es comen\u00e7ar\u00e0 a materialitzar properament gr\u00e0cies a l&#8217;ajuda de l&#8217;AFA i l&#8217;aportaci\u00f3 de les idees de l&#8217;alumnat recollides a principi de curs. Posteriorment, els delegats van fer el trasp\u00e0s d&#8217;informaci\u00f3 a les aules corresponents durant l&#8217;hora de tutoria, tot omplint un formulari que concreta novament la participaci\u00f3 de l&#8217;alumnat.<\/p>\n<p>Durant la resta de curs es pret\u00e9n seguir dinamitzant la figura del delegat amb noves responsabilitats en temes de centre i dins del grup classe.<\/p>\n<p><img loading=\"lazy\" decoding=\"async\" class=\"aligncenter size-full wp-image-12012\" src=\"https:\/\/agora.xtec.cat\/iesdecelra\/wp-content\/uploads\/usu1789\/2025\/03\/IMG20250218092123-scaled.jpg\" alt=\"\" width=\"2560\" height=\"1827\" srcset=\"https:\/\/agora.xtec.cat\/iesdecelra\/wp-content\/uploads\/usu1789\/2025\/03\/IMG20250218092123-scaled.jpg 2560w, https:\/\/agora.xtec.cat\/iesdecelra\/wp-content\/uploads\/usu1789\/2025\/03\/IMG20250218092123-300x214.jpg 300w, https:\/\/agora.xtec.cat\/iesdecelra\/wp-content\/uploads\/usu1789\/2025\/03\/IMG20250218092123-1024x731.jpg 1024w, https:\/\/agora.xtec.cat\/iesdecelra\/wp-content\/uploads\/usu1789\/2025\/03\/IMG20250218092123-768x548.jpg 768w, https:\/\/agora.xtec.cat\/iesdecelra\/wp-content\/uploads\/usu1789\/2025\/03\/IMG20250218092123-1536x1096.jpg 1536w, https:\/\/agora.xtec.cat\/iesdecelra\/wp-content\/uploads\/usu1789\/2025\/03\/IMG20250218092123-2048x1462.jpg 2048w\" sizes=\"auto, (max-width: 2560px) 100vw, 2560px\" \/><\/p>\n","protected":false},"excerpt":{"rendered":"<p>Amb la voluntat de buscar la participaci\u00f3 dels representants escolars en propostes de centre, el passat 18 de febrer va tenir lloc una reuni\u00f3 de delegats i membres del consell escolar amb la pres\u00e8ncia de direcci\u00f3, coordinaci\u00f3 pedag\u00f2gica i referent cocobe (conviv\u00e8ncia i benestar) del&hellip;  <a href=\"https:\/\/agora.xtec.cat\/iesdecelra\/general\/reunio-de-delegats-i-delegades\/\" title=\"Read REUNI\u00d3 DE DELEGATS I DELEGADES\">Llegeix m\u00e9s\u00bb<\/a><\/p>\n","protected":false},"author":1,"featured_media":12012,"comment_status":"open","ping_status":"closed","sticky":false,"template":"","format":"standard","meta":{"_bbp_topic_count":0,"_bbp_reply_count":0,"_bbp_total_topic_count":0,"_bbp_total_reply_count":0,"_bbp_voice_count":0,"_bbp_anonymous_reply_count":0,"_bbp_topic_count_hidden":0,"_bbp_reply_count_hidden":0,"_bbp_forum_subforum_count":0,"footnotes":""},"categories":[103,1],"tags":[180,446,445],"class_list":["post-12011","post","type-post","status-publish","format-standard","has-post-thumbnail","hentry","category-actualitat","category-general","tag-delegats","tag-representants-escolars","tag-reunio-delegats"],"post_mailing_queue_ids":[],"_links":{"self":[{"href":"https:\/\/agora.xtec.cat\/iesdecelra\/wp-json\/wp\/v2\/posts\/12011","targetHints":{"allow":["GET"]}}],"collection":[{"href":"https:\/\/agora.xtec.cat\/iesdecelra\/wp-json\/wp\/v2\/posts"}],"about":[{"href":"https:\/\/agora.xtec.cat\/iesdecelra\/wp-json\/wp\/v2\/types\/post"}],"author":[{"embeddable":true,"href":"https:\/\/agora.xtec.cat\/iesdecelra\/wp-json\/wp\/v2\/users\/1"}],"replies":[{"embeddable":true,"href":"https:\/\/agora.xtec.cat\/iesdecelra\/wp-json\/wp\/v2\/comments?post=12011"}],"version-history":[{"count":1,"href":"https:\/\/agora.xtec.cat\/iesdecelra\/wp-json\/wp\/v2\/posts\/12011\/revisions"}],"predecessor-version":[{"id":12013,"href":"https:\/\/agora.xtec.cat\/iesdecelra\/wp-json\/wp\/v2\/posts\/12011\/revisions\/12013"}],"wp:featuredmedia":[{"embeddable":true,"href":"https:\/\/agora.xtec.cat\/iesdecelra\/wp-json\/wp\/v2\/media\/12012"}],"wp:attachment":[{"href":"https:\/\/agora.xtec.cat\/iesdecelra\/wp-json\/wp\/v2\/media?parent=12011"}],"wp:term":[{"taxonomy":"category","embeddable":true,"href":"https:\/\/agora.xtec.cat\/iesdecelra\/wp-json\/wp\/v2\/categories?post=12011"},{"taxonomy":"post_tag","embeddable":true,"href":"https:\/\/agora.xtec.cat\/iesdecelra\/wp-json\/wp\/v2\/tags?post=12011"}],"curies":[{"name":"wp","href":"https:\/\/api.w.org\/{rel}","templated":true}]}}