{"id":11999,"date":"2025-02-26T17:28:35","date_gmt":"2025-02-26T16:28:35","guid":{"rendered":"https:\/\/agora.xtec.cat\/iesdecelra\/?p=11999"},"modified":"2025-03-05T17:31:38","modified_gmt":"2025-03-05T16:31:38","slug":"projecte-col%c2%b7laboratiu-erasmus","status":"publish","type":"post","link":"https:\/\/agora.xtec.cat\/iesdecelra\/general\/projecte-col%c2%b7laboratiu-erasmus\/","title":{"rendered":"PROJECTE COL\u00b7LABORATIU ERASMUS+"},"content":{"rendered":"<p>El passat 25 de febrer, l&#8217;alumnat de 1r d&#8217;ESO del grup d&#8217;enriquiment i els delegats d&#8217;aquest curs van participar en l&#8217;exposici\u00f3 del projecte <em>Nexes<\/em>, una iniciativa conjunta entre els estudiants de l&#8217;escola Carme Auguet i els artistes Marta i Roc. Els delegats van aportar-hi la seva tasca de traducci\u00f3 a l&#8217;angl\u00e8s de diversos fragments explicatius del projecte. D&#8217;altra banda, els alumnes d&#8217;enriquiment van cobrir l&#8217;esdeveniment mitjan\u00e7ant una s\u00e8rie d&#8217;entrevistes a figures clau com la directora de l&#8217;escola, pares i alumnes, els artistes, aix\u00ed com l&#8217;alcalde de Girona, Lluc Salellas.<\/p>\n<p><img loading=\"lazy\" decoding=\"async\" class=\"aligncenter size-full wp-image-12001\" src=\"https:\/\/agora.xtec.cat\/iesdecelra\/wp-content\/uploads\/usu1789\/2025\/02\/WhatsApp-Image-2025-02-25-at-19.25.48.jpeg\" alt=\"\" width=\"2048\" height=\"1536\" srcset=\"https:\/\/agora.xtec.cat\/iesdecelra\/wp-content\/uploads\/usu1789\/2025\/02\/WhatsApp-Image-2025-02-25-at-19.25.48.jpeg 2048w, https:\/\/agora.xtec.cat\/iesdecelra\/wp-content\/uploads\/usu1789\/2025\/02\/WhatsApp-Image-2025-02-25-at-19.25.48-300x225.jpeg 300w, https:\/\/agora.xtec.cat\/iesdecelra\/wp-content\/uploads\/usu1789\/2025\/02\/WhatsApp-Image-2025-02-25-at-19.25.48-1024x768.jpeg 1024w, https:\/\/agora.xtec.cat\/iesdecelra\/wp-content\/uploads\/usu1789\/2025\/02\/WhatsApp-Image-2025-02-25-at-19.25.48-768x576.jpeg 768w, https:\/\/agora.xtec.cat\/iesdecelra\/wp-content\/uploads\/usu1789\/2025\/02\/WhatsApp-Image-2025-02-25-at-19.25.48-1536x1152.jpeg 1536w, https:\/\/agora.xtec.cat\/iesdecelra\/wp-content\/uploads\/usu1789\/2025\/02\/WhatsApp-Image-2025-02-25-at-19.25.48-200x150.jpeg 200w\" sizes=\"auto, (max-width: 2048px) 100vw, 2048px\" \/><\/p>\n","protected":false},"excerpt":{"rendered":"<p>El passat 25 de febrer, l&#8217;alumnat de 1r d&#8217;ESO del grup d&#8217;enriquiment i els delegats d&#8217;aquest curs van participar en l&#8217;exposici\u00f3 del projecte Nexes, una iniciativa conjunta entre els estudiants de l&#8217;escola Carme Auguet i els artistes Marta i Roc. Els delegats van aportar-hi la&hellip;  <a href=\"https:\/\/agora.xtec.cat\/iesdecelra\/general\/projecte-col%c2%b7laboratiu-erasmus\/\" title=\"Read PROJECTE COL\u00b7LABORATIU ERASMUS+\">Llegeix m\u00e9s\u00bb<\/a><\/p>\n","protected":false},"author":1,"featured_media":12001,"comment_status":"open","ping_status":"closed","sticky":false,"template":"","format":"standard","meta":{"_bbp_topic_count":0,"_bbp_reply_count":0,"_bbp_total_topic_count":0,"_bbp_total_reply_count":0,"_bbp_voice_count":0,"_bbp_anonymous_reply_count":0,"_bbp_topic_count_hidden":0,"_bbp_reply_count_hidden":0,"_bbp_forum_subforum_count":0,"footnotes":""},"categories":[4,1],"tags":[447,448,245,449],"class_list":["post-11999","post","type-post","status-publish","format-standard","has-post-thumbnail","hentry","category-eso-1","category-general","tag-enriquiment","tag-entrevistes","tag-erasmus","tag-projecte-nexes"],"post_mailing_queue_ids":[],"_links":{"self":[{"href":"https:\/\/agora.xtec.cat\/iesdecelra\/wp-json\/wp\/v2\/posts\/11999","targetHints":{"allow":["GET"]}}],"collection":[{"href":"https:\/\/agora.xtec.cat\/iesdecelra\/wp-json\/wp\/v2\/posts"}],"about":[{"href":"https:\/\/agora.xtec.cat\/iesdecelra\/wp-json\/wp\/v2\/types\/post"}],"author":[{"embeddable":true,"href":"https:\/\/agora.xtec.cat\/iesdecelra\/wp-json\/wp\/v2\/users\/1"}],"replies":[{"embeddable":true,"href":"https:\/\/agora.xtec.cat\/iesdecelra\/wp-json\/wp\/v2\/comments?post=11999"}],"version-history":[{"count":4,"href":"https:\/\/agora.xtec.cat\/iesdecelra\/wp-json\/wp\/v2\/posts\/11999\/revisions"}],"predecessor-version":[{"id":12025,"href":"https:\/\/agora.xtec.cat\/iesdecelra\/wp-json\/wp\/v2\/posts\/11999\/revisions\/12025"}],"wp:featuredmedia":[{"embeddable":true,"href":"https:\/\/agora.xtec.cat\/iesdecelra\/wp-json\/wp\/v2\/media\/12001"}],"wp:attachment":[{"href":"https:\/\/agora.xtec.cat\/iesdecelra\/wp-json\/wp\/v2\/media?parent=11999"}],"wp:term":[{"taxonomy":"category","embeddable":true,"href":"https:\/\/agora.xtec.cat\/iesdecelra\/wp-json\/wp\/v2\/categories?post=11999"},{"taxonomy":"post_tag","embeddable":true,"href":"https:\/\/agora.xtec.cat\/iesdecelra\/wp-json\/wp\/v2\/tags?post=11999"}],"curies":[{"name":"wp","href":"https:\/\/api.w.org\/{rel}","templated":true}]}}