{"id":11997,"date":"2025-02-26T09:32:27","date_gmt":"2025-02-26T08:32:27","guid":{"rendered":"https:\/\/agora.xtec.cat\/iesdecelra\/?p=11997"},"modified":"2025-02-26T09:33:12","modified_gmt":"2025-02-26T08:33:12","slug":"visita-del-siad-i-sai-girones-salt","status":"publish","type":"post","link":"https:\/\/agora.xtec.cat\/iesdecelra\/cursos\/eso\/eso-3\/visita-del-siad-i-sai-girones-salt\/","title":{"rendered":"VISITA DEL SIAD I SAI GIRON\u00c8S-SALT"},"content":{"rendered":"<p>Durant aquesta setmana l&#8217;alumnat de 3r de l&#8217;ESO ha participat de les xerrades dels serveis del SIAD\/SAI, en el marc de la mat\u00e8ria d&#8217;OTA.<\/p>\n<p>Les companyes ens han explicat quins serveis ofereixen i com podem accedir-hi. D&#8217;altra banda, ens han presentat l&#8217;espai d&#8217;atenci\u00f3 directa que es desenvolupar\u00e0 un cop al mes a l&#8217;Espai Jove de Celr\u00e0, on el jovent podr\u00e0 adre\u00e7ar-se per rebre orientaci\u00f3 i resoldre dubtes vinculats a la sexualitat i les relacions afectives.<\/p>\n<p>Finalment, han realitzat una din\u00e0mica molt engrescadora on tot l&#8217;alumnat ha pogut dir la seva!<\/p>\n<p>&nbsp;<\/p>\n<p>&nbsp;<\/p>\n","protected":false},"excerpt":{"rendered":"<p>Durant aquesta setmana l&#8217;alumnat de 3r de l&#8217;ESO ha participat de les xerrades dels serveis del SIAD\/SAI, en el marc de la mat\u00e8ria d&#8217;OTA.<br \/>\nLes companyes ens han explicat quins serveis ofereixen i com podem accedir-hi. D&#8217;altra banda, ens han presentat l&#8217;espai d&#8217;atenci\u00f3 directa que es&hellip;  <a href=\"https:\/\/agora.xtec.cat\/iesdecelra\/cursos\/eso\/eso-3\/visita-del-siad-i-sai-girones-salt\/\" title=\"Read VISITA DEL SIAD I SAI GIRON\u00c8S-SALT\">Llegeix m\u00e9s\u00bb<\/a><\/p>\n","protected":false},"author":1,"featured_media":11998,"comment_status":"open","ping_status":"closed","sticky":false,"template":"","format":"standard","meta":{"_bbp_topic_count":0,"_bbp_reply_count":0,"_bbp_total_topic_count":0,"_bbp_total_reply_count":0,"_bbp_voice_count":0,"_bbp_anonymous_reply_count":0,"_bbp_topic_count_hidden":0,"_bbp_reply_count_hidden":0,"_bbp_forum_subforum_count":0,"footnotes":""},"categories":[6],"tags":[370,444,443],"class_list":["post-11997","post","type-post","status-publish","format-standard","has-post-thumbnail","hentry","category-eso-3","tag-curs-2024-2025","tag-departament-dorientacio","tag-ota"],"post_mailing_queue_ids":[],"_links":{"self":[{"href":"https:\/\/agora.xtec.cat\/iesdecelra\/wp-json\/wp\/v2\/posts\/11997","targetHints":{"allow":["GET"]}}],"collection":[{"href":"https:\/\/agora.xtec.cat\/iesdecelra\/wp-json\/wp\/v2\/posts"}],"about":[{"href":"https:\/\/agora.xtec.cat\/iesdecelra\/wp-json\/wp\/v2\/types\/post"}],"author":[{"embeddable":true,"href":"https:\/\/agora.xtec.cat\/iesdecelra\/wp-json\/wp\/v2\/users\/1"}],"replies":[{"embeddable":true,"href":"https:\/\/agora.xtec.cat\/iesdecelra\/wp-json\/wp\/v2\/comments?post=11997"}],"version-history":[{"count":1,"href":"https:\/\/agora.xtec.cat\/iesdecelra\/wp-json\/wp\/v2\/posts\/11997\/revisions"}],"predecessor-version":[{"id":12000,"href":"https:\/\/agora.xtec.cat\/iesdecelra\/wp-json\/wp\/v2\/posts\/11997\/revisions\/12000"}],"wp:featuredmedia":[{"embeddable":true,"href":"https:\/\/agora.xtec.cat\/iesdecelra\/wp-json\/wp\/v2\/media\/11998"}],"wp:attachment":[{"href":"https:\/\/agora.xtec.cat\/iesdecelra\/wp-json\/wp\/v2\/media?parent=11997"}],"wp:term":[{"taxonomy":"category","embeddable":true,"href":"https:\/\/agora.xtec.cat\/iesdecelra\/wp-json\/wp\/v2\/categories?post=11997"},{"taxonomy":"post_tag","embeddable":true,"href":"https:\/\/agora.xtec.cat\/iesdecelra\/wp-json\/wp\/v2\/tags?post=11997"}],"curies":[{"name":"wp","href":"https:\/\/api.w.org\/{rel}","templated":true}]}}