{"id":11983,"date":"2025-02-19T09:34:49","date_gmt":"2025-02-19T08:34:49","guid":{"rendered":"https:\/\/agora.xtec.cat\/iesdecelra\/?p=11983"},"modified":"2025-02-19T09:34:49","modified_gmt":"2025-02-19T08:34:49","slug":"erasmus-auf-wiedersehen-freising","status":"publish","type":"post","link":"https:\/\/agora.xtec.cat\/iesdecelra\/cursos\/eso\/eso-4\/erasmus-auf-wiedersehen-freising\/","title":{"rendered":"ERASMUS+: AUF WIEDERSEHEN FREISING"},"content":{"rendered":"<p>Els alumnes i professores del Josef-Hofmiller-Gymnasium de Freising (Alemanya) ens van visitar del 3 al 7 de febrer.<\/p>\n<p>Durant la setmana vam realitzar un munt d&#8217;activitats\u00a0per treballar en el projecte Erasmus+ KA121 Be W.I.S.E. (Wellbeing, Inclusion, Sustainability, European Projects at high schools): experiments i classes de ci\u00e8ncia sostenible, rutes culturals per estudiar el patrimoni, jocs cooperatius i inclusius, tallers per parlar de com gestionar la diversitat a l&#8217;aula, sortides amb aprenentatges mediambientals, dansa a favor del benestar f\u00edsic i emocional, caixes d&#8217;aprenentatge sobre el funcionament de la UE i el Parlament Europeu, presentacions de treballs sobre soft\/fast fashion, observacions de classe per comparar i contrastar models d&#8217;escola de secund\u00e0ria i upcycling workshops per aprendre a convertir la roba que ja no \u00e9s \u00fatil en productes nous amb valor ecol\u00f2gic, entre d&#8217;altres.<\/p>\n<p>Tot plegat va ser possible gr\u00e0cies a la implicaci\u00f3 de la Comissi\u00f3 Erasmus de l&#8217;Institut de Celr\u00e0 i del professorat, les fam\u00edlies acollidores i tota la comunitat educativa; especialment els alumnes de l&#8217;optativa d&#8217;Emprenedoria Europea, els alumnes de Projecte Singular,\u00a0els alumnes del cicle de dansa\u00a0i els alumnes de 1r de Batxillerat. Moltes gr\u00e0cies a tots!<\/p>\n<p>Fins aviat Freising!<\/p>\n<p><iframe loading=\"lazy\" title=\"YouTube video player\" src=\"https:\/\/www.youtube.com\/embed\/aLVyeicLSEE?si=vLGfqzBQwmr1Cswc\" width=\"560\" height=\"315\" frameborder=\"0\" allowfullscreen=\"allowfullscreen\"><\/iframe><\/p>\n","protected":false},"excerpt":{"rendered":"<p>Els alumnes i professores del Josef-Hofmiller-Gymnasium de Freising (Alemanya) ens van visitar del 3 al 7 de febrer.<br \/>\nDurant la setmana vam realitzar un munt d&#8217;activitats\u00a0per treballar en el projecte Erasmus+ KA121 Be W.I.S.E. (Wellbeing, Inclusion, Sustainability, European Projects at high schools): experiments i classes de&hellip;  <a href=\"https:\/\/agora.xtec.cat\/iesdecelra\/cursos\/eso\/eso-4\/erasmus-auf-wiedersehen-freising\/\" title=\"Read ERASMUS+: AUF WIEDERSEHEN FREISING\">Llegeix m\u00e9s\u00bb<\/a><\/p>\n","protected":false},"author":1,"featured_media":11986,"comment_status":"open","ping_status":"closed","sticky":false,"template":"","format":"standard","meta":{"_bbp_topic_count":0,"_bbp_reply_count":0,"_bbp_total_topic_count":0,"_bbp_total_reply_count":0,"_bbp_voice_count":0,"_bbp_anonymous_reply_count":0,"_bbp_topic_count_hidden":0,"_bbp_reply_count_hidden":0,"_bbp_forum_subforum_count":0,"footnotes":""},"categories":[103,342,7,380],"tags":[370,245],"class_list":["post-11983","post","type-post","status-publish","format-standard","has-post-thumbnail","hentry","category-actualitat","category-erasmus","category-eso-4","category-european","tag-curs-2024-2025","tag-erasmus"],"post_mailing_queue_ids":[],"_links":{"self":[{"href":"https:\/\/agora.xtec.cat\/iesdecelra\/wp-json\/wp\/v2\/posts\/11983","targetHints":{"allow":["GET"]}}],"collection":[{"href":"https:\/\/agora.xtec.cat\/iesdecelra\/wp-json\/wp\/v2\/posts"}],"about":[{"href":"https:\/\/agora.xtec.cat\/iesdecelra\/wp-json\/wp\/v2\/types\/post"}],"author":[{"embeddable":true,"href":"https:\/\/agora.xtec.cat\/iesdecelra\/wp-json\/wp\/v2\/users\/1"}],"replies":[{"embeddable":true,"href":"https:\/\/agora.xtec.cat\/iesdecelra\/wp-json\/wp\/v2\/comments?post=11983"}],"version-history":[{"count":3,"href":"https:\/\/agora.xtec.cat\/iesdecelra\/wp-json\/wp\/v2\/posts\/11983\/revisions"}],"predecessor-version":[{"id":11987,"href":"https:\/\/agora.xtec.cat\/iesdecelra\/wp-json\/wp\/v2\/posts\/11983\/revisions\/11987"}],"wp:featuredmedia":[{"embeddable":true,"href":"https:\/\/agora.xtec.cat\/iesdecelra\/wp-json\/wp\/v2\/media\/11986"}],"wp:attachment":[{"href":"https:\/\/agora.xtec.cat\/iesdecelra\/wp-json\/wp\/v2\/media?parent=11983"}],"wp:term":[{"taxonomy":"category","embeddable":true,"href":"https:\/\/agora.xtec.cat\/iesdecelra\/wp-json\/wp\/v2\/categories?post=11983"},{"taxonomy":"post_tag","embeddable":true,"href":"https:\/\/agora.xtec.cat\/iesdecelra\/wp-json\/wp\/v2\/tags?post=11983"}],"curies":[{"name":"wp","href":"https:\/\/api.w.org\/{rel}","templated":true}]}}