{"id":11966,"date":"2025-02-12T10:19:49","date_gmt":"2025-02-12T09:19:49","guid":{"rendered":"https:\/\/agora.xtec.cat\/iesdecelra\/?p=11966"},"modified":"2025-02-13T16:21:59","modified_gmt":"2025-02-13T15:21:59","slug":"manifest-ciencies-en-perill","status":"publish","type":"post","link":"https:\/\/agora.xtec.cat\/iesdecelra\/cursos\/batxillerat\/manifest-ciencies-en-perill\/","title":{"rendered":"MANIFEST CI\u00c8NCIES EN PERILL"},"content":{"rendered":"<p>Davant els canvis de curr\u00edculum dels estudis de Batxillerat anunciats pel Departament d&#8217;Educaci\u00f3 i Formaci\u00f3 Professional en els darrers dies, el claustre de professorat de l&#8217;Institut de Celr\u00e0 ha decidit per majoria adherir-se al manifest\u00a0<a href=\"https:\/\/sites.google.com\/view\/ciencies-en-perill\/ci%C3%A8ncies-en-perill\/manifest\" target=\"_blank\" rel=\"noopener\" data-saferedirecturl=\"https:\/\/www.google.com\/url?q=https:\/\/sites.google.com\/view\/ciencies-en-perill\/ci%25C3%25A8ncies-en-perill\/manifest&amp;source=gmail&amp;ust=1739437661588000&amp;usg=AOvVaw1yPRh8aQ8a2id4dxAH2aUs\">Ci\u00e8ncies en perill<\/a>.<\/p>\n<p><a href=\"https:\/\/www.instagram.com\/cienciesenperill\/\"><img loading=\"lazy\" decoding=\"async\" class=\"aligncenter size-full wp-image-11968\" src=\"https:\/\/agora.xtec.cat\/iesdecelra\/wp-content\/uploads\/usu1789\/2025\/02\/Captura-de-Pantalla-2025-02-12-a-les-10.18.00.png\" alt=\"\" width=\"676\" height=\"673\" srcset=\"https:\/\/agora.xtec.cat\/iesdecelra\/wp-content\/uploads\/usu1789\/2025\/02\/Captura-de-Pantalla-2025-02-12-a-les-10.18.00.png 676w, https:\/\/agora.xtec.cat\/iesdecelra\/wp-content\/uploads\/usu1789\/2025\/02\/Captura-de-Pantalla-2025-02-12-a-les-10.18.00-300x300.png 300w, https:\/\/agora.xtec.cat\/iesdecelra\/wp-content\/uploads\/usu1789\/2025\/02\/Captura-de-Pantalla-2025-02-12-a-les-10.18.00-150x150.png 150w\" sizes=\"auto, (max-width: 676px) 100vw, 676px\" \/><\/a><\/p>\n","protected":false},"excerpt":{"rendered":"<p>Davant els canvis de curr\u00edculum dels estudis de Batxillerat anunciats pel Departament d&#8217;Educaci\u00f3 i Formaci\u00f3 Professional en els darrers dies, el claustre de professorat de l&#8217;Institut de Celr\u00e0 ha decidit per majoria adherir-se al manifest\u00a0<a href=\"https:\/\/sites.google.com\/view\/ciencies-en-perill\/ci%C3%A8ncies-en-perill\/manifest\" target=\"_blank\" rel=\"noopener\" data-saferedirecturl=\"https:\/\/www.google.com\/url?q=https:\/\/sites.google.com\/view\/ciencies-en-perill\/ci%25C3%25A8ncies-en-perill\/manifest&amp;source=gmail&amp;ust=1739437661588000&amp;usg=AOvVaw1yPRh8aQ8a2id4dxAH2aUs\">Ci\u00e8ncies en perill<\/a>.<br \/>\n<a href=\"https:\/\/www.instagram.com\/cienciesenperill\/\"><\/a><\/p>\n","protected":false},"author":1,"featured_media":11968,"comment_status":"open","ping_status":"closed","sticky":false,"template":"","format":"standard","meta":{"_bbp_topic_count":0,"_bbp_reply_count":0,"_bbp_total_topic_count":0,"_bbp_total_reply_count":0,"_bbp_voice_count":0,"_bbp_anonymous_reply_count":0,"_bbp_topic_count_hidden":0,"_bbp_reply_count_hidden":0,"_bbp_forum_subforum_count":0,"footnotes":""},"categories":[103,8],"tags":[115,441,370,439],"class_list":["post-11966","post","type-post","status-publish","format-standard","has-post-thumbnail","hentry","category-actualitat","category-batxillerat","tag-batxillerat","tag-cienciesenperill","tag-curs-2024-2025","tag-manifest"],"post_mailing_queue_ids":[],"_links":{"self":[{"href":"https:\/\/agora.xtec.cat\/iesdecelra\/wp-json\/wp\/v2\/posts\/11966","targetHints":{"allow":["GET"]}}],"collection":[{"href":"https:\/\/agora.xtec.cat\/iesdecelra\/wp-json\/wp\/v2\/posts"}],"about":[{"href":"https:\/\/agora.xtec.cat\/iesdecelra\/wp-json\/wp\/v2\/types\/post"}],"author":[{"embeddable":true,"href":"https:\/\/agora.xtec.cat\/iesdecelra\/wp-json\/wp\/v2\/users\/1"}],"replies":[{"embeddable":true,"href":"https:\/\/agora.xtec.cat\/iesdecelra\/wp-json\/wp\/v2\/comments?post=11966"}],"version-history":[{"count":2,"href":"https:\/\/agora.xtec.cat\/iesdecelra\/wp-json\/wp\/v2\/posts\/11966\/revisions"}],"predecessor-version":[{"id":11969,"href":"https:\/\/agora.xtec.cat\/iesdecelra\/wp-json\/wp\/v2\/posts\/11966\/revisions\/11969"}],"wp:featuredmedia":[{"embeddable":true,"href":"https:\/\/agora.xtec.cat\/iesdecelra\/wp-json\/wp\/v2\/media\/11968"}],"wp:attachment":[{"href":"https:\/\/agora.xtec.cat\/iesdecelra\/wp-json\/wp\/v2\/media?parent=11966"}],"wp:term":[{"taxonomy":"category","embeddable":true,"href":"https:\/\/agora.xtec.cat\/iesdecelra\/wp-json\/wp\/v2\/categories?post=11966"},{"taxonomy":"post_tag","embeddable":true,"href":"https:\/\/agora.xtec.cat\/iesdecelra\/wp-json\/wp\/v2\/tags?post=11966"}],"curies":[{"name":"wp","href":"https:\/\/api.w.org\/{rel}","templated":true}]}}