{"id":11918,"date":"2025-02-05T10:56:24","date_gmt":"2025-02-05T09:56:24","guid":{"rendered":"https:\/\/agora.xtec.cat\/iesdecelra\/?p=11918"},"modified":"2025-02-10T09:34:49","modified_gmt":"2025-02-10T08:34:49","slug":"diada-2024-2025-activa-la-intel%c2%b7ligencia-humana","status":"publish","type":"post","link":"https:\/\/agora.xtec.cat\/iesdecelra\/actualitat\/diada-2024-2025-activa-la-intel%c2%b7ligencia-humana\/","title":{"rendered":"DIADA 2024-2025: ACTIVA LA INTEL\u00b7LIG\u00c8NCIA HUMANA"},"content":{"rendered":"<p>El passat dimarts 28 de gener es va celebrar la Diada de l&#8217;Institut 2024-2025. Aquest any amb el lema &#8220;Activa la intel\u00b7lig\u00e8ncia humana&#8221; es van fer un seguit d&#8217;activitats on vam poder demostrar que les m\u00e0quines i la tecnologia no ens podran substituir mai del tot ja que els humans tenim una cosa insubstitu\u00efble, la capacitat de ser emp\u00e0tic, d&#8217;emocionar-nos, de ser creatius&#8230; Tot l&#8217;alumnat i professorat del centre va poder gaudir-ne molt i en fem una valoraci\u00f3 molt positiva.<\/p>\n<p>A continuaci\u00f3 us deixem un v\u00eddeo recull d&#8217;algunes de les activitats dutes a terme durant la diada. Esperem que el gaudiu!<\/p>\n<p><iframe loading=\"lazy\" title=\"Diada de l&#039;Institut 2024-2025: Activa la intel\u00b7lig\u00e8ncia humana\" width=\"500\" height=\"281\" src=\"https:\/\/www.youtube.com\/embed\/RXF-bAzYT7I?feature=oembed\" frameborder=\"0\" allow=\"accelerometer; autoplay; clipboard-write; encrypted-media; gyroscope; picture-in-picture; web-share\" referrerpolicy=\"strict-origin-when-cross-origin\" allowfullscreen><\/iframe><\/p>\n","protected":false},"excerpt":{"rendered":"<p>El passat dimarts 28 de gener es va celebrar la Diada de l&#8217;Institut 2024-2025. Aquest any amb el lema &#8220;Activa la intel\u00b7lig\u00e8ncia humana&#8221; es van fer un seguit d&#8217;activitats on vam poder demostrar que les m\u00e0quines i la tecnologia no ens podran substituir mai del&hellip;  <a href=\"https:\/\/agora.xtec.cat\/iesdecelra\/actualitat\/diada-2024-2025-activa-la-intel%c2%b7ligencia-humana\/\" title=\"Read DIADA 2024-2025: ACTIVA LA INTEL\u00b7LIG\u00c8NCIA HUMANA\">Llegeix m\u00e9s\u00bb<\/a><\/p>\n","protected":false},"author":1,"featured_media":11891,"comment_status":"open","ping_status":"closed","sticky":false,"template":"","format":"standard","meta":{"_bbp_topic_count":0,"_bbp_reply_count":0,"_bbp_total_topic_count":0,"_bbp_total_reply_count":0,"_bbp_voice_count":0,"_bbp_anonymous_reply_count":0,"_bbp_topic_count_hidden":0,"_bbp_reply_count_hidden":0,"_bbp_forum_subforum_count":0,"footnotes":""},"categories":[103],"tags":[433,169,432,58],"class_list":["post-11918","post","type-post","status-publish","format-standard","has-post-thumbnail","hentry","category-actualitat","tag-activa-la-intelligencia-humana","tag-diada","tag-diada-institut","tag-tallers"],"post_mailing_queue_ids":[],"_links":{"self":[{"href":"https:\/\/agora.xtec.cat\/iesdecelra\/wp-json\/wp\/v2\/posts\/11918","targetHints":{"allow":["GET"]}}],"collection":[{"href":"https:\/\/agora.xtec.cat\/iesdecelra\/wp-json\/wp\/v2\/posts"}],"about":[{"href":"https:\/\/agora.xtec.cat\/iesdecelra\/wp-json\/wp\/v2\/types\/post"}],"author":[{"embeddable":true,"href":"https:\/\/agora.xtec.cat\/iesdecelra\/wp-json\/wp\/v2\/users\/1"}],"replies":[{"embeddable":true,"href":"https:\/\/agora.xtec.cat\/iesdecelra\/wp-json\/wp\/v2\/comments?post=11918"}],"version-history":[{"count":6,"href":"https:\/\/agora.xtec.cat\/iesdecelra\/wp-json\/wp\/v2\/posts\/11918\/revisions"}],"predecessor-version":[{"id":11931,"href":"https:\/\/agora.xtec.cat\/iesdecelra\/wp-json\/wp\/v2\/posts\/11918\/revisions\/11931"}],"wp:featuredmedia":[{"embeddable":true,"href":"https:\/\/agora.xtec.cat\/iesdecelra\/wp-json\/wp\/v2\/media\/11891"}],"wp:attachment":[{"href":"https:\/\/agora.xtec.cat\/iesdecelra\/wp-json\/wp\/v2\/media?parent=11918"}],"wp:term":[{"taxonomy":"category","embeddable":true,"href":"https:\/\/agora.xtec.cat\/iesdecelra\/wp-json\/wp\/v2\/categories?post=11918"},{"taxonomy":"post_tag","embeddable":true,"href":"https:\/\/agora.xtec.cat\/iesdecelra\/wp-json\/wp\/v2\/tags?post=11918"}],"curies":[{"name":"wp","href":"https:\/\/api.w.org\/{rel}","templated":true}]}}