{"id":11833,"date":"2025-01-17T09:43:31","date_gmt":"2025-01-17T08:43:31","guid":{"rendered":"https:\/\/agora.xtec.cat\/iesdecelra\/?p=11833"},"modified":"2025-01-17T09:43:31","modified_gmt":"2025-01-17T08:43:31","slug":"ruta-modernista-per-barcelona","status":"publish","type":"post","link":"https:\/\/agora.xtec.cat\/iesdecelra\/cursos\/eso\/eso-4\/ruta-modernista-per-barcelona\/","title":{"rendered":"RUTA MODERNISTA PER BARCELONA"},"content":{"rendered":"<p>L&#8217;alumnat de 4t d&#8217;ESO de l&#8217;optativa de dibuix, despr\u00e9s d&#8217;estudiar el Modernisme, han anat a fer una ruta per Barcelona per poder veure en directe algunes obres emblem\u00e0tiques del moviment art\u00edstic, sobretot arquitect\u00f2nic. Caminant per l&#8217;Eixample han reconegut el museu T\u00e0pies, disseny de Dom\u00e8nech i Muntaner. Han pogut rec\u00f3rrer el passeig de Gr\u00e0cia amb una altra mirada i veure l&#8217;Illa de la disc\u00f2rdia amb obres com: la casa Batll\u00f3 (Gaud\u00ed), la casa Amatller\u00a0( Puig i Cadafalch) i la casa Lle\u00f3 Morera (Dom\u00e8nech\u00a0i Muntaner). Han trobat, entre carrerons amagats del barri vell, la taverna d&#8217;Els Quatre Gats, punt de trobada d&#8217;artistes de l&#8217;\u00e8poca com Ramon Casas i Santiago Russi\u00f1ol. S&#8217;han acostat fins a l&#8217;espectacular Palau de la M\u00fasica, de Dom\u00e8nech i Muntaner,\u00a0amb &#8220;Carmela&#8221;, l&#8217;obra de Jaume Plensa, que rep als visitants del palau. El recorregut s&#8217;ha allargat fins a la catedral de Barcelona, on tamb\u00e9 han vist &#8220;Barcino&#8221;, obra de Joan Brossa. Durant tot el cam\u00ed han trepitjat El Panot, o Flor de Barcelona, paviment dissenyat per Puig i Cadafalch per la casa Amatller i que ha acabat sent el <i>Terra de Barcelona <\/i>i el paviment hexagonal dissenyat per Gaud\u00ed i que cobreix tot el passeig de Gr\u00e0cia. La ruta ha finalitzat amb una visita guiada a la Pedrera o la casa Mil\u00e0, d&#8217;Antoni Gaud\u00ed i, amb les fant\u00e0stiques vistes de la ciutat que ofereix el seu terrat.<\/p>\n\r\n\t<div class=\"slideshow_container slideshow_container_style-light\" style=\"height: 500px; \" data-slideshow-id=\"11844\" data-style-name=\"style-light\" data-style-version=\"2.3.1\" >\r\n\r\n\t\t\t\t\t<div class=\"slideshow_loading_icon\"><\/div>\r\n\t\t\r\n\t\t<div class=\"slideshow_content\" style=\"display: none;\">\r\n\r\n\t\t\t<div class=\"slideshow_view\">\r\n\t\t\t\t<div class=\"slideshow_slide slideshow_slide_image\">\r\n\t\t\t\t\t\t\t\t\t\t\t<img src=\"https:\/\/agora.xtec.cat\/iesdecelra\/wp-content\/uploads\/usu1789\/2025\/01\/Captura-de-pantalla-2025-01-17-094045.png\" alt=\"Captura de pantalla 2025-01-17 094045\" width=\"487\" height=\"759\" \/>\r\n\t\t\t\t\t\t\t\t\t\t<div class=\"slideshow_description_box slideshow_transparent\">\r\n\t\t\t\t\t\t<div class=\"slideshow_title\">Captura de pantalla 2025-01-17 094045<\/div>\t\t\t\t\t\t\t\t\t\t\t<\/div>\r\n\t\t\t\t<\/div>\r\n\r\n\t\t\t\t\t\t<div style=\"clear: both;\"><\/div><\/div><div class=\"slideshow_view\">\r\n\t\t\t\t<div class=\"slideshow_slide slideshow_slide_image\">\r\n\t\t\t\t\t\t\t\t\t\t\t<img src=\"https:\/\/agora.xtec.cat\/iesdecelra\/wp-content\/uploads\/usu1789\/2025\/01\/Captura-de-pantalla-2025-01-17-094108.png\" alt=\"Captura de pantalla 2025-01-17 094108\" width=\"507\" height=\"672\" \/>\r\n\t\t\t\t\t\t\t\t\t\t<div class=\"slideshow_description_box slideshow_transparent\">\r\n\t\t\t\t\t\t<div class=\"slideshow_title\">Captura de pantalla 2025-01-17 094108<\/div>\t\t\t\t\t\t\t\t\t\t\t<\/div>\r\n\t\t\t\t<\/div>\r\n\r\n\t\t\t\t\t\t<div style=\"clear: both;\"><\/div><\/div><div class=\"slideshow_view\">\r\n\t\t\t\t<div class=\"slideshow_slide slideshow_slide_image\">\r\n\t\t\t\t\t\t\t\t\t\t\t<img src=\"https:\/\/agora.xtec.cat\/iesdecelra\/wp-content\/uploads\/usu1789\/2025\/01\/Captura-de-pantalla-2025-01-17-094131.png\" alt=\"Captura de pantalla 2025-01-17 094131\" width=\"501\" height=\"674\" \/>\r\n\t\t\t\t\t\t\t\t\t\t<div class=\"slideshow_description_box slideshow_transparent\">\r\n\t\t\t\t\t\t<div class=\"slideshow_title\">Captura de pantalla 2025-01-17 094131<\/div>\t\t\t\t\t\t\t\t\t\t\t<\/div>\r\n\t\t\t\t<\/div>\r\n\r\n\t\t\t\t\t\t<div style=\"clear: both;\"><\/div><\/div><div class=\"slideshow_view\">\r\n\t\t\t\t<div class=\"slideshow_slide slideshow_slide_image\">\r\n\t\t\t\t\t\t\t\t\t\t\t<img src=\"https:\/\/agora.xtec.cat\/iesdecelra\/wp-content\/uploads\/usu1789\/2025\/01\/Captura-de-pantalla-2025-01-17-094006.png\" alt=\"Captura de pantalla 2025-01-17 094006\" width=\"536\" height=\"630\" \/>\r\n\t\t\t\t\t\t\t\t\t\t<div class=\"slideshow_description_box slideshow_transparent\">\r\n\t\t\t\t\t\t<div class=\"slideshow_title\">Captura de pantalla 2025-01-17 094006<\/div>\t\t\t\t\t\t\t\t\t\t\t<\/div>\r\n\t\t\t\t<\/div>\r\n\r\n\t\t\t\t\t\t<div style=\"clear: both;\"><\/div><\/div>\r\n\t\t<\/div>\r\n\r\n\t\t<div class=\"slideshow_controlPanel slideshow_transparent\" style=\"display: none;\"><ul><li class=\"slideshow_togglePlay\" data-play-text=\"Visualitza\" data-pause-text=\"Pausa\"><\/li><\/ul><\/div>\r\n\r\n\t\t<div class=\"slideshow_button slideshow_previous slideshow_transparent\" role=\"button\" data-previous-text=\"Anterior\" style=\"display: none;\"><\/div>\r\n\t\t<div class=\"slideshow_button slideshow_next slideshow_transparent\" role=\"button\" data-next-text=\"Seg\u00fcent\" style=\"display: none;\"><\/div>\r\n\r\n\t\t<div class=\"slideshow_pagination\" style=\"display: none;\" data-go-to-text=\"V\u00e9s a la diapositiva\"><div class=\"slideshow_pagination_center\"><\/div><\/div>\r\n\r\n\t\t<!-- WordPress Slideshow Version 2.3.1 -->\r\n\r\n\t\t\t<\/div>\r\n\r\n\n<p>Enlla\u00e7 a la <a href=\"https:\/\/drive.google.com\/drive\/folders\/1YMqD7uDPl15ruR2DnWU1v6gibVUqn_ga?usp=drive_link\">carpeta de fotografies<\/a><\/p>\n","protected":false},"excerpt":{"rendered":"<p>L&#8217;alumnat de 4t d&#8217;ESO de l&#8217;optativa de dibuix, despr\u00e9s d&#8217;estudiar el Modernisme, han anat a fer una ruta per Barcelona per poder veure en directe algunes obres emblem\u00e0tiques del moviment art\u00edstic, sobretot arquitect\u00f2nic. Caminant per l&#8217;Eixample han reconegut el museu T\u00e0pies, disseny de Dom\u00e8nech i&hellip;  <a href=\"https:\/\/agora.xtec.cat\/iesdecelra\/cursos\/eso\/eso-4\/ruta-modernista-per-barcelona\/\" title=\"Read RUTA MODERNISTA PER BARCELONA\">Llegeix m\u00e9s\u00bb<\/a><\/p>\n","protected":false},"author":1,"featured_media":11841,"comment_status":"open","ping_status":"closed","sticky":false,"template":"","format":"standard","meta":{"_bbp_topic_count":0,"_bbp_reply_count":0,"_bbp_total_topic_count":0,"_bbp_total_reply_count":0,"_bbp_voice_count":0,"_bbp_anonymous_reply_count":0,"_bbp_topic_count_hidden":0,"_bbp_reply_count_hidden":0,"_bbp_forum_subforum_count":0,"footnotes":""},"categories":[103,7],"tags":[127,418,420,419,377,417],"class_list":["post-11833","post","type-post","status-publish","format-standard","has-post-thumbnail","hentry","category-actualitat","category-eso-4","tag-4t-deso","tag-barcelona","tag-dibuix","tag-modernisme","tag-optativa","tag-ruta-modernista"],"post_mailing_queue_ids":[],"_links":{"self":[{"href":"https:\/\/agora.xtec.cat\/iesdecelra\/wp-json\/wp\/v2\/posts\/11833","targetHints":{"allow":["GET"]}}],"collection":[{"href":"https:\/\/agora.xtec.cat\/iesdecelra\/wp-json\/wp\/v2\/posts"}],"about":[{"href":"https:\/\/agora.xtec.cat\/iesdecelra\/wp-json\/wp\/v2\/types\/post"}],"author":[{"embeddable":true,"href":"https:\/\/agora.xtec.cat\/iesdecelra\/wp-json\/wp\/v2\/users\/1"}],"replies":[{"embeddable":true,"href":"https:\/\/agora.xtec.cat\/iesdecelra\/wp-json\/wp\/v2\/comments?post=11833"}],"version-history":[{"count":4,"href":"https:\/\/agora.xtec.cat\/iesdecelra\/wp-json\/wp\/v2\/posts\/11833\/revisions"}],"predecessor-version":[{"id":11849,"href":"https:\/\/agora.xtec.cat\/iesdecelra\/wp-json\/wp\/v2\/posts\/11833\/revisions\/11849"}],"wp:featuredmedia":[{"embeddable":true,"href":"https:\/\/agora.xtec.cat\/iesdecelra\/wp-json\/wp\/v2\/media\/11841"}],"wp:attachment":[{"href":"https:\/\/agora.xtec.cat\/iesdecelra\/wp-json\/wp\/v2\/media?parent=11833"}],"wp:term":[{"taxonomy":"category","embeddable":true,"href":"https:\/\/agora.xtec.cat\/iesdecelra\/wp-json\/wp\/v2\/categories?post=11833"},{"taxonomy":"post_tag","embeddable":true,"href":"https:\/\/agora.xtec.cat\/iesdecelra\/wp-json\/wp\/v2\/tags?post=11833"}],"curies":[{"name":"wp","href":"https:\/\/api.w.org\/{rel}","templated":true}]}}