{"id":11694,"date":"2024-12-12T09:37:24","date_gmt":"2024-12-12T08:37:24","guid":{"rendered":"https:\/\/agora.xtec.cat\/iesdecelra\/?p=11694"},"modified":"2024-12-12T09:38:20","modified_gmt":"2024-12-12T08:38:20","slug":"parada-de-nadal-de-la-cooperativa","status":"publish","type":"post","link":"https:\/\/agora.xtec.cat\/iesdecelra\/cursos\/eso\/eso-4\/parada-de-nadal-de-la-cooperativa\/","title":{"rendered":"PRESENTACI\u00d3 I PARADA DE NADAL DE LA COOPERATIVA DE 4T"},"content":{"rendered":"<p>Divendres 13 de desembre al segon pati tindr\u00e0 lloc la presentaci\u00f3 de la cooperativa creada pels alumnes de 4tA a l&#8217;aula polivalent.<\/p>\n<p>Tamb\u00e9 us informem que el pr\u00f2xim dilluns 16, al segon pati, trobareu a l&#8217;entrada de l&#8217;institut la primera parada de la Cooperativa 460 on podreu comprar diferents productes molts d&#8217;ells de caire nadalenc.<\/p>\n<p>Us hi esperem!!<\/p>\n<p><img loading=\"lazy\" decoding=\"async\" class=\"aligncenter wp-image-11696\" src=\"https:\/\/agora.xtec.cat\/iesdecelra\/wp-content\/uploads\/usu1789\/2024\/12\/Captura-de-pantalla-2024-12-11-094239.png\" alt=\"\" width=\"561\" height=\"725\" srcset=\"https:\/\/agora.xtec.cat\/iesdecelra\/wp-content\/uploads\/usu1789\/2024\/12\/Captura-de-pantalla-2024-12-11-094239.png 682w, https:\/\/agora.xtec.cat\/iesdecelra\/wp-content\/uploads\/usu1789\/2024\/12\/Captura-de-pantalla-2024-12-11-094239-232x300.png 232w\" sizes=\"auto, (max-width: 561px) 100vw, 561px\" \/><\/p>\n<p>&nbsp;<\/p>\n<p>&nbsp;<\/p>\n<p>&nbsp;<\/p>\n","protected":false},"excerpt":{"rendered":"<p>Divendres 13 de desembre al segon pati tindr\u00e0 lloc la presentaci\u00f3 de la cooperativa creada pels alumnes de 4tA a l&#8217;aula polivalent.<br \/>\nTamb\u00e9 us informem que el pr\u00f2xim dilluns 16, al segon pati, trobareu a l&#8217;entrada de l&#8217;institut la primera parada de la Cooperativa 460 on&hellip;  <a href=\"https:\/\/agora.xtec.cat\/iesdecelra\/cursos\/eso\/eso-4\/parada-de-nadal-de-la-cooperativa\/\" title=\"Read PRESENTACI\u00d3 I PARADA DE NADAL DE LA COOPERATIVA DE 4T\">Llegeix m\u00e9s\u00bb<\/a><\/p>\n","protected":false},"author":1,"featured_media":11696,"comment_status":"open","ping_status":"closed","sticky":false,"template":"","format":"standard","meta":{"_bbp_topic_count":0,"_bbp_reply_count":0,"_bbp_total_topic_count":0,"_bbp_total_reply_count":0,"_bbp_voice_count":0,"_bbp_anonymous_reply_count":0,"_bbp_topic_count_hidden":0,"_bbp_reply_count_hidden":0,"_bbp_forum_subforum_count":0,"footnotes":""},"categories":[103,347,7],"tags":[222,179,370,362],"class_list":["post-11694","post","type-post","status-publish","format-standard","has-post-thumbnail","hentry","category-actualitat","category-cooperativa","category-eso-4","tag-4ta","tag-cooperativa","tag-curs-2024-2025","tag-nadal"],"post_mailing_queue_ids":[],"_links":{"self":[{"href":"https:\/\/agora.xtec.cat\/iesdecelra\/wp-json\/wp\/v2\/posts\/11694","targetHints":{"allow":["GET"]}}],"collection":[{"href":"https:\/\/agora.xtec.cat\/iesdecelra\/wp-json\/wp\/v2\/posts"}],"about":[{"href":"https:\/\/agora.xtec.cat\/iesdecelra\/wp-json\/wp\/v2\/types\/post"}],"author":[{"embeddable":true,"href":"https:\/\/agora.xtec.cat\/iesdecelra\/wp-json\/wp\/v2\/users\/1"}],"replies":[{"embeddable":true,"href":"https:\/\/agora.xtec.cat\/iesdecelra\/wp-json\/wp\/v2\/comments?post=11694"}],"version-history":[{"count":5,"href":"https:\/\/agora.xtec.cat\/iesdecelra\/wp-json\/wp\/v2\/posts\/11694\/revisions"}],"predecessor-version":[{"id":11715,"href":"https:\/\/agora.xtec.cat\/iesdecelra\/wp-json\/wp\/v2\/posts\/11694\/revisions\/11715"}],"wp:featuredmedia":[{"embeddable":true,"href":"https:\/\/agora.xtec.cat\/iesdecelra\/wp-json\/wp\/v2\/media\/11696"}],"wp:attachment":[{"href":"https:\/\/agora.xtec.cat\/iesdecelra\/wp-json\/wp\/v2\/media?parent=11694"}],"wp:term":[{"taxonomy":"category","embeddable":true,"href":"https:\/\/agora.xtec.cat\/iesdecelra\/wp-json\/wp\/v2\/categories?post=11694"},{"taxonomy":"post_tag","embeddable":true,"href":"https:\/\/agora.xtec.cat\/iesdecelra\/wp-json\/wp\/v2\/tags?post=11694"}],"curies":[{"name":"wp","href":"https:\/\/api.w.org\/{rel}","templated":true}]}}