{"id":11656,"date":"2024-12-05T09:36:53","date_gmt":"2024-12-05T08:36:53","guid":{"rendered":"https:\/\/agora.xtec.cat\/iesdecelra\/?p=11656"},"modified":"2024-12-05T09:55:15","modified_gmt":"2024-12-05T08:55:15","slug":"participa-a-la-recollida-daliments-pel-gran-recapte","status":"publish","type":"post","link":"https:\/\/agora.xtec.cat\/iesdecelra\/cursos\/eso\/eso-4\/participa-a-la-recollida-daliments-pel-gran-recapte\/","title":{"rendered":"PARTICIPA A LA RECOLLIDA D&#8217;ALIMENTS PEL GRAN RECAPTE"},"content":{"rendered":"<p dir=\"ltr\">Com ja \u00e9s tradici\u00f3, l\u2019alumnat de 4t A des de la mat\u00e8ria de Cultura i valors organitza la campanya de recollida d\u2019aliments pel Gran recapte d&#8217;aliments a l\u2019institut.\u00a0 Aquest any amb L&#8217;esl\u00f2gan \u201cAlimenta el que importa\u201d, volem sensibilitzar de la gran ajuda que suposa aquesta campanya per combatre la pobresa aliment\u00e0ria i col\u00b7laborar amb el banc dels aliments.<\/p>\n<p dir=\"ltr\">Us animem a tots a fer les vostres aportacions de productes de primera necessitat (llet, oli, arr\u00f2s, pasta, llegums, conserves de carn i peix, cereals,\u2026) del 2 al 13 de desembre al punt de recollida situat a l\u2019entrada de l\u2019institut.<img loading=\"lazy\" decoding=\"async\" class=\"aligncenter size-full wp-image-11668\" src=\"https:\/\/agora.xtec.cat\/iesdecelra\/wp-content\/uploads\/usu1789\/2024\/12\/Captura-de-pantalla-2024-12-04-184053.png\" alt=\"\" width=\"538\" height=\"707\" srcset=\"https:\/\/agora.xtec.cat\/iesdecelra\/wp-content\/uploads\/usu1789\/2024\/12\/Captura-de-pantalla-2024-12-04-184053.png 538w, https:\/\/agora.xtec.cat\/iesdecelra\/wp-content\/uploads\/usu1789\/2024\/12\/Captura-de-pantalla-2024-12-04-184053-228x300.png 228w\" sizes=\"auto, (max-width: 538px) 100vw, 538px\" \/><\/p>\n<p dir=\"ltr\">I a continuaci\u00f3 us deixem la falca publicit\u00e0ria que sonar\u00e0 aquests dies per la megafonia del centre. Animeu-vos, i no oblideu aportar el vostre granet de sorra a aquesta gran iniciativa!<\/p>\n<!--[if lt IE 9]><script>document.createElement('audio');<\/script><![endif]-->\n<audio class=\"wp-audio-shortcode\" id=\"audio-11656-1\" preload=\"none\" style=\"width: 100%;\" controls=\"controls\"><source type=\"audio\/mpeg\" src=\"https:\/\/agora.xtec.cat\/iesdecelra\/wp-content\/uploads\/usu1789\/2024\/12\/Gran-recapte-daliments-2024.mp3?_=1\" \/><a href=\"https:\/\/agora.xtec.cat\/iesdecelra\/wp-content\/uploads\/usu1789\/2024\/12\/Gran-recapte-daliments-2024.mp3\">https:\/\/agora.xtec.cat\/iesdecelra\/wp-content\/uploads\/usu1789\/2024\/12\/Gran-recapte-daliments-2024.mp3<\/a><\/audio>\n","protected":false},"excerpt":{"rendered":"<p>Com ja \u00e9s tradici\u00f3, l\u2019alumnat de 4t A des de la mat\u00e8ria de Cultura i valors organitza la campanya de recollida d\u2019aliments pel Gran recapte d&#8217;aliments a l\u2019institut.\u00a0 Aquest any amb L&#8217;esl\u00f2gan \u201cAlimenta el que importa\u201d, volem sensibilitzar de la gran ajuda que suposa aquesta&hellip;  <a href=\"https:\/\/agora.xtec.cat\/iesdecelra\/cursos\/eso\/eso-4\/participa-a-la-recollida-daliments-pel-gran-recapte\/\" title=\"Read PARTICIPA A LA RECOLLIDA D&#8217;ALIMENTS PEL GRAN RECAPTE\">Llegeix m\u00e9s\u00bb<\/a><\/p>\n","protected":false},"author":1,"featured_media":7336,"comment_status":"open","ping_status":"closed","sticky":false,"template":"","format":"standard","meta":{"_bbp_topic_count":0,"_bbp_reply_count":0,"_bbp_total_topic_count":0,"_bbp_total_reply_count":0,"_bbp_voice_count":0,"_bbp_anonymous_reply_count":0,"_bbp_topic_count_hidden":0,"_bbp_reply_count_hidden":0,"_bbp_forum_subforum_count":0,"footnotes":""},"categories":[103,7],"tags":[370,149],"class_list":["post-11656","post","type-post","status-publish","format-standard","has-post-thumbnail","hentry","category-actualitat","category-eso-4","tag-curs-2024-2025","tag-gran-recapte"],"post_mailing_queue_ids":[],"_links":{"self":[{"href":"https:\/\/agora.xtec.cat\/iesdecelra\/wp-json\/wp\/v2\/posts\/11656","targetHints":{"allow":["GET"]}}],"collection":[{"href":"https:\/\/agora.xtec.cat\/iesdecelra\/wp-json\/wp\/v2\/posts"}],"about":[{"href":"https:\/\/agora.xtec.cat\/iesdecelra\/wp-json\/wp\/v2\/types\/post"}],"author":[{"embeddable":true,"href":"https:\/\/agora.xtec.cat\/iesdecelra\/wp-json\/wp\/v2\/users\/1"}],"replies":[{"embeddable":true,"href":"https:\/\/agora.xtec.cat\/iesdecelra\/wp-json\/wp\/v2\/comments?post=11656"}],"version-history":[{"count":6,"href":"https:\/\/agora.xtec.cat\/iesdecelra\/wp-json\/wp\/v2\/posts\/11656\/revisions"}],"predecessor-version":[{"id":11669,"href":"https:\/\/agora.xtec.cat\/iesdecelra\/wp-json\/wp\/v2\/posts\/11656\/revisions\/11669"}],"wp:featuredmedia":[{"embeddable":true,"href":"https:\/\/agora.xtec.cat\/iesdecelra\/wp-json\/wp\/v2\/media\/7336"}],"wp:attachment":[{"href":"https:\/\/agora.xtec.cat\/iesdecelra\/wp-json\/wp\/v2\/media?parent=11656"}],"wp:term":[{"taxonomy":"category","embeddable":true,"href":"https:\/\/agora.xtec.cat\/iesdecelra\/wp-json\/wp\/v2\/categories?post=11656"},{"taxonomy":"post_tag","embeddable":true,"href":"https:\/\/agora.xtec.cat\/iesdecelra\/wp-json\/wp\/v2\/tags?post=11656"}],"curies":[{"name":"wp","href":"https:\/\/api.w.org\/{rel}","templated":true}]}}