{"id":11627,"date":"2024-12-01T12:45:55","date_gmt":"2024-12-01T11:45:55","guid":{"rendered":"https:\/\/agora.xtec.cat\/iesdecelra\/?p=11627"},"modified":"2024-12-02T09:13:53","modified_gmt":"2024-12-02T08:13:53","slug":"xerrades-a-batxillerat-sc24","status":"publish","type":"post","link":"https:\/\/agora.xtec.cat\/iesdecelra\/cursos\/batxillerat\/xerrades-a-batxillerat-sc24\/","title":{"rendered":"XERRADES A BATXILLERAT SC24"},"content":{"rendered":"<p><span style=\"font-family: inherit; font-size: 1em;\">Aquest any s&#8217;han fet dues xerrades pels alumnes de batxillerat.\u00a0<\/span><\/p>\n<div>\n<p>Sota el t\u00edtol: &#8220;De Tales a la Lluna i m\u00e9s enll\u00e0&#8221;, tots els alumnes de primer van poder fer un rep\u00e0s de com s&#8217;han mesurat les dist\u00e0ncies entre diferents astres al llarg dels temps; aquesta xerrada \u00e9s\u00a0molt interessant per tenir una\u00a0visi\u00f3 hol\u00edstica, ja que barreja coneixements hist\u00f2rics, filos\u00f2fics, cient\u00edfics i matem\u00e0tics.<\/p>\n<div><\/div>\n<div><img loading=\"lazy\" decoding=\"async\" class=\"aligncenter wp-image-11633\" src=\"https:\/\/agora.xtec.cat\/iesdecelra\/wp-content\/uploads\/usu1789\/2024\/12\/Xerrada1.png\" alt=\"\" width=\"785\" height=\"430\" srcset=\"https:\/\/agora.xtec.cat\/iesdecelra\/wp-content\/uploads\/usu1789\/2024\/12\/Xerrada1.png 1239w, https:\/\/agora.xtec.cat\/iesdecelra\/wp-content\/uploads\/usu1789\/2024\/12\/Xerrada1-300x164.png 300w, https:\/\/agora.xtec.cat\/iesdecelra\/wp-content\/uploads\/usu1789\/2024\/12\/Xerrada1-1024x560.png 1024w, https:\/\/agora.xtec.cat\/iesdecelra\/wp-content\/uploads\/usu1789\/2024\/12\/Xerrada1-768x420.png 768w\" sizes=\"auto, (max-width: 785px) 100vw, 785px\" \/><\/div>\n<div><img decoding=\"async\" class=\"aligncenter size-full wp-image-11631\" src=\"https:\/\/agora.xtec.cat\/iesdecelra\/wp-content\/uploads\/usu1789\/2024\/12\/IMG_1265.heic\" alt=\"\" \/><\/div>\n<div><img decoding=\"async\" class=\"aligncenter size-full wp-image-11631\" src=\"https:\/\/agora.xtec.cat\/iesdecelra\/wp-content\/uploads\/usu1789\/2024\/12\/IMG_1265.heic\" alt=\"\" \/><\/div>\n<div><a href=\"https:\/\/agora.xtec.cat\/iesdecelra\/wp-content\/uploads\/usu1789\/2024\/12\/IMG_1265.heic\"><img decoding=\"async\" class=\"aligncenter size-full wp-image-11631\" src=\"https:\/\/agora.xtec.cat\/iesdecelra\/wp-content\/uploads\/usu1789\/2024\/12\/IMG_1265.heic\" alt=\"\" \/><\/a><\/div>\n<p>&nbsp;<\/p>\n<\/div>\n<p>Els alumnes de segon de batxillerat en canvi, van gaudir aprenent i repassant conceptes relacionats amb formes geom\u00e8triques, optimitzaci\u00f3, derivades&#8230; La seva xerrada s&#8217;anomenava: &#8220;Geometria amb bombolles de sab\u00f3&#8221; i al final van poder fer-ne alguna tot traient el nen que sempre portem a dins.<\/p>\n<div><\/div>\n<div><img loading=\"lazy\" decoding=\"async\" class=\"aligncenter wp-image-11634\" src=\"https:\/\/agora.xtec.cat\/iesdecelra\/wp-content\/uploads\/usu1789\/2024\/12\/PHOTO-2024-11-29-14-01-26-11.jpg\" alt=\"\" width=\"444\" height=\"333\" srcset=\"https:\/\/agora.xtec.cat\/iesdecelra\/wp-content\/uploads\/usu1789\/2024\/12\/PHOTO-2024-11-29-14-01-26-11.jpg 1600w, https:\/\/agora.xtec.cat\/iesdecelra\/wp-content\/uploads\/usu1789\/2024\/12\/PHOTO-2024-11-29-14-01-26-11-300x225.jpg 300w, https:\/\/agora.xtec.cat\/iesdecelra\/wp-content\/uploads\/usu1789\/2024\/12\/PHOTO-2024-11-29-14-01-26-11-1024x768.jpg 1024w, https:\/\/agora.xtec.cat\/iesdecelra\/wp-content\/uploads\/usu1789\/2024\/12\/PHOTO-2024-11-29-14-01-26-11-768x576.jpg 768w, https:\/\/agora.xtec.cat\/iesdecelra\/wp-content\/uploads\/usu1789\/2024\/12\/PHOTO-2024-11-29-14-01-26-11-1536x1152.jpg 1536w, https:\/\/agora.xtec.cat\/iesdecelra\/wp-content\/uploads\/usu1789\/2024\/12\/PHOTO-2024-11-29-14-01-26-11-200x150.jpg 200w\" sizes=\"auto, (max-width: 444px) 100vw, 444px\" \/><\/div>\n<div><\/div>\n<p>Totes dues xerrades les ha impartit en Quim Tarradas, que a m\u00e9s de ser professor de matem\u00e0tiques al nostre institut \u00e9s vicepresident del Museu de Matem\u00e0tiques de Catalunya, MMACA, i combina la doc\u00e8ncia amb la divulgaci\u00f3 matem\u00e0tica.<\/p>\n<p>Moltes gr\u00e0cies Quim per deixar-te conv\u00e8ncer i fer-nos aquestes xerrades tan interessants. L&#8217;any que ve volem que hi tornis!<\/p>\n<div class=\"yj6qo\"><\/div>\n<div class=\"adL\"><\/div>\n<p>&nbsp;<\/p>\n","protected":false},"excerpt":{"rendered":"<p>Aquest any s&#8217;han fet dues xerrades pels alumnes de batxillerat.\u00a0<\/p>\n<p>Sota el t\u00edtol: &#8220;De Tales a la Lluna i m\u00e9s enll\u00e0&#8221;, tots els alumnes de primer van poder fer un rep\u00e0s de com s&#8217;han mesurat les dist\u00e0ncies entre diferents astres al llarg dels temps; aquesta xerrada&hellip;  <a href=\"https:\/\/agora.xtec.cat\/iesdecelra\/cursos\/batxillerat\/xerrades-a-batxillerat-sc24\/\" title=\"Read XERRADES A BATXILLERAT SC24\">Llegeix m\u00e9s\u00bb<\/a><\/p>\n","protected":false},"author":1,"featured_media":11533,"comment_status":"open","ping_status":"closed","sticky":false,"template":"","format":"standard","meta":{"_bbp_topic_count":0,"_bbp_reply_count":0,"_bbp_total_topic_count":0,"_bbp_total_reply_count":0,"_bbp_voice_count":0,"_bbp_anonymous_reply_count":0,"_bbp_topic_count_hidden":0,"_bbp_reply_count_hidden":0,"_bbp_forum_subforum_count":0,"footnotes":""},"categories":[103,8],"tags":[370,208,144],"class_list":["post-11627","post","type-post","status-publish","format-standard","has-post-thumbnail","hentry","category-actualitat","category-batxillerat","tag-curs-2024-2025","tag-departament-de-matematiques","tag-setmana-de-la-ciencia"],"post_mailing_queue_ids":[],"_links":{"self":[{"href":"https:\/\/agora.xtec.cat\/iesdecelra\/wp-json\/wp\/v2\/posts\/11627","targetHints":{"allow":["GET"]}}],"collection":[{"href":"https:\/\/agora.xtec.cat\/iesdecelra\/wp-json\/wp\/v2\/posts"}],"about":[{"href":"https:\/\/agora.xtec.cat\/iesdecelra\/wp-json\/wp\/v2\/types\/post"}],"author":[{"embeddable":true,"href":"https:\/\/agora.xtec.cat\/iesdecelra\/wp-json\/wp\/v2\/users\/1"}],"replies":[{"embeddable":true,"href":"https:\/\/agora.xtec.cat\/iesdecelra\/wp-json\/wp\/v2\/comments?post=11627"}],"version-history":[{"count":6,"href":"https:\/\/agora.xtec.cat\/iesdecelra\/wp-json\/wp\/v2\/posts\/11627\/revisions"}],"predecessor-version":[{"id":11637,"href":"https:\/\/agora.xtec.cat\/iesdecelra\/wp-json\/wp\/v2\/posts\/11627\/revisions\/11637"}],"wp:featuredmedia":[{"embeddable":true,"href":"https:\/\/agora.xtec.cat\/iesdecelra\/wp-json\/wp\/v2\/media\/11533"}],"wp:attachment":[{"href":"https:\/\/agora.xtec.cat\/iesdecelra\/wp-json\/wp\/v2\/media?parent=11627"}],"wp:term":[{"taxonomy":"category","embeddable":true,"href":"https:\/\/agora.xtec.cat\/iesdecelra\/wp-json\/wp\/v2\/categories?post=11627"},{"taxonomy":"post_tag","embeddable":true,"href":"https:\/\/agora.xtec.cat\/iesdecelra\/wp-json\/wp\/v2\/tags?post=11627"}],"curies":[{"name":"wp","href":"https:\/\/api.w.org\/{rel}","templated":true}]}}