{"id":11593,"date":"2024-11-25T15:36:24","date_gmt":"2024-11-25T14:36:24","guid":{"rendered":"https:\/\/agora.xtec.cat\/iesdecelra\/?p=11593"},"modified":"2024-11-27T09:58:53","modified_gmt":"2024-11-27T08:58:53","slug":"25n","status":"publish","type":"post","link":"https:\/\/agora.xtec.cat\/iesdecelra\/actualitat\/25n\/","title":{"rendered":"25N A L&#8217;INSTITUT DE CELR\u00c0"},"content":{"rendered":"<p>Amb motiu del 25N, Dia Internacional per a l&#8217;Eliminaci\u00f3 de la Viol\u00e8ncia envers les Dones, hem fet un seguit d&#8217;actuacions, entre elles posar a diposici\u00f3 textos sobre el tema al dispensari literari del vest\u00edbul i un mural col\u00b7laboratiu al vest\u00edbul. Ja sabeu que podeu agafar textos del dispensari lliurement i compartir-lo amb qui vulgueu.\u00a0La literatura tamb\u00e9 ajuda a curar aquesta xacra social.<\/p>\n<p><img loading=\"lazy\" decoding=\"async\" class=\"size-full wp-image-11594 alignnone\" src=\"https:\/\/agora.xtec.cat\/iesdecelra\/wp-content\/uploads\/usu1789\/2024\/11\/ma.jpeg\" alt=\"\" width=\"335\" height=\"296\" srcset=\"https:\/\/agora.xtec.cat\/iesdecelra\/wp-content\/uploads\/usu1789\/2024\/11\/ma.jpeg 335w, https:\/\/agora.xtec.cat\/iesdecelra\/wp-content\/uploads\/usu1789\/2024\/11\/ma-300x265.jpeg 300w\" sizes=\"auto, (max-width: 335px) 100vw, 335px\" \/><img loading=\"lazy\" decoding=\"async\" class=\"wp-image-11616 alignnone\" src=\"https:\/\/agora.xtec.cat\/iesdecelra\/wp-content\/uploads\/usu1789\/2024\/11\/IMG_4996-scaled.jpg\" alt=\"\" width=\"467\" height=\"350\" srcset=\"https:\/\/agora.xtec.cat\/iesdecelra\/wp-content\/uploads\/usu1789\/2024\/11\/IMG_4996-scaled.jpg 2560w, https:\/\/agora.xtec.cat\/iesdecelra\/wp-content\/uploads\/usu1789\/2024\/11\/IMG_4996-300x225.jpg 300w, https:\/\/agora.xtec.cat\/iesdecelra\/wp-content\/uploads\/usu1789\/2024\/11\/IMG_4996-1024x768.jpg 1024w, https:\/\/agora.xtec.cat\/iesdecelra\/wp-content\/uploads\/usu1789\/2024\/11\/IMG_4996-768x576.jpg 768w, https:\/\/agora.xtec.cat\/iesdecelra\/wp-content\/uploads\/usu1789\/2024\/11\/IMG_4996-1536x1152.jpg 1536w, https:\/\/agora.xtec.cat\/iesdecelra\/wp-content\/uploads\/usu1789\/2024\/11\/IMG_4996-2048x1536.jpg 2048w, https:\/\/agora.xtec.cat\/iesdecelra\/wp-content\/uploads\/usu1789\/2024\/11\/IMG_4996-200x150.jpg 200w\" sizes=\"auto, (max-width: 467px) 100vw, 467px\" \/><\/p>\n","protected":false},"excerpt":{"rendered":"<p>Amb motiu del 25N, Dia Internacional per a l&#8217;Eliminaci\u00f3 de la Viol\u00e8ncia envers les Dones, hem fet un seguit d&#8217;actuacions, entre elles posar a diposici\u00f3 textos sobre el tema al dispensari literari del vest\u00edbul i un mural col\u00b7laboratiu al vest\u00edbul. Ja sabeu que podeu agafar&hellip;  <a href=\"https:\/\/agora.xtec.cat\/iesdecelra\/actualitat\/25n\/\" title=\"Read 25N A L&#8217;INSTITUT DE CELR\u00c0\">Llegeix m\u00e9s\u00bb<\/a><\/p>\n","protected":false},"author":1,"featured_media":11594,"comment_status":"open","ping_status":"closed","sticky":false,"template":"","format":"standard","meta":{"_bbp_topic_count":0,"_bbp_reply_count":0,"_bbp_total_topic_count":0,"_bbp_total_reply_count":0,"_bbp_voice_count":0,"_bbp_anonymous_reply_count":0,"_bbp_topic_count_hidden":0,"_bbp_reply_count_hidden":0,"_bbp_forum_subforum_count":0,"footnotes":""},"categories":[103],"tags":[370,282],"class_list":["post-11593","post","type-post","status-publish","format-standard","has-post-thumbnail","hentry","category-actualitat","tag-curs-2024-2025","tag-departament-de-llengua-castellana"],"post_mailing_queue_ids":[],"_links":{"self":[{"href":"https:\/\/agora.xtec.cat\/iesdecelra\/wp-json\/wp\/v2\/posts\/11593","targetHints":{"allow":["GET"]}}],"collection":[{"href":"https:\/\/agora.xtec.cat\/iesdecelra\/wp-json\/wp\/v2\/posts"}],"about":[{"href":"https:\/\/agora.xtec.cat\/iesdecelra\/wp-json\/wp\/v2\/types\/post"}],"author":[{"embeddable":true,"href":"https:\/\/agora.xtec.cat\/iesdecelra\/wp-json\/wp\/v2\/users\/1"}],"replies":[{"embeddable":true,"href":"https:\/\/agora.xtec.cat\/iesdecelra\/wp-json\/wp\/v2\/comments?post=11593"}],"version-history":[{"count":5,"href":"https:\/\/agora.xtec.cat\/iesdecelra\/wp-json\/wp\/v2\/posts\/11593\/revisions"}],"predecessor-version":[{"id":11618,"href":"https:\/\/agora.xtec.cat\/iesdecelra\/wp-json\/wp\/v2\/posts\/11593\/revisions\/11618"}],"wp:featuredmedia":[{"embeddable":true,"href":"https:\/\/agora.xtec.cat\/iesdecelra\/wp-json\/wp\/v2\/media\/11594"}],"wp:attachment":[{"href":"https:\/\/agora.xtec.cat\/iesdecelra\/wp-json\/wp\/v2\/media?parent=11593"}],"wp:term":[{"taxonomy":"category","embeddable":true,"href":"https:\/\/agora.xtec.cat\/iesdecelra\/wp-json\/wp\/v2\/categories?post=11593"},{"taxonomy":"post_tag","embeddable":true,"href":"https:\/\/agora.xtec.cat\/iesdecelra\/wp-json\/wp\/v2\/tags?post=11593"}],"curies":[{"name":"wp","href":"https:\/\/api.w.org\/{rel}","templated":true}]}}